{"id":1130,"date":"2025-01-21T16:16:37","date_gmt":"2025-01-21T19:16:37","guid":{"rendered":"https:\/\/solved.eco.br\/intranet\/?p=1130"},"modified":"2025-04-10T03:00:26","modified_gmt":"2025-04-10T06:00:26","slug":"evento-organizado-por-cert-br-e-anpd-discute-a-importancia-da-seguranca-para-a-protecao-de-dados","status":"publish","type":"post","link":"https:\/\/solved.eco.br\/intranet\/evento-organizado-por-cert-br-e-anpd-discute-a-importancia-da-seguranca-para-a-protecao-de-dados\/","title":{"rendered":"Evento organizado por CERT.br e ANPD discute a import\u00e2ncia da seguran\u00e7a para a prote\u00e7\u00e3o de dados"},"content":{"rendered":"\n<p><em>Encontro, que acontece em 28 de janeiro, na capital paulista, \u00e9 uma celebra\u00e7\u00e3o ao Dia Internacional da Prote\u00e7\u00e3o da Dados; inscri\u00e7\u00f5es s\u00e3o gratuitas<\/em><\/p>\n\n\n\n<figure class=\"wp-block-image size-full is-resized\"><img decoding=\"async\" src=\"https:\/\/solved.eco.br\/intranet\/wp-content\/uploads\/2025\/01\/hq720.jpg\" alt=\"\" class=\"wp-image-1132\" style=\"width:840px;height:auto\"\/><\/figure>\n\n\n\n<p>O Centro de Estudos, Resposta e Tratamento de Incidentes de Seguran\u00e7a no Brasil (CERT.br), do N\u00facleo de Informa\u00e7\u00e3o e Coordena\u00e7\u00e3o do Ponto BR (NIC.br), e a Autoridade Nacional de Prote\u00e7\u00e3o de Dados (ANPD) se unem para realizar o evento &#8220;<a href=\"https:\/\/protecaodedados.nic.br\/\" target=\"_blank\" rel=\"noreferrer noopener\">Import\u00e2ncia da Seguran\u00e7a para a Prote\u00e7\u00e3o de Dados<\/a>&#8220;, que acontece na ter\u00e7a-feira (28\/01), em S\u00e3o Paulo (SP). A iniciativa \u00e9 referente ao Dia Internacional da Prote\u00e7\u00e3o de Dados, institu\u00eddo em 2006 pelo Conselho da Europa como forma de conscientizar a popula\u00e7\u00e3o sobre a relev\u00e2ncia do tema. Dividido em quatro pain\u00e9is, o encontro discutir\u00e1: direitos dos titulares dos dados, desafios para pequenas e microempresas, incidentes de seguran\u00e7a e tecnologias emergentes. Os debates ser\u00e3o transmitidos ao vivo pelo canal do NIC.br, no YouTube. Interessados poder\u00e3o se inscrever gratuitamente, no&nbsp;<em>site<\/em>&nbsp;do evento, para a modalidade&nbsp;<em>online<\/em>.<\/p>\n\n\n\n<p>\u201cCom o avan\u00e7o das tecnologias digitais, os dados v\u00eam assumindo papel cada vez mais central na sociedade, tornando-se um recurso com grande valor econ\u00f4mico e estrat\u00e9gico. Esse contexto refor\u00e7a a necessidade de proteg\u00ea-los e. como no caso das informa\u00e7\u00f5es pessoais, trat\u00e1-las como um direito fundamental do cidad\u00e3o. A ado\u00e7\u00e3o das melhores pr\u00e1ticas de seguran\u00e7a \u00e9 essencial para evitar que esse ativo fique vulner\u00e1vel \u00e0s amea\u00e7as do ambiente&nbsp;<em>online<\/em>. Al\u00e9m de promover conscientiza\u00e7\u00e3o, o encontro \u00e9 uma forma de enfatizar a import\u00e2ncia de manter o constante debate sobre a quest\u00e3o\u201d, explica Cristine Hoepers, gerente-geral do CERT.br\/NIC.br.<\/p>\n\n\n\n<p>No mesmo tom, o Diretor-Presidente da ANPD, Waldemar Goncalves Ortunho J\u00fanior, considera que, diante do contexto digital e globalizado atual, manter um di\u00e1logo aberto e constante sobre quest\u00f5es de seguran\u00e7a das informa\u00e7\u00f5es \u00e9 fundamental para a dissemina\u00e7\u00e3o da cultura de prote\u00e7\u00e3o de dados. \u201cAl\u00e9m disso, \u00e9 importante mencionar que a Intelig\u00eancia Artificial est\u00e1 proporcionando uma grande transforma\u00e7\u00e3o na tecnologia digital, incluindo a prote\u00e7\u00e3o de dados pessoais e privacidade. Assim, o evento &#8216;Import\u00e2ncia da Seguran\u00e7a para a Prote\u00e7\u00e3o de Dados&#8217; visa promover a prote\u00e7\u00e3o de dados pessoais tanto para os indiv\u00edduos quanto para as organiza\u00e7\u00f5es respons\u00e1veis pelo seu tratamento\u201d, afirma.<\/p>\n\n\n\n<p>O evento ser\u00e1 realizado na sede do NIC.br, das 9h \u00e0s 16h30, e contar\u00e1 com a presen\u00e7a de Demi Getschko, Diretor-Presidente do NIC.br, e do Diretor-Presidente da ANPD na mesa de abertura. Cristine Hoepers, gerente-geral do CERT.br\/NIC.br; Rodrigo Santana dos Santos, Coordenador-Geral de Normatiza\u00e7\u00e3o na ANPD; Isabella Henriques, diretora-executiva do Instituto Alana; Geraldo Pimenta dos Reis Neto, Encarregado de Dados Pessoais no Sebrae Nacional; Percival Henriques de Souza Neto, Conselheiro do&nbsp;CGI.br; Everson Probst, S\u00f3cio de Seguran\u00e7a Cibern\u00e9tica na Grant Thornton; Andr\u00e9 Borges, Diretor de Seguran\u00e7a da V.tal, e Gladstone Moises Arantes Junior, Especialista em Blockchain no Banco Nacional de Desenvolvimento Econ\u00f4mico e Social (BNDES), s\u00e3o alguns dos painelistas confirmados.<\/p>\n\n\n\n<p>A programa\u00e7\u00e3o completa est\u00e1 dispon\u00edvel no<em>&nbsp;site<\/em>&nbsp;<a href=\"https:\/\/protecaodedados.nic.br\/\" target=\"_blank\" rel=\"noreferrer noopener\">https:\/\/protecaodedados.nic.br\/<\/a>.<\/p>\n\n\n\n<p>O encontro \u201cImport\u00e2ncia da Seguran\u00e7a para a Prote\u00e7\u00e3o de Dados\u201d \u00e9 mais uma iniciativa do&nbsp;<a href=\"https:\/\/nic.br\/noticia\/releases\/para-fortalecer-cultura-de-protecao-de-dados-no-pais-nic-br-e-anpd-firmam-acordo-de-cooperacao\/\">Acordo de Coopera\u00e7\u00e3o entre o NIC.br e a ANPD<\/a>, autarquia de natureza especial vinculada ao Minist\u00e9rio da Justi\u00e7a e Seguran\u00e7a P\u00fablica, respons\u00e1vel por zelar pelo direito constitucional da prote\u00e7\u00e3o dos dados pessoais, e o \u00f3rg\u00e3o central de interpreta\u00e7\u00e3o da Lei Geral de Prote\u00e7\u00e3o de Dados Pessoais (LGPD). A parceria, estabelecida em 2021, vem promovendo o interc\u00e2mbio de conhecimento, al\u00e9m de a\u00e7\u00f5es para fomentar a cultura de prote\u00e7\u00e3o de dados e a seguran\u00e7a da informa\u00e7\u00e3o no pa\u00eds.<\/p>\n\n\n\n<h3 class=\"wp-block-heading\"><strong>Anote na agenda<\/strong><\/h3>\n\n\n\n<p><strong>Evento:<\/strong>&nbsp;<strong>&#8220;Import\u00e2ncia da Seguran\u00e7a para Prote\u00e7\u00e3o de Dados&#8221;, em celebra\u00e7\u00e3o ao Dia Internacional de Prote\u00e7\u00e3o de Dados<br>Data:<\/strong>&nbsp;28 de janeiro, ter\u00e7a-feira<br><strong>Hor\u00e1rio:<\/strong>&nbsp;Das 9h \u00e0s 16h30<br><strong>Local:<\/strong>&nbsp;Audit\u00f3rio do edif\u00edcio Bolsa de Im\u00f3veis, sede do NIC.br \u2013 Av. das Na\u00e7\u00f5es Unidas, 11541 &#8211; Cidade Mon\u00e7\u00f5es, S\u00e3o Paulo \u2013 SP<br><strong>Inscri\u00e7\u00f5es:<\/strong>&nbsp;<a href=\"https:\/\/protecaodedados.nic.br\/\" target=\"_blank\" rel=\"noreferrer noopener\">https:\/\/protecaodedados.nic.br\/<\/a><br><strong>Transmiss\u00e3o&nbsp;<em>online<\/em>:<\/strong>&nbsp;<a href=\"https:\/\/www.youtube.com\/nicbrvideos\">https:\/\/www.youtube.com\/nicbrvideos<\/a><\/p>\n\n\n\n<p><strong>Sobre o CERT.br<br><\/strong>O Centro de Estudos, Resposta e Tratamento de Incidentes de Seguran\u00e7a no Brasil \u00e9 um Grupo de Resposta a Incidentes de Seguran\u00e7a (CSIRT) de responsabilidade nacional de \u00faltimo recurso, mantido pelo NIC.br. Sua miss\u00e3o \u00e9 aumentar os n\u00edveis de seguran\u00e7a e de capacidade de tratamento de incidentes das redes conectadas \u00e0 Internet no Pa\u00eds. Para atingir esse objetivo, al\u00e9m de atividades de tratamento a incidentes, o Centro tamb\u00e9m investe na conscientiza\u00e7\u00e3o sobre os problemas de seguran\u00e7a, no aux\u00edlio ao estabelecimento de novos CSIRTs no Brasil e no aumento da consci\u00eancia situacional sobre amea\u00e7as na Internet, sempre respaldados por uma forte integra\u00e7\u00e3o estabelecida com as comunidades nacional e internacional de CSIRTs. Mais informa\u00e7\u00f5es em&nbsp;<a href=\"https:\/\/cert.br\/\">https:\/\/cert.br\/<\/a>.<\/p>\n\n\n\n<p><strong>Sobre o N\u00facleo de Informa\u00e7\u00e3o e Coordena\u00e7\u00e3o do Ponto BR \u2013 NIC.br<br><\/strong>O N\u00facleo de Informa\u00e7\u00e3o e Coordena\u00e7\u00e3o do Ponto BR \u2014 NIC.br (<a href=\"https:\/\/nic.br\/\">https:\/\/nic.br\/<\/a>) \u00e9 uma entidade civil de direito privado e sem fins de lucro, encarregada da opera\u00e7\u00e3o do dom\u00ednio .br, bem como da distribui\u00e7\u00e3o de n\u00fameros IP e do registro de Sistemas Aut\u00f4nomos no Pa\u00eds. O NIC.br implementa as decis\u00f5es e projetos do Comit\u00ea Gestor da Internet no Brasil &#8211; CGI.br desde 2005, e todos os recursos arrecadados prov\u00eam de suas atividades que s\u00e3o de natureza eminentemente privada. Conduz a\u00e7\u00f5es e projetos que trazem benef\u00edcios \u00e0 infraestrutura da Internet no Brasil. Do NIC.br fazem parte:&nbsp; Registro.br (<a href=\"https:\/\/registro.br\/\">https:\/\/registro.br<\/a>\/), CERT.br (<a href=\"https:\/\/cert.br\/\">https:\/\/cert.br\/<\/a>), Ceptro.br (<a href=\"https:\/\/ceptro.br\/\">https:\/\/ceptro.br\/<\/a>), Cetic.br (<a href=\"https:\/\/cetic.br\/\">https:\/\/cetic.br\/<\/a>), IX.br (<a href=\"https:\/\/ix.br\/\">https:\/\/ix.br\/<\/a>) e Ceweb.br (<a href=\"https:\/\/ceweb.br\/\">https:\/\/ceweb.br<\/a>\/), al\u00e9m de projetos como Internetsegura.br (<a href=\"https:\/\/internetsegura.br\/\">https:\/\/internetsegura.br<\/a>\/) e Portal de Boas Pr\u00e1ticas para Internet no Brasil (<a href=\"https:\/\/bcp.nic.br\/\">https:\/\/bcp.nic.br\/<\/a>). Abriga ainda o escrit\u00f3rio do W3C Chapter S\u00e3o Paulo (<a href=\"https:\/\/w3c.br\/\">https:\/\/w3c.br\/<\/a>).<\/p>\n\n\n\n<p><strong>Sobre o Comit\u00ea Gestor da Internet no Brasil \u2013 CGI.br<br><\/strong>O&nbsp;Comit\u00ea Gestor da Internet no Brasil, respons\u00e1vel por estabelecer diretrizes estrat\u00e9gicas relacionadas ao uso e desenvolvimento da Internet no Brasil, coordena e integra todas as iniciativas de servi\u00e7os Internet no Pa\u00eds, promovendo a qualidade t\u00e9cnica, a inova\u00e7\u00e3o e a dissemina\u00e7\u00e3o dos servi\u00e7os ofertados. Com base nos princ\u00edpios do multissetorialismo e transpar\u00eancia, o CGI.br representa um modelo de governan\u00e7a da Internet democr\u00e1tico, elogiado internacionalmente, em que todos os setores da sociedade s\u00e3o part\u00edcipes de forma equ\u00e2nime de suas decis\u00f5es. Uma de suas formula\u00e7\u00f5es s\u00e3o os 10 Princ\u00edpios para a Governan\u00e7a e Uso da Internet (<a href=\"https:\/\/cgi.br\/resolucoes\/documento\/2009\/003\">https:\/\/cgi.br\/resolucoes\/documento\/2009\/003<\/a>). Mais informa\u00e7\u00f5es em&nbsp;<a href=\"https:\/\/cgi.br\/\">https:\/\/cgi.br\/<\/a>.<\/p>\n\n\n\n<p><strong><a href=\"https:\/\/nic.br\/noticia\/releases\/evento-organizado-por-cert-br-e-anpd-discute-a-importancia-da-seguranca-para-a-protecao-de-dados\/\">(Fonte: NIC.br)<\/a><\/strong><\/p>\n","protected":false},"excerpt":{"rendered":"<p>Encontro, que acontece em 28 de janeiro, na capital paulista, \u00e9 uma celebra\u00e7\u00e3o ao Dia Internacional da Prote\u00e7\u00e3o da Dados; inscri\u00e7\u00f5es s\u00e3o gratuitas O Centro de Estudos, Resposta e Tratamento de Incidentes de Seguran\u00e7a no Brasil (CERT.br), do N\u00facleo de Informa\u00e7\u00e3o e Coordena\u00e7\u00e3o do Ponto BR (NIC.br), e a Autoridade Nacional de Prote\u00e7\u00e3o de Dados [&hellip;]<\/p>\n","protected":false},"author":1,"featured_media":1132,"comment_status":"open","ping_status":"open","sticky":false,"template":"","format":"standard","meta":{"inline_featured_image":false,"footnotes":""},"categories":[15,23,11],"tags":[],"class_list":["post-1130","post","type-post","status-publish","format-standard","has-post-thumbnail","hentry","category-educacao-e-formacao","category-inovacao-e-tecnologia","category-noticias"],"_links":{"self":[{"href":"https:\/\/solved.eco.br\/intranet\/wp-json\/wp\/v2\/posts\/1130","targetHints":{"allow":["GET"]}}],"collection":[{"href":"https:\/\/solved.eco.br\/intranet\/wp-json\/wp\/v2\/posts"}],"about":[{"href":"https:\/\/solved.eco.br\/intranet\/wp-json\/wp\/v2\/types\/post"}],"author":[{"embeddable":true,"href":"https:\/\/solved.eco.br\/intranet\/wp-json\/wp\/v2\/users\/1"}],"replies":[{"embeddable":true,"href":"https:\/\/solved.eco.br\/intranet\/wp-json\/wp\/v2\/comments?post=1130"}],"version-history":[{"count":3,"href":"https:\/\/solved.eco.br\/intranet\/wp-json\/wp\/v2\/posts\/1130\/revisions"}],"predecessor-version":[{"id":1232,"href":"https:\/\/solved.eco.br\/intranet\/wp-json\/wp\/v2\/posts\/1130\/revisions\/1232"}],"wp:featuredmedia":[{"embeddable":true,"href":"https:\/\/solved.eco.br\/intranet\/wp-json\/wp\/v2\/media\/1132"}],"wp:attachment":[{"href":"https:\/\/solved.eco.br\/intranet\/wp-json\/wp\/v2\/media?parent=1130"}],"wp:term":[{"taxonomy":"category","embeddable":true,"href":"https:\/\/solved.eco.br\/intranet\/wp-json\/wp\/v2\/categories?post=1130"},{"taxonomy":"post_tag","embeddable":true,"href":"https:\/\/solved.eco.br\/intranet\/wp-json\/wp\/v2\/tags?post=1130"}],"curies":[{"name":"wp","href":"https:\/\/api.w.org\/{rel}","templated":true}]}}