{"id":1137,"date":"2025-02-04T18:01:04","date_gmt":"2025-02-04T21:01:04","guid":{"rendered":"https:\/\/solved.eco.br\/intranet\/?p=1137"},"modified":"2025-04-10T03:03:44","modified_gmt":"2025-04-10T06:03:44","slug":"iniciativas-ligadas-a-sociobioeconomia-da-amazonia-terao-apoio-em-territorios-paraenses","status":"publish","type":"post","link":"https:\/\/solved.eco.br\/intranet\/iniciativas-ligadas-a-sociobioeconomia-da-amazonia-terao-apoio-em-territorios-paraenses\/","title":{"rendered":"Iniciativas ligadas \u00e0 sociobioeconomia da Amaz\u00f4nia ter\u00e3o apoio em territ\u00f3rios paraenses"},"content":{"rendered":"\n<p><em>Novos editais do Floresta+ Amaz\u00f4nia oferecem mentoria a empreendedores, startups, empreendimentos comunit\u00e1rios, micro e pequenas empresas.<\/em><\/p>\n\n\n\n<figure class=\"wp-block-image size-full\"><img fetchpriority=\"high\" decoding=\"async\" width=\"924\" height=\"616\" src=\"http:\/\/solved.eco.br\/intranet\/wp-content\/uploads\/2025\/02\/produtos_da_biodiversidade_da_amazonia.webp\" alt=\"\" class=\"wp-image-1138\" srcset=\"https:\/\/solved.eco.br\/intranet\/wp-content\/uploads\/2025\/02\/produtos_da_biodiversidade_da_amazonia.webp 924w, https:\/\/solved.eco.br\/intranet\/wp-content\/uploads\/2025\/02\/produtos_da_biodiversidade_da_amazonia-300x200.webp 300w, https:\/\/solved.eco.br\/intranet\/wp-content\/uploads\/2025\/02\/produtos_da_biodiversidade_da_amazonia-768x512.webp 768w\" sizes=\"(max-width: 924px) 100vw, 924px\" \/><\/figure>\n\n\n\n<p>Empreendedores, startups, empreendimentos comunit\u00e1rios, micro e pequenas empresas de 18 munic\u00edpios das regi\u00f5es do Baixo Amazonas e M\u00e9dio Xingu, no Par\u00e1, ter\u00e3o oportunidades de participar de programas de fomento \u00e0s suas atividades. As iniciativas atender\u00e3o desde neg\u00f3cios informais em fase inicial&nbsp;at\u00e9 empresas e empreendimentos comunit\u00e1rios de micro e pequeno porte que buscam entrar ou se consolidar no mercado. At\u00e9 30 de janeiro, estar\u00e3o abertos tr\u00eas editais vinculados ao&nbsp;<strong>Projeto Floresta+ Amaz\u00f4nia<\/strong>, no \u00e2mbito da Modalidade Inova\u00e7\u00e3o, que preveem mentorias, conex\u00e3o com o ecossistema de inova\u00e7\u00e3o, capacita\u00e7\u00f5es, encontro com investidores e acompanhamento coletivo e individual aos projetos selecionados. O Projeto Floresta+ Amaz\u00f4nia \u00e9 uma iniciativa de coopera\u00e7\u00e3o internacional do Governo brasileiro, por meio do Minist\u00e9rio do Meio Ambiente e Mudan\u00e7a do Clima (MMA), em parceria com o Programa das Na\u00e7\u00f5es Unidas para o Desenvolvimento (PNUD) e financiado do Fundo Verde para o Clima (GCF).&nbsp;&nbsp;<\/p>\n\n\n\n<p>Os empreendedores interessados devem acessar os editais para conferir a categoria, o territ\u00f3rio de abrang\u00eancia e os crit\u00e9rios de participa\u00e7\u00e3o. Para os tr\u00eas programas, as solu\u00e7\u00f5es inovadoras devem contemplar \u00e1reas tem\u00e1ticas como pesca, extrativismo, manejo florestal comunit\u00e1rio, turismo, artesanato, produ\u00e7\u00e3o de produtos fitoter\u00e1picos, cultura, sistemas agr\u00edcolas tradicionais (SATs) e sistemas agropastoris.<\/p>\n\n\n\n<p>O Edital do Programa de&nbsp;<a href=\"https:\/\/aceleracao.florestamaisamazonia.org.br\/\" target=\"_blank\" rel=\"noreferrer noopener\">Acelera\u00e7\u00e3o<\/a>&nbsp;\u00e9 voltado a startups e micro e pequenas empresas com sede ou que atuem nos munic\u00edpios de Santar\u00e9m, Belterra, Prainha, Curu\u00e1, Alenquer, \u00d3bidos, Monte Alegre, Oriximin\u00e1 e Almeirim.&nbsp;<\/p>\n\n\n\n<p>O Edital do Programa de&nbsp;<a href=\"https:\/\/drive.google.com\/file\/d\/16Hu5LGcB10WvmFAVxCTuGxi-E0-gDGk3\/view\" target=\"_blank\" rel=\"noreferrer noopener\">Origina\u00e7\u00e3o<\/a>&nbsp;\u00e9 voltado para identifica\u00e7\u00e3o, apoio e desenvolvimento de projetos em est\u00e1gio de inicial, idealizado por pessoa f\u00edsica ou empreendimento comunit\u00e1rio, que ainda est\u00e3o saindo do papel e que busquem solu\u00e7\u00f5es para desafios socioambientais. J\u00e1 o edital do Programa de&nbsp;<a href=\"https:\/\/incubacao.florestamaisamazonia.org.br\/\" target=\"_blank\" rel=\"noreferrer noopener\">Incuba\u00e7\u00e3o<\/a>&nbsp;visa atender neg\u00f3cios comunit\u00e1rios e startups de bioeconomia que estejam em est\u00e1gio inicial ou intermedi\u00e1rio de desenvolvimento dos neg\u00f3cios, em que o prot\u00f3tipo j\u00e1 est\u00e1 desenvolvido e precisam de suporte metodol\u00f3gico para acessar o mercado. Nestes dois editais, o territ\u00f3rio foco s\u00e3o os munic\u00edpios de Altamira, Brasil Novo, Medicil\u00e2ndia, Vit\u00f3ria do Xingu, Uruar\u00e1, Placas, Anapu, Porto de Moz e Senador Jos\u00e9 Porf\u00edrio.&nbsp;<\/p>\n\n\n\n<p>Tamb\u00e9m ter\u00e3o prioridade empreendimentos que valorizem a lideran\u00e7a e participa\u00e7\u00e3o feminina, m\u00e3es-solo, pessoas com defici\u00eancia (PCDs), diversidade dos territ\u00f3rios, ra\u00e7a\/etnia e g\u00eanero. Al\u00e9m dos crit\u00e9rios de inclus\u00e3o, os neg\u00f3cios selecionados precisam mostrar impacto e potencial de inova\u00e7\u00e3o no mercado em que ir\u00e3o atuar.&nbsp; &nbsp;As atividades ser\u00e3o conduzidas por um per\u00edodo de seis meses pelas empresas especializadas Neo Ventures (Programa de Origina\u00e7\u00e3o) e Sementes Neg\u00f3cios (Programas de Incuba\u00e7\u00e3o e de Acelera\u00e7\u00e3o). &nbsp;<\/p>\n\n\n\n<p><strong>Para conhecer os editais completos e realizar a inscri\u00e7\u00e3o acesse:\u00a0\u00a0<a href=\"https:\/\/www.florestamaisamazonia.org.br\/novo\/editais\/inovacao\/\" target=\"_blank\" rel=\"noreferrer noopener\">https:\/\/www.florestamaisamazonia.org.br\/novo\/editais\/inovacao\/<\/a>\u00a0<\/strong><br><br>Os interessados tamb\u00e9m podem enviar mensagens para os e-mails de acordo com a modalidade que estejam mais interessados:\u00a0<a href=\"mailto:incubacao@florestamaisamazonia.org.br\">incubacao@florestamaisamazonia.org.br<\/a>,\u00a0<a href=\"mailto:aceleracao@florestamaisamazonia.org.br\">aceleracao@florestamaisamazonia.org.br<\/a>\u00a0e\u00a0<a href=\"mailto:originacao@florestamaisamazonia.org.br\">originacao@florestamaisamazonia.org.br<\/a>. \u00c9 poss\u00edvel tamb\u00e9m acompanhar as lives e plant\u00f5es tira-d\u00favidas acessando o calend\u00e1rio no site do projeto.\u00a0<\/p>\n\n\n\n<p><a href=\"https:\/\/www.undp.org\/pt\/brazil\/news\/iniciativas-ligadas-sociobioeconomia-da-amazonia-terao-apoio-em-territorios-paraenses\" data-type=\"link\" data-id=\"https:\/\/www.undp.org\/pt\/brazil\/news\/iniciativas-ligadas-sociobioeconomia-da-amazonia-terao-apoio-em-territorios-paraenses\">(Fonte: PNUD)<\/a><\/p>\n\n\n\n<p><\/p>\n","protected":false},"excerpt":{"rendered":"<p>Novos editais do Floresta+ Amaz\u00f4nia oferecem mentoria a empreendedores, startups, empreendimentos comunit\u00e1rios, micro e pequenas empresas. Empreendedores, startups, empreendimentos comunit\u00e1rios, micro e pequenas empresas de 18 munic\u00edpios das regi\u00f5es do Baixo Amazonas e M\u00e9dio Xingu, no Par\u00e1, ter\u00e3o oportunidades de participar de programas de fomento \u00e0s suas atividades. As iniciativas atender\u00e3o desde neg\u00f3cios informais em [&hellip;]<\/p>\n","protected":false},"author":1,"featured_media":1138,"comment_status":"open","ping_status":"open","sticky":false,"template":"","format":"standard","meta":{"inline_featured_image":false,"footnotes":""},"categories":[17,13,11],"tags":[],"class_list":["post-1137","post","type-post","status-publish","format-standard","has-post-thumbnail","hentry","category-bioeconomia-e-conservacao","category-editais-e-oportunidades","category-noticias"],"_links":{"self":[{"href":"https:\/\/solved.eco.br\/intranet\/wp-json\/wp\/v2\/posts\/1137","targetHints":{"allow":["GET"]}}],"collection":[{"href":"https:\/\/solved.eco.br\/intranet\/wp-json\/wp\/v2\/posts"}],"about":[{"href":"https:\/\/solved.eco.br\/intranet\/wp-json\/wp\/v2\/types\/post"}],"author":[{"embeddable":true,"href":"https:\/\/solved.eco.br\/intranet\/wp-json\/wp\/v2\/users\/1"}],"replies":[{"embeddable":true,"href":"https:\/\/solved.eco.br\/intranet\/wp-json\/wp\/v2\/comments?post=1137"}],"version-history":[{"count":7,"href":"https:\/\/solved.eco.br\/intranet\/wp-json\/wp\/v2\/posts\/1137\/revisions"}],"predecessor-version":[{"id":1231,"href":"https:\/\/solved.eco.br\/intranet\/wp-json\/wp\/v2\/posts\/1137\/revisions\/1231"}],"wp:featuredmedia":[{"embeddable":true,"href":"https:\/\/solved.eco.br\/intranet\/wp-json\/wp\/v2\/media\/1138"}],"wp:attachment":[{"href":"https:\/\/solved.eco.br\/intranet\/wp-json\/wp\/v2\/media?parent=1137"}],"wp:term":[{"taxonomy":"category","embeddable":true,"href":"https:\/\/solved.eco.br\/intranet\/wp-json\/wp\/v2\/categories?post=1137"},{"taxonomy":"post_tag","embeddable":true,"href":"https:\/\/solved.eco.br\/intranet\/wp-json\/wp\/v2\/tags?post=1137"}],"curies":[{"name":"wp","href":"https:\/\/api.w.org\/{rel}","templated":true}]}}