{"id":1147,"date":"2025-02-11T15:27:47","date_gmt":"2025-02-11T18:27:47","guid":{"rendered":"https:\/\/solved.eco.br\/intranet\/?p=1147"},"modified":"2025-04-10T03:04:46","modified_gmt":"2025-04-10T06:04:46","slug":"ministerio-do-meio-ambiente-e-mudanca-do-clima-mma-realiza-pesquisa-para-aprimoramento-dos-programas-de-controle-de-qualidade-do-ar-no-brasil","status":"publish","type":"post","link":"https:\/\/solved.eco.br\/intranet\/ministerio-do-meio-ambiente-e-mudanca-do-clima-mma-realiza-pesquisa-para-aprimoramento-dos-programas-de-controle-de-qualidade-do-ar-no-brasil\/","title":{"rendered":"Minist\u00e9rio do Meio Ambiente e Mudan\u00e7a do Clima realiza pesquisa para aprimoramento dos programas de controle de qualidade do ar no Brasil"},"content":{"rendered":"\n<p><em>Contribui\u00e7\u00f5es p\u00fablicas para o aperfei\u00e7oamento dos Programas de Qualidade do Ar no Brasil<\/em>.<\/p>\n\n\n\n<figure class=\"wp-block-image size-large is-resized\"><img fetchpriority=\"high\" decoding=\"async\" width=\"1024\" height=\"684\" src=\"http:\/\/solved.eco.br\/intranet\/wp-content\/uploads\/2025\/02\/qualidade_do_ar-2048x1367-1-1024x684.webp\" alt=\"\" class=\"wp-image-1150\" style=\"width:810px;height:auto\" srcset=\"https:\/\/solved.eco.br\/intranet\/wp-content\/uploads\/2025\/02\/qualidade_do_ar-2048x1367-1-1024x684.webp 1024w, https:\/\/solved.eco.br\/intranet\/wp-content\/uploads\/2025\/02\/qualidade_do_ar-2048x1367-1-300x200.webp 300w, https:\/\/solved.eco.br\/intranet\/wp-content\/uploads\/2025\/02\/qualidade_do_ar-2048x1367-1-768x513.webp 768w, https:\/\/solved.eco.br\/intranet\/wp-content\/uploads\/2025\/02\/qualidade_do_ar-2048x1367-1-1536x1025.webp 1536w, https:\/\/solved.eco.br\/intranet\/wp-content\/uploads\/2025\/02\/qualidade_do_ar-2048x1367-1.webp 1920w\" sizes=\"(max-width: 1024px) 100vw, 1024px\" \/><\/figure>\n\n\n\n<p><strong>\u00d3rg\u00e3o<\/strong>:&nbsp;Minist\u00e9rio do Meio Ambiente e Mudan\u00e7a do Clima<\/p>\n\n\n\n<p><strong>Setor<\/strong>:&nbsp;MMA &#8211; Secretaria de Meio Ambiente Urbano e Qualidade Ambiental<\/p>\n\n\n\n<p><strong>Abertura<\/strong>:&nbsp;28\/01\/2025<\/p>\n\n\n\n<p><strong>Encerramento<\/strong>:&nbsp;14\/03\/2025<\/p>\n\n\n\n<p>O Minist\u00e9rio do Meio Ambiente e Mudan\u00e7a do Clima (MMA) e o Instituto Brasileiro do Meio Ambiente e dos Recursos Naturais Renov\u00e1veis (Ibama) t\u00eam a satisfa\u00e7\u00e3o de convid\u00e1-lo(a) a participar da tomada de subs\u00eddios sobre o aprimoramento dos programas de controle de qualidade do ar no Brasil.<\/p>\n\n\n\n<p>O MMA e o Ibama v\u00eam adotando uma s\u00e9rie de medidas para aprimorar o monitoramento e a gest\u00e3o da qualidade do ar no Brasil. Diante disso, esta tomada de subs\u00eddios tem o objetivo de coletar percep\u00e7\u00f5es e sugest\u00f5es da sociedade sobre a qualidade do ar em diferentes regi\u00f5es do Brasil. As contribui\u00e7\u00f5es ser\u00e3o analisadas para subsidiar melhorias nas pol\u00edticas e a\u00e7\u00f5es voltadas \u00e0 qualidade do ar.<\/p>\n\n\n\n<p>O formul\u00e1rio visa coletar subs\u00eddios para os seguintes eixos:<\/p>\n\n\n\n<ul class=\"wp-block-list\">\n<li>Percep\u00e7\u00e3o sobre a qualidade do ar;<\/li>\n\n\n\n<li>Fontes de polui\u00e7\u00e3o do ar;<\/li>\n\n\n\n<li>Epis\u00f3dios cr\u00edticos de polui\u00e7\u00e3o do ar e medidas para enfrent\u00e1-los.<\/li>\n<\/ul>\n\n\n\n<p><strong>Entre no link para responder o formul\u00e1rio do Participa + Brasil: <\/strong><a href=\"https:\/\/www.gov.br\/participamaisbrasil\/contribuicoes-para-o-aperfeicoamento-dos-programas-de-qualidade-do-ar-no-brasil\">https:\/\/www.gov.br\/participamaisbrasil\/contribuicoes-para-o-aperfeicoamento-dos-programas-de-qualidade-do-ar-no-brasil<\/a><\/p>\n\n\n\n<p><a href=\"https:\/\/www.gov.br\/participamaisbrasil\/contribuicoes-para-o-aperfeicoamento-dos-programas-de-qualidade-do-ar-no-brasil\" data-type=\"link\" data-id=\"https:\/\/www.gov.br\/participamaisbrasil\/contribuicoes-para-o-aperfeicoamento-dos-programas-de-qualidade-do-ar-no-brasil\">(Fonte: Gov.br)<\/a><\/p>\n\n\n\n<p><\/p>\n","protected":false},"excerpt":{"rendered":"<p>Contribui\u00e7\u00f5es p\u00fablicas para o aperfei\u00e7oamento dos Programas de Qualidade do Ar no Brasil. \u00d3rg\u00e3o:&nbsp;Minist\u00e9rio do Meio Ambiente e Mudan\u00e7a do Clima Setor:&nbsp;MMA &#8211; Secretaria de Meio Ambiente Urbano e Qualidade Ambiental Abertura:&nbsp;28\/01\/2025 Encerramento:&nbsp;14\/03\/2025 O Minist\u00e9rio do Meio Ambiente e Mudan\u00e7a do Clima (MMA) e o Instituto Brasileiro do Meio Ambiente e dos Recursos Naturais Renov\u00e1veis [&hellip;]<\/p>\n","protected":false},"author":1,"featured_media":1150,"comment_status":"open","ping_status":"open","sticky":false,"template":"","format":"standard","meta":{"inline_featured_image":false,"footnotes":""},"categories":[17,11],"tags":[],"class_list":["post-1147","post","type-post","status-publish","format-standard","has-post-thumbnail","hentry","category-bioeconomia-e-conservacao","category-noticias"],"_links":{"self":[{"href":"https:\/\/solved.eco.br\/intranet\/wp-json\/wp\/v2\/posts\/1147","targetHints":{"allow":["GET"]}}],"collection":[{"href":"https:\/\/solved.eco.br\/intranet\/wp-json\/wp\/v2\/posts"}],"about":[{"href":"https:\/\/solved.eco.br\/intranet\/wp-json\/wp\/v2\/types\/post"}],"author":[{"embeddable":true,"href":"https:\/\/solved.eco.br\/intranet\/wp-json\/wp\/v2\/users\/1"}],"replies":[{"embeddable":true,"href":"https:\/\/solved.eco.br\/intranet\/wp-json\/wp\/v2\/comments?post=1147"}],"version-history":[{"count":4,"href":"https:\/\/solved.eco.br\/intranet\/wp-json\/wp\/v2\/posts\/1147\/revisions"}],"predecessor-version":[{"id":1230,"href":"https:\/\/solved.eco.br\/intranet\/wp-json\/wp\/v2\/posts\/1147\/revisions\/1230"}],"wp:featuredmedia":[{"embeddable":true,"href":"https:\/\/solved.eco.br\/intranet\/wp-json\/wp\/v2\/media\/1150"}],"wp:attachment":[{"href":"https:\/\/solved.eco.br\/intranet\/wp-json\/wp\/v2\/media?parent=1147"}],"wp:term":[{"taxonomy":"category","embeddable":true,"href":"https:\/\/solved.eco.br\/intranet\/wp-json\/wp\/v2\/categories?post=1147"},{"taxonomy":"post_tag","embeddable":true,"href":"https:\/\/solved.eco.br\/intranet\/wp-json\/wp\/v2\/tags?post=1147"}],"curies":[{"name":"wp","href":"https:\/\/api.w.org\/{rel}","templated":true}]}}