{"id":1155,"date":"2025-02-12T14:05:37","date_gmt":"2025-02-12T17:05:37","guid":{"rendered":"https:\/\/solved.eco.br\/intranet\/?p=1155"},"modified":"2025-04-10T03:05:09","modified_gmt":"2025-04-10T06:05:09","slug":"conexao-povos-da-floresta-amplia-alcance-e-conecta-1-400-comunidades-na-amazonia-legal","status":"publish","type":"post","link":"https:\/\/solved.eco.br\/intranet\/conexao-povos-da-floresta-amplia-alcance-e-conecta-1-400-comunidades-na-amazonia-legal\/","title":{"rendered":"Conex\u00e3o Povos da Floresta amplia alcance e conecta 1.400 comunidades na Amaz\u00f4nia Legal"},"content":{"rendered":"\n<p><em>Iniciativa em rede j\u00e1 beneficiou mais de 120 mil pessoas em comunidades ind\u00edgenas, ribeirinhas e quilombolas<\/em>.<\/p>\n\n\n\n<figure class=\"wp-block-image size-large is-resized\"><img decoding=\"async\" src=\"https:\/\/solved.eco.br\/intranet\/wp-content\/uploads\/2025\/02\/Imagem-do-WhatsApp-de-2025-01-29-as-09.54.58_2ec8c391.jpeg-1024x768.jpg\" alt=\"\" class=\"wp-image-1156\" style=\"width:820px;height:auto\"\/><\/figure>\n\n\n\n<p><em>A Comunidade Quilombola Rio Preto, em Mateiros (TO) \u00e9 a comunidade de n\u00famero 1.400 conectada pelo projeto Conex\u00e3o Povos da Floresta.<\/em><\/p>\n\n\n\n<p>O projeto <strong>Conex\u00e3o Povos da Floresta<\/strong>, iniciativa em rede liderada pelas organiza\u00e7\u00f5es de base Coordena\u00e7\u00e3o Nacional de Articula\u00e7\u00e3o das Comunidades Negras Rurais Quilombolas (Conaq), Coordena\u00e7\u00e3o das Organiza\u00e7\u00f5es Ind\u00edgenas da Amaz\u00f4nia Brasileira (Coiab) e Conselho Nacional das Popula\u00e7\u00f5es Extrativistas (CNS), chegou a um novo marco esta semana, com 1.400 comunidades ind\u00edgenas, quilombolas, extrativistas e ribeirinhas conectadas ao longo da Amaz\u00f4nia Legal.<\/p>\n\n\n\n<p>O projeto, realizado em parceria com mais de 40 organiza\u00e7\u00f5es da sociedade civil, institui\u00e7\u00f5es e empresas, tem como meta conectar em rede, atrav\u00e9s de internet banda larga, mais de 5 mil comunidades em territ\u00f3rios protegidos da Amaz\u00f4nia Legal, unindo conectividade a programas de inclus\u00e3o, seguran\u00e7a e fortalecimento comunit\u00e1rio.<\/p>\n\n\n\n<p>A iniciativa alcan\u00e7ou 1.400 comunidades conectadas nesta quarta, 29\/01, com a instala\u00e7\u00e3o de um kit de conectividade com internet banda larga via sat\u00e9lite na comunidade quilombola Rio Preto, no interior de Mateiros (TO).<\/p>\n\n\n\n<p>Com isso, j\u00e1 s\u00e3o mais de 40 mil usu\u00e1rios cadastrados na rede e uma popula\u00e7\u00e3o diretamente beneficiada de mais de 120 mil pessoas desde que o projeto iniciou as instala\u00e7\u00f5es, em mar\u00e7o de 2023.<\/p>\n\n\n\n<p>\u201cCom esse kit de conectividade, a gente vai poder, al\u00e9m de se conectar, ter acesso a mais oportunidades de sa\u00fade, educa\u00e7\u00e3o, cultura. A gente tamb\u00e9m tem acesso a mais conhecimento, uma oportunidade que n\u00e3o temos hoje por sermos uma comunidade de dif\u00edcil acesso\u201d, conta Elzita Evangelista, presidente da Associa\u00e7\u00e3o das Comunidades Quilombolas das Margens do Rio Novo, Rio Preto e Riach\u00e3o (Ascolombolas Rios), que representa a comunidade.<\/p>\n\n\n\n<p>At\u00e9 o final de 2025, o objetivo \u00e9 conectar 1 milh\u00e3o de pessoas moradoras de \u00e1reas protegidas da Amaz\u00f4nia Legal, respons\u00e1veis por conservar 120 milh\u00f5es de hectares de floresta.<\/p>\n\n\n\n<p><strong>Impacto<\/strong><\/p>\n\n\n\n<p>O Conex\u00e3o Povos da Floresta vai al\u00e9m de levar internet para as comunidades. Segundo Tasso Azevedo, presidente do conselho deliberativo e um dos idealizadores do projeto, a conectividade fortalece a prote\u00e7\u00e3o dos territ\u00f3rios, amplia o acesso \u00e0 educa\u00e7\u00e3o e sa\u00fade e incentiva o empreendedorismo local.<\/p>\n\n\n\n<p>\u201cAs \u00e1reas protegidas da Amaz\u00f4nia onde vivem os povos da floresta, ou seja, popula\u00e7\u00f5es ind\u00edgenas, quilombolas e extrativistas, t\u00eam o menor \u00edndice de desmatamento da regi\u00e3o. Conectar essas comunidades, portanto, \u00e9 uma maneira de potencializar o papel que j\u00e1 desempenham na conserva\u00e7\u00e3o do bioma como guardi\u00f5es da floresta\u201d, refor\u00e7a Tasso.<\/p>\n\n\n\n<p>Para Jos\u00e9 Carlos Galiza, coordenador executivo da CONAQ, o Conex\u00e3o tamb\u00e9m \u00e9 uma forma de unir as comunidades conectadas em rede. \u201cO projeto tem garantido a integra\u00e7\u00e3o, mobiliza\u00e7\u00e3o e fortalecimento das comunidades que protegem a floresta em p\u00e9, al\u00e9m de apoiar os empreendedores da floresta e oferecer ampla forma\u00e7\u00e3o em diversas \u00e1reas para essa popula\u00e7\u00e3o\u201d, afirma Galiza.&nbsp;<\/p>\n\n\n\n<p>\u201cO resultado alcan\u00e7ado at\u00e9 agora s\u00f3 foi poss\u00edvel gra\u00e7as \u00e0 parceria da Conaq, Coiab, CNS e de todas as organiza\u00e7\u00f5es que fazem parte desse coletivo\u201d, completa ele.<\/p>\n\n\n\n<p>&#8220;Celebramos a marca alcan\u00e7ada pelo projeto, constru\u00eddo a v\u00e1rias m\u00e3os com um objetivo em comum, que \u00e9 conectar em rede as comunidades da Amaz\u00f4nia\u201d, destaca o coordenador-geral da Coiab, Toya Manchineri. \u201cPara os povos ind\u00edgenas, este projeto representa mais do que apenas o acesso \u00e0 internet, representa uma ferramenta de acesso \u00e0 educa\u00e7\u00e3o, trabalho e sa\u00fade, preserva\u00e7\u00e3o das nossas culturas e prote\u00e7\u00e3o dos nossos territ\u00f3rios. A conex\u00e3o auxilia no monitoramento dos territ\u00f3rios, combate a crimes ambientais e outras amea\u00e7as aos territ\u00f3rios ind\u00edgenas. Vamos trabalhar para beneficiar cada vez mais comunidades ind\u00edgenas por meio desta iniciativa.\u201d<\/p>\n\n\n\n<p><strong>Conectividade como meio<\/strong><\/p>\n\n\n\n<p>A ideia do Conex\u00e3o Povos da Floresta \u00e9 que a conectividade seja utilizada de forma segura e consciente, e funcione como uma ferramenta de transforma\u00e7\u00e3o social para as comunidades conectadas, ampliando o acesso \u00e0 sa\u00fade, educa\u00e7\u00e3o e oportunidades profissionais, por exemplo, al\u00e9m de fortalecer a prote\u00e7\u00e3o dos territ\u00f3rios e das pessoas.<\/p>\n\n\n\n<p>Para isso, o projeto atua com base em tr\u00eas pilares: a implementa\u00e7\u00e3o da infraestrutura necess\u00e1ria para a cria\u00e7\u00e3o uma rede local conectada \u00e0 internet banda larga; a implanta\u00e7\u00e3o de um sistema de gest\u00e3o e controle local da rede em cada comunidade, respeitando as suas demandas e seus costumes; e a oferta de programas de inclus\u00e3o digital, com a\u00e7\u00f5es nas \u00e1reas de sa\u00fade, educa\u00e7\u00e3o, empreendedorismo, monitoramento e prote\u00e7\u00e3o territorial e cultura e ancestralidade.<\/p>\n\n\n\n<p><strong>Como funciona<\/strong><\/p>\n\n\n\n<p>As comunidades recebem um kit de conectividade que inclui equipamentos como antena de internet banda larga via sat\u00e9lite, roteador de alta capacidade, celular e computador. Locais sem energia est\u00e1vel tamb\u00e9m contam com kits de energia solar. Al\u00e9m disso, um aplicativo permite que cada comunidade gerencie o uso da rede de forma colaborativa.<\/p>\n\n\n\n<p>J\u00e1 os programas de sa\u00fade, educa\u00e7\u00e3o, empreendedorismo, entre outros, s\u00e3o oferecidos atrav\u00e9s de grupos de trabalho organizados entre os integrantes da rede Conex\u00e3o Povos da Floresta. Os programas desenvolvem a\u00e7\u00f5es como a telemedicina, que possibilita consultas \u00e0 dist\u00e2ncia, e o curso de Sabedoria Digital, que forma facilitadores locais para usar a tecnologia de forma segura e consciente.<\/p>\n\n\n\n<p>Mais informa\u00e7\u00f5es sobre o projeto podem ser encontradas no site oficial da iniciativa, em <a href=\"https:\/\/conexaopovosdafloresta.org.br\/\">https:\/\/conexaopovosdafloresta.org.br\/<\/a>. <\/p>\n\n\n\n<p><\/p>\n","protected":false},"excerpt":{"rendered":"<p>Iniciativa em rede j\u00e1 beneficiou mais de 120 mil pessoas em comunidades ind\u00edgenas, ribeirinhas e quilombolas. A Comunidade Quilombola Rio Preto, em Mateiros (TO) \u00e9 a comunidade de n\u00famero 1.400 conectada pelo projeto Conex\u00e3o Povos da Floresta. O projeto Conex\u00e3o Povos da Floresta, iniciativa em rede liderada pelas organiza\u00e7\u00f5es de base Coordena\u00e7\u00e3o Nacional de Articula\u00e7\u00e3o [&hellip;]<\/p>\n","protected":false},"author":1,"featured_media":1157,"comment_status":"open","ping_status":"open","sticky":false,"template":"","format":"standard","meta":{"inline_featured_image":false,"footnotes":""},"categories":[16,23,11],"tags":[],"class_list":["post-1155","post","type-post","status-publish","format-standard","has-post-thumbnail","hentry","category-direitos-e-politicas-publicas","category-inovacao-e-tecnologia","category-noticias"],"_links":{"self":[{"href":"https:\/\/solved.eco.br\/intranet\/wp-json\/wp\/v2\/posts\/1155","targetHints":{"allow":["GET"]}}],"collection":[{"href":"https:\/\/solved.eco.br\/intranet\/wp-json\/wp\/v2\/posts"}],"about":[{"href":"https:\/\/solved.eco.br\/intranet\/wp-json\/wp\/v2\/types\/post"}],"author":[{"embeddable":true,"href":"https:\/\/solved.eco.br\/intranet\/wp-json\/wp\/v2\/users\/1"}],"replies":[{"embeddable":true,"href":"https:\/\/solved.eco.br\/intranet\/wp-json\/wp\/v2\/comments?post=1155"}],"version-history":[{"count":3,"href":"https:\/\/solved.eco.br\/intranet\/wp-json\/wp\/v2\/posts\/1155\/revisions"}],"predecessor-version":[{"id":1229,"href":"https:\/\/solved.eco.br\/intranet\/wp-json\/wp\/v2\/posts\/1155\/revisions\/1229"}],"wp:featuredmedia":[{"embeddable":true,"href":"https:\/\/solved.eco.br\/intranet\/wp-json\/wp\/v2\/media\/1157"}],"wp:attachment":[{"href":"https:\/\/solved.eco.br\/intranet\/wp-json\/wp\/v2\/media?parent=1155"}],"wp:term":[{"taxonomy":"category","embeddable":true,"href":"https:\/\/solved.eco.br\/intranet\/wp-json\/wp\/v2\/categories?post=1155"},{"taxonomy":"post_tag","embeddable":true,"href":"https:\/\/solved.eco.br\/intranet\/wp-json\/wp\/v2\/tags?post=1155"}],"curies":[{"name":"wp","href":"https:\/\/api.w.org\/{rel}","templated":true}]}}