{"id":1160,"date":"2025-02-13T14:50:39","date_gmt":"2025-02-13T17:50:39","guid":{"rendered":"https:\/\/solved.eco.br\/intranet\/?p=1160"},"modified":"2025-04-10T03:05:33","modified_gmt":"2025-04-10T06:05:33","slug":"inscricoes-abertas-para-programa-de-jovens-comunicadores-indigenas-essa-e-a-sua-chance","status":"publish","type":"post","link":"https:\/\/solved.eco.br\/intranet\/inscricoes-abertas-para-programa-de-jovens-comunicadores-indigenas-essa-e-a-sua-chance\/","title":{"rendered":"Inscri\u00e7\u00f5es abertas para Programa de Jovens Comunicadores Ind\u00edgenas. Essa \u00e9 a sua chance!"},"content":{"rendered":"\n<p><em>O Instituto Amaz\u00f4nia A\u00e7u est\u00e1 com inscri\u00e7\u00f5es abertas para formar uma rede de jovens comunicadores ind\u00edgenas da Amaz\u00f4nia<\/em>.<\/p>\n\n\n\n<figure class=\"wp-block-image size-large is-resized\"><img fetchpriority=\"high\" decoding=\"async\" width=\"1024\" height=\"1024\" src=\"http:\/\/solved.eco.br\/intranet\/wp-content\/uploads\/2025\/02\/Imagem-do-WhatsApp-de-2025-02-13-as-13.17.11_0f3434a0-1024x1024.jpg\" alt=\"\" class=\"wp-image-1161\" style=\"width:754px;height:auto\" srcset=\"https:\/\/solved.eco.br\/intranet\/wp-content\/uploads\/2025\/02\/Imagem-do-WhatsApp-de-2025-02-13-as-13.17.11_0f3434a0-1024x1024.jpg 1024w, https:\/\/solved.eco.br\/intranet\/wp-content\/uploads\/2025\/02\/Imagem-do-WhatsApp-de-2025-02-13-as-13.17.11_0f3434a0-300x300.jpg 300w, https:\/\/solved.eco.br\/intranet\/wp-content\/uploads\/2025\/02\/Imagem-do-WhatsApp-de-2025-02-13-as-13.17.11_0f3434a0-150x150.jpg 150w, https:\/\/solved.eco.br\/intranet\/wp-content\/uploads\/2025\/02\/Imagem-do-WhatsApp-de-2025-02-13-as-13.17.11_0f3434a0-768x768.jpg 768w, https:\/\/solved.eco.br\/intranet\/wp-content\/uploads\/2025\/02\/Imagem-do-WhatsApp-de-2025-02-13-as-13.17.11_0f3434a0.jpg 1080w\" sizes=\"(max-width: 1024px) 100vw, 1024px\" \/><\/figure>\n\n\n\n<p><strong>\ud83d\udca1 O que \u00e9?<\/strong><br><br>Uma jornada de forma\u00e7\u00e3o, produ\u00e7\u00e3o de conte\u00fado e mobiliza\u00e7\u00e3o comunit\u00e1ria para fortalecer as vozes ind\u00edgenas na comunica\u00e7\u00e3o sobre emerg\u00eancia clim\u00e1tica.<\/p>\n\n\n\n<p><strong>\ud83d\udccc Quem pode participar?<\/strong><\/p>\n\n\n\n<ul class=\"wp-block-list\">\n<li>Ind\u00edgenas do Amazonas, Rond\u00f4nia, Acre e Par\u00e1<\/li>\n\n\n\n<li>Jovens entre 18 e 29 anos<\/li>\n\n\n\n<li>Pessoas com interesse em comunica\u00e7\u00e3o e mobiliza\u00e7\u00e3o clim\u00e1tica<\/li>\n\n\n\n<li>Com acesso \u00e0 internet e disponibilidade para as atividades<\/li>\n\n\n\n<li>Experi\u00eancia em comunica\u00e7\u00e3o comunit\u00e1ria \u00e9 um diferencial<\/li>\n<\/ul>\n\n\n\n<p><strong>\ud83c\udf93 Qual a contrapartida?<\/strong><br><br>\ud83d\udcda Forma\u00e7\u00e3o presencial e online<br>\ud83c\udfa5 Apoio para desenvolver seu plano de comunica\u00e7\u00e3o territorial<br>\ud83d\udcb0 Bolsa-aux\u00edlio para cobrir custos das atividades<br>\ud83c\udfc5 Certifica\u00e7\u00e3o ao final do programa<\/p>\n\n\n\n<p>\u26a1 S\u00e3o 3 vagas por Estado.<\/p>\n\n\n\n<p>\ud83d\udcc6 Inscri\u00e7\u00f5es at\u00e9 14\/02!<\/p>\n\n\n\n<p><strong>\ud83d\udd17 Formul\u00e1rio de inscri\u00e7\u00e3o: <a href=\"https:\/\/bit.ly\/ComunicA\u00c7U\">https:\/\/bit.ly\/ComunicA\u00c7U<\/a><\/strong><br>\ud83d\udcdc Leia o edital: <a href=\"https:\/\/bit.ly\/EditalComunicA\u00c7U\">https:\/\/bit.ly\/EditalComunicA\u00c7U<\/a><\/p>\n\n\n\n<p>\ud83d\udce2 Compartilhe com quem precisa saber dessa&nbsp;oportunidade!<\/p>\n\n\n\n<p><a href=\"https:\/\/institutoamazoniaacu.org\/\" data-type=\"link\" data-id=\"https:\/\/institutoamazoniaacu.org\/\">(Fonte: Instituto Amaz\u00f4nia A\u00e7u)<\/a>  <\/p>\n\n\n\n<p><\/p>\n","protected":false},"excerpt":{"rendered":"<p>O Instituto Amaz\u00f4nia A\u00e7u est\u00e1 com inscri\u00e7\u00f5es abertas para formar uma rede de jovens comunicadores ind\u00edgenas da Amaz\u00f4nia. \ud83d\udca1 O que \u00e9? Uma jornada de forma\u00e7\u00e3o, produ\u00e7\u00e3o de conte\u00fado e mobiliza\u00e7\u00e3o comunit\u00e1ria para fortalecer as vozes ind\u00edgenas na comunica\u00e7\u00e3o sobre emerg\u00eancia clim\u00e1tica. \ud83d\udccc Quem pode participar? \ud83c\udf93 Qual a contrapartida? \ud83d\udcda Forma\u00e7\u00e3o presencial e online\ud83c\udfa5 [&hellip;]<\/p>\n","protected":false},"author":1,"featured_media":1161,"comment_status":"open","ping_status":"open","sticky":false,"template":"","format":"standard","meta":{"inline_featured_image":false,"footnotes":""},"categories":[13,11],"tags":[],"class_list":["post-1160","post","type-post","status-publish","format-standard","has-post-thumbnail","hentry","category-editais-e-oportunidades","category-noticias"],"_links":{"self":[{"href":"https:\/\/solved.eco.br\/intranet\/wp-json\/wp\/v2\/posts\/1160","targetHints":{"allow":["GET"]}}],"collection":[{"href":"https:\/\/solved.eco.br\/intranet\/wp-json\/wp\/v2\/posts"}],"about":[{"href":"https:\/\/solved.eco.br\/intranet\/wp-json\/wp\/v2\/types\/post"}],"author":[{"embeddable":true,"href":"https:\/\/solved.eco.br\/intranet\/wp-json\/wp\/v2\/users\/1"}],"replies":[{"embeddable":true,"href":"https:\/\/solved.eco.br\/intranet\/wp-json\/wp\/v2\/comments?post=1160"}],"version-history":[{"count":6,"href":"https:\/\/solved.eco.br\/intranet\/wp-json\/wp\/v2\/posts\/1160\/revisions"}],"predecessor-version":[{"id":1228,"href":"https:\/\/solved.eco.br\/intranet\/wp-json\/wp\/v2\/posts\/1160\/revisions\/1228"}],"wp:featuredmedia":[{"embeddable":true,"href":"https:\/\/solved.eco.br\/intranet\/wp-json\/wp\/v2\/media\/1161"}],"wp:attachment":[{"href":"https:\/\/solved.eco.br\/intranet\/wp-json\/wp\/v2\/media?parent=1160"}],"wp:term":[{"taxonomy":"category","embeddable":true,"href":"https:\/\/solved.eco.br\/intranet\/wp-json\/wp\/v2\/categories?post=1160"},{"taxonomy":"post_tag","embeddable":true,"href":"https:\/\/solved.eco.br\/intranet\/wp-json\/wp\/v2\/tags?post=1160"}],"curies":[{"name":"wp","href":"https:\/\/api.w.org\/{rel}","templated":true}]}}