{"id":1177,"date":"2025-02-24T21:45:58","date_gmt":"2025-02-25T00:45:58","guid":{"rendered":"https:\/\/solved.eco.br\/intranet\/?p=1177"},"modified":"2025-04-10T03:42:20","modified_gmt":"2025-04-10T06:42:20","slug":"projeto-saude-alegria-lanca-edital-para-facilitacao-de-oficinas-para-condutores-de-trilhas-e-caminhadas-para-pousadas-comunitarias","status":"publish","type":"post","link":"https:\/\/solved.eco.br\/intranet\/projeto-saude-alegria-lanca-edital-para-facilitacao-de-oficinas-para-condutores-de-trilhas-e-caminhadas-para-pousadas-comunitarias\/","title":{"rendered":"Projeto Sa\u00fade &amp; Alegria lan\u00e7a edital para facilita\u00e7\u00e3o de oficinas para condutores de trilhas e caminhadas para pousadas comunit\u00e1rias"},"content":{"rendered":"\n<p><em>Edital prev\u00ea a contrata\u00e7\u00e3o de facilitadores de oficinas para atuarem em Santar\u00e9m, no Par\u00e1.<\/em><\/p>\n\n\n\n<figure class=\"wp-block-image size-large is-resized\"><img fetchpriority=\"high\" decoding=\"async\" width=\"1024\" height=\"1024\" src=\"http:\/\/solved.eco.br\/intranet\/wp-content\/uploads\/2025\/02\/Copia-de-EDITAL-1024x1024.png\" alt=\"\" class=\"wp-image-1178\" style=\"width:789px;height:auto\" srcset=\"https:\/\/solved.eco.br\/intranet\/wp-content\/uploads\/2025\/02\/Copia-de-EDITAL-1024x1024.png 1024w, https:\/\/solved.eco.br\/intranet\/wp-content\/uploads\/2025\/02\/Copia-de-EDITAL-300x300.png 300w, https:\/\/solved.eco.br\/intranet\/wp-content\/uploads\/2025\/02\/Copia-de-EDITAL-150x150.png 150w, https:\/\/solved.eco.br\/intranet\/wp-content\/uploads\/2025\/02\/Copia-de-EDITAL-768x768.png 768w, https:\/\/solved.eco.br\/intranet\/wp-content\/uploads\/2025\/02\/Copia-de-EDITAL.png 1080w\" sizes=\"(max-width: 1024px) 100vw, 1024px\" \/><\/figure>\n\n\n\n<p>O Centro de Estudos Avan\u00e7ados de Promo\u00e7\u00e3o Social e Ambiental \u2013 CEAPS torna p\u00fablico o Termo de Refer\u00eancia N\u00ba010\/2025 para contrata\u00e7\u00e3o de pessoa jur\u00eddica para facilita\u00e7\u00e3o de oficinas de Curso de Forma\u00e7\u00e3o de Condutores de Trilhas e Caminhadas na Natureza para duas pousadas comunit\u00e1rias, pousada Uka Suri, na Aldeia de Vista Alegre de Capixau\u00e3, territ\u00f3rio Kumaruara, na Resex Tapaj\u00f3s-Arapiuns, munic\u00edpio de Santar\u00e9m, Par\u00e1; e da pousada de Jaguar, na comunidade de Jaguarary, na Flona Tapaj\u00f3s, munic\u00edpio de Belterra, Par\u00e1. O objetivo \u00e9 capacitar moradores locais para conduzir trilhas e caminhadas na natureza, promovendo o turismo de base comunit\u00e1ria, a valoriza\u00e7\u00e3o cultural e a preserva\u00e7\u00e3o ambiental da regi\u00e3o amaz\u00f4nica.<\/p>\n\n\n\n<p><strong>Leia detalhes: <a href=\"https:\/\/drive.google.com\/file\/d\/1MBC1ASdKLpIUdq6pE2VTSmFyxL_GOaGG\/view?usp=sharing\">Termo de refer\u00eancia<\/a><\/strong><\/p>\n\n\n\n<p><strong>Prazo: <\/strong>A proposta dever\u00e1 ser enviada por e-mail em formato digital (com assinatura) at\u00e9 dia <strong>24\/02\/2025<\/strong>.<\/p>\n\n\n\n<p><a href=\"https:\/\/saudeealegria.org.br\/redemocoronga\/010-2025\/\" data-type=\"link\" data-id=\"https:\/\/saudeealegria.org.br\/redemocoronga\/010-2025\/\">(Fonte: Projeto Sa\u00fade &amp; Alegria)<\/a>  <\/p>\n","protected":false},"excerpt":{"rendered":"<p>Edital prev\u00ea a contrata\u00e7\u00e3o de facilitadores de oficinas para atuarem em Santar\u00e9m, no Par\u00e1. O Centro de Estudos Avan\u00e7ados de Promo\u00e7\u00e3o Social e Ambiental \u2013 CEAPS torna p\u00fablico o Termo de Refer\u00eancia N\u00ba010\/2025 para contrata\u00e7\u00e3o de pessoa jur\u00eddica para facilita\u00e7\u00e3o de oficinas de Curso de Forma\u00e7\u00e3o de Condutores de Trilhas e Caminhadas na Natureza para [&hellip;]<\/p>\n","protected":false},"author":1,"featured_media":1178,"comment_status":"open","ping_status":"open","sticky":false,"template":"","format":"standard","meta":{"inline_featured_image":false,"footnotes":""},"categories":[13,11],"tags":[],"class_list":["post-1177","post","type-post","status-publish","format-standard","has-post-thumbnail","hentry","category-editais-e-oportunidades","category-noticias"],"_links":{"self":[{"href":"https:\/\/solved.eco.br\/intranet\/wp-json\/wp\/v2\/posts\/1177","targetHints":{"allow":["GET"]}}],"collection":[{"href":"https:\/\/solved.eco.br\/intranet\/wp-json\/wp\/v2\/posts"}],"about":[{"href":"https:\/\/solved.eco.br\/intranet\/wp-json\/wp\/v2\/types\/post"}],"author":[{"embeddable":true,"href":"https:\/\/solved.eco.br\/intranet\/wp-json\/wp\/v2\/users\/1"}],"replies":[{"embeddable":true,"href":"https:\/\/solved.eco.br\/intranet\/wp-json\/wp\/v2\/comments?post=1177"}],"version-history":[{"count":4,"href":"https:\/\/solved.eco.br\/intranet\/wp-json\/wp\/v2\/posts\/1177\/revisions"}],"predecessor-version":[{"id":1225,"href":"https:\/\/solved.eco.br\/intranet\/wp-json\/wp\/v2\/posts\/1177\/revisions\/1225"}],"wp:featuredmedia":[{"embeddable":true,"href":"https:\/\/solved.eco.br\/intranet\/wp-json\/wp\/v2\/media\/1178"}],"wp:attachment":[{"href":"https:\/\/solved.eco.br\/intranet\/wp-json\/wp\/v2\/media?parent=1177"}],"wp:term":[{"taxonomy":"category","embeddable":true,"href":"https:\/\/solved.eco.br\/intranet\/wp-json\/wp\/v2\/categories?post=1177"},{"taxonomy":"post_tag","embeddable":true,"href":"https:\/\/solved.eco.br\/intranet\/wp-json\/wp\/v2\/tags?post=1177"}],"curies":[{"name":"wp","href":"https:\/\/api.w.org\/{rel}","templated":true}]}}