{"id":1183,"date":"2025-02-24T21:56:53","date_gmt":"2025-02-25T00:56:53","guid":{"rendered":"https:\/\/solved.eco.br\/intranet\/?p=1183"},"modified":"2025-04-10T03:07:02","modified_gmt":"2025-04-10T06:07:02","slug":"restaura-natureza-olimpiada-escolar-do-wwf-brasil-pelo-meio-ambiente-abre-inscricoes-para-a-sua-3a-edicao","status":"publish","type":"post","link":"https:\/\/solved.eco.br\/intranet\/restaura-natureza-olimpiada-escolar-do-wwf-brasil-pelo-meio-ambiente-abre-inscricoes-para-a-sua-3a-edicao\/","title":{"rendered":"Restaura Natureza, olimp\u00edada escolar do WWF-Brasil pelo meio ambiente, abre inscri\u00e7\u00f5es para a sua 3\u00aa edi\u00e7\u00e3o"},"content":{"rendered":"\n<p><em>Estudantes de escolas de todo o Brasil podem se cadastrar para participar da competi\u00e7\u00e3o colaborativa e realizar a\u00e7\u00f5es para ajudar a natureza a se regenerar.<\/em><\/p>\n\n\n\n<figure class=\"wp-block-image size-large\"><img fetchpriority=\"high\" decoding=\"async\" width=\"1024\" height=\"683\" src=\"http:\/\/solved.eco.br\/intranet\/wp-content\/uploads\/2025\/02\/mir00545_1-1024x683.jpg\" alt=\"\" class=\"wp-image-1184\" srcset=\"https:\/\/solved.eco.br\/intranet\/wp-content\/uploads\/2025\/02\/mir00545_1-1024x683.jpg 1024w, https:\/\/solved.eco.br\/intranet\/wp-content\/uploads\/2025\/02\/mir00545_1-300x200.jpg 300w, https:\/\/solved.eco.br\/intranet\/wp-content\/uploads\/2025\/02\/mir00545_1-768x512.jpg 768w, https:\/\/solved.eco.br\/intranet\/wp-content\/uploads\/2025\/02\/mir00545_1-1536x1024.jpg 1536w, https:\/\/solved.eco.br\/intranet\/wp-content\/uploads\/2025\/02\/mir00545_1-2048x1365.jpg 2048w\" sizes=\"(max-width: 1024px) 100vw, 1024px\" \/><\/figure>\n\n\n\n<p><em>Por Restaura Natureza<\/em><\/p>\n\n\n\n<p>Est\u00e3o abertas as inscri\u00e7\u00f5es para a 3\u00aa Restaura Natureza, a Olimp\u00edada Brasileira de Restaura\u00e7\u00e3o de Ecossistemas do WWF-Brasil, uma competi\u00e7\u00e3o colaborativa que estimula estudantes, suas fam\u00edlias e toda a comunidade escolar a agir em momento de emerg\u00eancia clim\u00e1tica, com aplica\u00e7\u00e3o do aprendizado te\u00f3rico em a\u00e7\u00f5es pr\u00e1ticas.&nbsp;<\/p>\n\n\n\n<p>Podem participar da competi\u00e7\u00e3o colaborativa estudantes do 7\u00ba ao 9\u00ba ano do Ensino Fundamental e do 1\u00ba e 2\u00ba ano do Ensino M\u00e9dio de escolas p\u00fablicas e privadas de todo o Brasil. Assim que realizar o cadastro, gr\u00e1tis e r\u00e1pido, o estudante pode come\u00e7ar a realizar os quizzes da Fase Online sobre temas urgentes e fundamentais como Escassez H\u00eddrica e Seguran\u00e7a Alimentar para acumular pontos, al\u00e9m de formar seu grupo para a Fase Pr\u00e1tica, que deve ter um professor respons\u00e1vel inscrito. \u00c9 poss\u00edvel se cadastrar como \u201cvisitante\u201d, caso n\u00e3o preencha os crit\u00e9rios de participante, para se desafiar nos quizzes, mas sem concorrer na olimp\u00edada.&nbsp;<\/p>\n\n\n\n<p>A olimp\u00edada \u00e9 composta por duas fases simult\u00e2neas, que j\u00e1 est\u00e3o em andamento: a Fase Online, que apresenta 10 Temas Formativos e convida os estudantes a testarem seus conhecimentos te\u00f3ricos individualmente nos quizzes, e a Fase Pr\u00e1tica, realizada em grupo, em que as crian\u00e7as e adolescentes ir\u00e3o desenvolver, acompanhados de um professor respons\u00e1vel, os seus projetos relacionados ao uso de tecnologia, plantio, incid\u00eancia pol\u00edtica, campanhas de engajamento ou qualquer a\u00e7\u00e3o que promova a restaura\u00e7\u00e3o dos ecossistemas.&nbsp;&nbsp;<\/p>\n\n\n\n<p>Todos os grupos que enviarem um relato de suas a\u00e7\u00f5es concorrer\u00e3o em duas categorias: Comiss\u00e3o Julgadora e Voto Popular, que valem pr\u00eamios. \u201cNo contexto de crise clim\u00e1tica, em que todos precisam mudar o paradigma e se ver como parte da natureza, as escolas t\u00eam um papel fundamental. A Restaura Natureza responde a uma ang\u00fastia que estamos vivendo, nos permite sair da paralisia e partir para a\u00e7\u00e3o pr\u00e1tica a partir de conhecimentos e saberes. Os estudantes criam a\u00e7\u00f5es que fazem sentido no seu contexto e t\u00eam viv\u00eancias que os acompanhar\u00e3o por toda a vida\u201d, afirma Cinthia Rodrigues, cofundadora da Quero na Escola, associa\u00e7\u00e3o sem fins lucrativos voltada \u00e0 educa\u00e7\u00e3o.&nbsp;<\/p>\n\n\n\n<p>A 3\u00aa edi\u00e7\u00e3o da olimp\u00edada est\u00e1 fortemente conectada \u00e0 COP 30, a 30\u00aa Confer\u00eancia das Na\u00e7\u00f5es Unidas sobre as Mudan\u00e7as Clim\u00e1ticas, que ser\u00e1 realizada em novembro no Brasil, em Bel\u00e9m (PA), e \u00e0 6\u00aa Confer\u00eancia Infantojuvenil pelo Meio Ambiente (CNIJMA). Uma das sugest\u00f5es de a\u00e7\u00e3o pr\u00e1tica apresentada aos estudantes, por exemplo, \u00e9 a cria\u00e7\u00e3o e desenvolvimento de uma COP do Clima local, focada na discuss\u00e3o e busca de solu\u00e7\u00f5es para os desafios ambientais enfrentados em seu territ\u00f3rio. Outra a\u00e7\u00e3o sugerida aos participantes \u00e9 para a diminui\u00e7\u00e3o dos efeitos das mudan\u00e7as clim\u00e1ticas, com propostas como a desimpermeabiliza\u00e7\u00e3o de cal\u00e7adas e descompacta\u00e7\u00e3o do solo.&nbsp;<\/p>\n\n\n\n<p>\u201cA olimp\u00edada \u00e9 uma importante frente de atua\u00e7\u00e3o do WWF-Brasil dentro da estrat\u00e9gia de restaura\u00e7\u00e3o da paisagem, pois crian\u00e7as e jovens s\u00e3o atores essenciais na promo\u00e7\u00e3o de a\u00e7\u00f5es concretas, hoje e no futuro. Al\u00e9m de se conectarem com a natureza, implementam atividades ambientais e engajam suas fam\u00edlias e a comunidade na causa. Eles s\u00e3o multiplicadores em escala nacional\u201d, diz Veronica Maioli, especialista de Conserva\u00e7\u00e3o do WWF-Brasil.&nbsp;<\/p>\n\n\n\n<p>A Restaura Natureza tem como embaixadores a professora e historiadora Keilla Vila Flor e o carism\u00e1tico personagem Chico Bento, por meio da parceria institucional com a Mauricio de Sousa Produ\u00e7\u00f5es. Tamb\u00e9m s\u00e3o parceiros institucionais a Mostra Ecofalante de Cinema, a Sociedade Brasileira de Restaura\u00e7\u00e3o Ecol\u00f3gica (SOBRE) e o Instituto Alana, por meio do programa Criativos da Escola. A empresa Aegea \u00e9 apoiadora da olimp\u00edada.<\/p>\n\n\n\n<p><strong>Site da Restaura Natureza:\u00a0<a href=\"http:\/\/www.restauranatureza.org.br\/\">www.restauranatureza.org.br<\/a><\/strong><\/p>\n\n\n\n<p>M\u00eddias sociais:&nbsp;<a href=\"https:\/\/www.instagram.com\/restauranatureza\/\">https:\/\/www.instagram.com\/restauranatureza\/<\/a><\/p>\n\n\n\n<p><a href=\"https:\/\/www.tiktok.com\/@restauranatureza\">https:\/\/www.tiktok.com\/@restauranatureza<\/a> <\/p>\n\n\n\n<h2 class=\"wp-block-heading\">Sobre o WWF-Brasil&nbsp;<\/h2>\n\n\n\n<p>O WWF-Brasil \u00e9 uma ONG brasileira que h\u00e1 28 anos atua coletivamente com parceiros da sociedade civil, academia, governos e empresas em todo pa\u00eds para combater a degrada\u00e7\u00e3o socioambiental e defender a vida das pessoas e da natureza. Estamos conectados numa rede interdependente que busca solu\u00e7\u00f5es urgentes para a emerg\u00eancia clim\u00e1tica. Conhe\u00e7a:&nbsp;<a href=\"http:\/\/wwf.org.br\/\" target=\"_blank\" rel=\"noreferrer noopener\">wwf.org.br<\/a>.&nbsp;<\/p>\n\n\n\n<h2 class=\"wp-block-heading\">Sobre a Quero na Escola&nbsp;<\/h2>\n\n\n\n<p>A Quero na Escola \u00e9 uma associa\u00e7\u00e3o sem fins lucrativos dedicada a iniciativas educacionais. Usa a tecnologia para ouvir as demandas dos estudantes por aprendizados al\u00e9m do curr\u00edculo obrigat\u00f3rio e conecta volunt\u00e1rios para atender \u00e0s solicita\u00e7\u00f5es dentro das pr\u00f3prias escolas p\u00fablicas. Conhe\u00e7a:&nbsp;<a href=\"http:\/\/queronaescola.com.br\/\" target=\"_blank\" rel=\"noreferrer noopener\">queronaescola.com.br.&nbsp;<\/a><\/p>\n\n\n\n<p><a href=\"https:\/\/www.wwf.org.br\/nossosconteudos\/notas_e_releases\/?90820\/Restaura-Natureza-abre-inscricoes\" data-type=\"link\" data-id=\"https:\/\/www.wwf.org.br\/nossosconteudos\/notas_e_releases\/?90820\/Restaura-Natureza-abre-inscricoes\">(Fonte: WWF-Brasil)<\/a><\/p>\n","protected":false},"excerpt":{"rendered":"<p>Estudantes de escolas de todo o Brasil podem se cadastrar para participar da competi\u00e7\u00e3o colaborativa e realizar a\u00e7\u00f5es para ajudar a natureza a se regenerar. Por Restaura Natureza Est\u00e3o abertas as inscri\u00e7\u00f5es para a 3\u00aa Restaura Natureza, a Olimp\u00edada Brasileira de Restaura\u00e7\u00e3o de Ecossistemas do WWF-Brasil, uma competi\u00e7\u00e3o colaborativa que estimula estudantes, suas fam\u00edlias e [&hellip;]<\/p>\n","protected":false},"author":1,"featured_media":1184,"comment_status":"open","ping_status":"open","sticky":false,"template":"","format":"standard","meta":{"inline_featured_image":false,"footnotes":""},"categories":[18,15,11],"tags":[],"class_list":["post-1183","post","type-post","status-publish","format-standard","has-post-thumbnail","hentry","category-criancas-e-adolescentes","category-educacao-e-formacao","category-noticias"],"_links":{"self":[{"href":"https:\/\/solved.eco.br\/intranet\/wp-json\/wp\/v2\/posts\/1183","targetHints":{"allow":["GET"]}}],"collection":[{"href":"https:\/\/solved.eco.br\/intranet\/wp-json\/wp\/v2\/posts"}],"about":[{"href":"https:\/\/solved.eco.br\/intranet\/wp-json\/wp\/v2\/types\/post"}],"author":[{"embeddable":true,"href":"https:\/\/solved.eco.br\/intranet\/wp-json\/wp\/v2\/users\/1"}],"replies":[{"embeddable":true,"href":"https:\/\/solved.eco.br\/intranet\/wp-json\/wp\/v2\/comments?post=1183"}],"version-history":[{"count":3,"href":"https:\/\/solved.eco.br\/intranet\/wp-json\/wp\/v2\/posts\/1183\/revisions"}],"predecessor-version":[{"id":1224,"href":"https:\/\/solved.eco.br\/intranet\/wp-json\/wp\/v2\/posts\/1183\/revisions\/1224"}],"wp:featuredmedia":[{"embeddable":true,"href":"https:\/\/solved.eco.br\/intranet\/wp-json\/wp\/v2\/media\/1184"}],"wp:attachment":[{"href":"https:\/\/solved.eco.br\/intranet\/wp-json\/wp\/v2\/media?parent=1183"}],"wp:term":[{"taxonomy":"category","embeddable":true,"href":"https:\/\/solved.eco.br\/intranet\/wp-json\/wp\/v2\/categories?post=1183"},{"taxonomy":"post_tag","embeddable":true,"href":"https:\/\/solved.eco.br\/intranet\/wp-json\/wp\/v2\/tags?post=1183"}],"curies":[{"name":"wp","href":"https:\/\/api.w.org\/{rel}","templated":true}]}}