{"id":1186,"date":"2025-02-24T22:05:07","date_gmt":"2025-02-25T01:05:07","guid":{"rendered":"https:\/\/solved.eco.br\/intranet\/?p=1186"},"modified":"2025-04-10T03:07:58","modified_gmt":"2025-04-10T06:07:58","slug":"coletivo-nacional-de-educacao-da-conaq-lanca-primeira-edicao-da-revista-educa-quilombo","status":"publish","type":"post","link":"https:\/\/solved.eco.br\/intranet\/coletivo-nacional-de-educacao-da-conaq-lanca-primeira-edicao-da-revista-educa-quilombo\/","title":{"rendered":"Coletivo Nacional de Educa\u00e7\u00e3o da CONAQ lan\u00e7a primeira edi\u00e7\u00e3o da revista \u201cEduca Quilombo\u201d"},"content":{"rendered":"\n<p><em>Revista \u00e9 um instrumento a mais para a mobiliza\u00e7\u00e3o coletiva da CONAQ. Primeira edi\u00e7\u00e3o destaca a defesa dos direitos \u00e0 educa\u00e7\u00e3o para meninas quilombolas.<\/em><\/p>\n\n\n\n<figure class=\"wp-block-image size-large\"><img fetchpriority=\"high\" decoding=\"async\" width=\"1024\" height=\"573\" src=\"http:\/\/solved.eco.br\/intranet\/wp-content\/uploads\/2025\/02\/Revista-EducaQuilombo-1-1024x573.webp\" alt=\"\" class=\"wp-image-1187\" srcset=\"https:\/\/solved.eco.br\/intranet\/wp-content\/uploads\/2025\/02\/Revista-EducaQuilombo-1-1024x573.webp 1024w, https:\/\/solved.eco.br\/intranet\/wp-content\/uploads\/2025\/02\/Revista-EducaQuilombo-1-300x168.webp 300w, https:\/\/solved.eco.br\/intranet\/wp-content\/uploads\/2025\/02\/Revista-EducaQuilombo-1-768x429.webp 768w, https:\/\/solved.eco.br\/intranet\/wp-content\/uploads\/2025\/02\/Revista-EducaQuilombo-1.webp 1216w\" sizes=\"(max-width: 1024px) 100vw, 1024px\" \/><\/figure>\n\n\n\n<p>O Coletivo Nacional de Educa\u00e7\u00e3o da Coordena\u00e7\u00e3o Nacional de Articula\u00e7\u00e3o das Comunidades Negras Rurais Quilombolas (CONAQ) lan\u00e7ou a revista Educa Quilombo. A primeira edi\u00e7\u00e3o do material de resist\u00eancia e informa\u00e7\u00e3o teve como tema: \u201cA defesa dos direitos \u00e0 educa\u00e7\u00e3o para meninas quilombolas \u2013 Por uma educa\u00e7\u00e3o que valorize os seus conhecimentos, sua cultura e seus modos de viver\u201d.<\/p>\n\n\n\n<p>A revista vai somar com a mobiliza\u00e7\u00e3o coletiva da CONAQ em prol da educa\u00e7\u00e3o quilombola. O material foi lan\u00e7ado em dezembro de 2024 durante o Encontro Nacional de Educa\u00e7\u00e3o Escolar Quilombola em Recife (PE). O evento ocorreu entre os dias 18 e 20 de dezembro e reuniu professoras e professores quilombolas de 22 estados. A revista foi distribu\u00edda no \u00faltimo dia do evento.<\/p>\n\n\n\n<p>Entre as reflex\u00f5es que constam na primeira publica\u00e7\u00e3o est\u00e3o o custo social do fechamento de uma escola, o territ\u00f3rio como local de aprendizado e a quem recorrer para garantir o direito \u00e0 educa\u00e7\u00e3o.<\/p>\n\n\n\n<p><strong>Confira a revista aqui:\u00a0<a href=\"https:\/\/conaq.org.br\/wp-content\/uploads\/2025\/01\/REVISTA_CONAQ_EDUCAQUILOMBO.pdf\">Revista Educa Quilombo<\/a><\/strong><\/p>\n\n\n\n<p>Shirley Pimentel de Souza, quilombola da Pedra Negra da Extrema, na Bahia, \u00e9 pedagoga e membro do Coletivo Nacional de Educa\u00e7\u00e3o da CONAQ e participou da coordena\u00e7\u00e3o e escrita da revista. Ela afirma que o objetivo \u00e9 abordar temas diversos em uma linguagem que dialogue com os territ\u00f3rios quilombolas.<\/p>\n\n\n\n<p>\u201cA Revista Educa Quilombo nasce como um espa\u00e7o para que as comunidades quilombolas possam falar das pautas da educa\u00e7\u00e3o escolar, mas tamb\u00e9m da educa\u00e7\u00e3o vivida nos territ\u00f3rios, nas pr\u00e1ticas de trabalho, nas manifesta\u00e7\u00f5es culturais e nas lutas do Movimento Quilombola\u201d, disse Shirley.<\/p>\n\n\n\n<p>A educadora informou que as pr\u00f3ximas edi\u00e7\u00f5es j\u00e1 est\u00e3o sendo planejadas e que pessoas quilombolas podem colaborar com a escrita de cada edi\u00e7\u00e3o.<\/p>\n\n\n\n<p>\u201cMais do que um peri\u00f3dico, a revista \u00e9 um instrumento a mais para a mobiliza\u00e7\u00e3o coletiva da CONAQ e um passo importante para dar visibilidade \u00e0 nossa luta por uma escola que respeite, valorize e reconhe\u00e7a os conhecimentos, a cultura e os modos de vida das comunidades quilombolas\u201d, afirmou.<\/p>\n\n\n\n<p>A Revista das pautas, a\u00e7\u00f5es e incid\u00eancias do Coletivo Nacional de Educa\u00e7\u00e3o da CONAQ informa que a dificuldade de acesso \u00e0 educa\u00e7\u00e3o fere um direito constitucional.&nbsp;\u201cAs crian\u00e7as e jovens t\u00eam o direito de estudar perto de suas casas, e a escola deve respeitar a cultura e os modos de vida da comunidade. O Estatuto da Igualdade Racial (Lei n\u00ba 12.288\/2010) e a Constitui\u00e7\u00e3o Federal (Art. 5\u00ba) garantem que todas as pessoas devem ser tratadas de forma igual, sem discrimina\u00e7\u00e3o\u201d.<\/p>\n\n\n\n<p>Esta primeira edi\u00e7\u00e3o nos ensina que o caminho para o direito \u00e0 educa\u00e7\u00e3o n\u00e3o precisa ser percorrido sozinho. As organiza\u00e7\u00f5es do movimento quilombola, os conselhos, o Minist\u00e9rio P\u00fablico e a Defensoria P\u00fablica est\u00e3o a postos para apoiar e proteger o direito de cada menina e menino quilombola a uma educa\u00e7\u00e3o digna, respeitosa e transformadora.<\/p>\n\n\n\n<h3 class=\"wp-block-heading\">Outras publica\u00e7\u00f5es<\/h3>\n\n\n\n<p>A Escola Nacional de Forma\u00e7\u00e3o de Meninas Quilombolas da CONAQ, projeto da CONAQ apoiado pelo Fundo Malala, lan\u00e7ou em agosto de 2024, os livretos \u201cLute como uma menina quilombola\u201d e \u201cCartas de Quilombolas: o que dizem as\/os estudantes da Escola Nacional de Forma\u00e7\u00e3o de Meninas Quilombolas da CONAQ\u201d.<\/p>\n\n\n\n<p>Um dos materiais gr\u00e1ficos mostra como foi a cria\u00e7\u00e3o da Escola Nacional, projeto in\u00e9dito que fortaleceu e engajou estudantes e fam\u00edlias na luta por educa\u00e7\u00e3o de qualidade para quilombolas em todas as regi\u00f5es e biomas do Brasil. O segundo livreto traz experi\u00eancias das meninas e meninos e os desafios enfrentados para frequentar as escolas.<\/p>\n\n\n\n<p>Acesse os materiais: Livreto \u201c<a href=\"https:\/\/conaq.org.br\/wp-content\/uploads\/2025\/01\/LIVRETO_CONAQ_LUTECOMOUMAMENINAQUILOMBOLA.pdf\">Lute como uma menina quilombola<\/a>\u201d e \u201c<a href=\"https:\/\/conaq.org.br\/wp-content\/uploads\/2025\/01\/LIVRETO_CONAQ_CARTASDEQUILOMBOLAS.pdf\">Cartas de Quilombolas: o que dizem as\/os estudantes da Escola Nacional<\/a>\u201d.<\/p>\n\n\n\n<p><a href=\"https:\/\/conaq.org.br\/coletivo-nacional-de-educacao-da-conaq-lanca-primeira-edicao-da-revista-educa-quilombo\/\" data-type=\"link\" data-id=\"https:\/\/conaq.org.br\/coletivo-nacional-de-educacao-da-conaq-lanca-primeira-edicao-da-revista-educa-quilombo\/\">(Fonte: CONAQ)<\/a> <\/p>\n","protected":false},"excerpt":{"rendered":"<p>Revista \u00e9 um instrumento a mais para a mobiliza\u00e7\u00e3o coletiva da CONAQ. Primeira edi\u00e7\u00e3o destaca a defesa dos direitos \u00e0 educa\u00e7\u00e3o para meninas quilombolas. O Coletivo Nacional de Educa\u00e7\u00e3o da Coordena\u00e7\u00e3o Nacional de Articula\u00e7\u00e3o das Comunidades Negras Rurais Quilombolas (CONAQ) lan\u00e7ou a revista Educa Quilombo. A primeira edi\u00e7\u00e3o do material de resist\u00eancia e informa\u00e7\u00e3o teve [&hellip;]<\/p>\n","protected":false},"author":1,"featured_media":1187,"comment_status":"open","ping_status":"open","sticky":false,"template":"","format":"standard","meta":{"inline_featured_image":false,"footnotes":""},"categories":[14,15,11],"tags":[],"class_list":["post-1186","post","type-post","status-publish","format-standard","has-post-thumbnail","hentry","category-cultura-e-ancestralidade","category-educacao-e-formacao","category-noticias"],"_links":{"self":[{"href":"https:\/\/solved.eco.br\/intranet\/wp-json\/wp\/v2\/posts\/1186","targetHints":{"allow":["GET"]}}],"collection":[{"href":"https:\/\/solved.eco.br\/intranet\/wp-json\/wp\/v2\/posts"}],"about":[{"href":"https:\/\/solved.eco.br\/intranet\/wp-json\/wp\/v2\/types\/post"}],"author":[{"embeddable":true,"href":"https:\/\/solved.eco.br\/intranet\/wp-json\/wp\/v2\/users\/1"}],"replies":[{"embeddable":true,"href":"https:\/\/solved.eco.br\/intranet\/wp-json\/wp\/v2\/comments?post=1186"}],"version-history":[{"count":2,"href":"https:\/\/solved.eco.br\/intranet\/wp-json\/wp\/v2\/posts\/1186\/revisions"}],"predecessor-version":[{"id":1222,"href":"https:\/\/solved.eco.br\/intranet\/wp-json\/wp\/v2\/posts\/1186\/revisions\/1222"}],"wp:featuredmedia":[{"embeddable":true,"href":"https:\/\/solved.eco.br\/intranet\/wp-json\/wp\/v2\/media\/1187"}],"wp:attachment":[{"href":"https:\/\/solved.eco.br\/intranet\/wp-json\/wp\/v2\/media?parent=1186"}],"wp:term":[{"taxonomy":"category","embeddable":true,"href":"https:\/\/solved.eco.br\/intranet\/wp-json\/wp\/v2\/categories?post=1186"},{"taxonomy":"post_tag","embeddable":true,"href":"https:\/\/solved.eco.br\/intranet\/wp-json\/wp\/v2\/tags?post=1186"}],"curies":[{"name":"wp","href":"https:\/\/api.w.org\/{rel}","templated":true}]}}