{"id":1193,"date":"2025-02-24T22:34:11","date_gmt":"2025-02-25T01:34:11","guid":{"rendered":"https:\/\/solved.eco.br\/intranet\/?p=1193"},"modified":"2025-04-10T03:08:38","modified_gmt":"2025-04-10T06:08:38","slug":"a-amaz-busca-negocios-startups-e-empreendedores-de-impacto-com-atuacao-na-amazonia-rural-e-florestal","status":"publish","type":"post","link":"https:\/\/solved.eco.br\/intranet\/a-amaz-busca-negocios-startups-e-empreendedores-de-impacto-com-atuacao-na-amazonia-rural-e-florestal\/","title":{"rendered":"A AMAZ busca neg\u00f3cios, startups e empreendedores de impacto com atua\u00e7\u00e3o na Amaz\u00f4nia rural e florestal"},"content":{"rendered":"\n<p><em>Aceleradora de impacto abre oportunidades de incentivo \u00e0 iniciativas no norte.<\/em><\/p>\n\n\n\n<figure class=\"wp-block-image size-large is-resized\"><img fetchpriority=\"high\" decoding=\"async\" width=\"835\" height=\"1024\" src=\"http:\/\/solved.eco.br\/intranet\/wp-content\/uploads\/2025\/02\/Imagem-do-WhatsApp-de-2025-02-24-as-22.29.49_f80ff413-835x1024.jpg\" alt=\"\" class=\"wp-image-1194\" style=\"width:812px;height:auto\" srcset=\"https:\/\/solved.eco.br\/intranet\/wp-content\/uploads\/2025\/02\/Imagem-do-WhatsApp-de-2025-02-24-as-22.29.49_f80ff413-835x1024.jpg 835w, https:\/\/solved.eco.br\/intranet\/wp-content\/uploads\/2025\/02\/Imagem-do-WhatsApp-de-2025-02-24-as-22.29.49_f80ff413-245x300.jpg 245w, https:\/\/solved.eco.br\/intranet\/wp-content\/uploads\/2025\/02\/Imagem-do-WhatsApp-de-2025-02-24-as-22.29.49_f80ff413-768x942.jpg 768w, https:\/\/solved.eco.br\/intranet\/wp-content\/uploads\/2025\/02\/Imagem-do-WhatsApp-de-2025-02-24-as-22.29.49_f80ff413.jpg 1044w\" sizes=\"(max-width: 835px) 100vw, 835px\" \/><\/figure>\n\n\n\n<p>A Chamada 2025 da AMAZ est\u00e1 aberta!\ud83d\udc4d\ud83c\udffe\ud83c\udf33<\/p>\n\n\n\n<p>A&nbsp;<strong>AMAZ<\/strong>&nbsp;\u00e9 a maior aceleradora de neg\u00f3cios de impacto do norte do pa\u00eds, totalmente dedicada aos empreendedores e empreendedoras que atuam na regi\u00e3o amaz\u00f4nica gerando impactos positivos para a floresta e suas popula\u00e7\u00f5es. Seu programa de acelera\u00e7\u00e3o \u00e9 customizado para atender as reais demandas dos neg\u00f3cios que comp\u00f5em o portf\u00f3lio durante a jornada de acelera\u00e7\u00e3o.&nbsp;<\/p>\n\n\n\n<p>Podem participar neg\u00f3cios em:<\/p>\n\n\n\n<p>\ud83c\udf33 Agricultura, pecu\u00e1ria e produ\u00e7\u00e3o rural sustent\u00e1vel<br>\ud83c\udf33 Manejo e produ\u00e7\u00e3o florestal sustent\u00e1vel<br>\ud83c\udf33 Produtos da sociobiodiversidade<br>\ud83c\udf33 Reflorestamento e produ\u00e7\u00e3o agroflorestal<br>\ud83c\udf33 Turismo sustent\u00e1vel e\/ou de base comunit\u00e1ria<br>\ud83c\udf33 Alimenta\u00e7\u00e3o<br>\ud83c\udf33 Cosm\u00e9ticos<br>\ud83c\udf33 Artesanato, arte e moda sustent\u00e1vel<br>\ud83c\udf33 Log\u00edstica, comunica\u00e7\u00e3o e servi\u00e7os financeiros<br>\ud83c\udf33 Solu\u00e7\u00f5es tecnol\u00f3gicas<br>\ud83c\udf33 Plataformas de comercializa\u00e7\u00e3o e acesso a mercados<br>\ud83c\udf33 Educa\u00e7\u00e3o e empreendedorismo de impacto socioambiental<br>\ud83c\udf33 Mitiga\u00e7\u00e3o e adapta\u00e7\u00e3o \u00e0s mudan\u00e7as clim\u00e1ticas<br>\ud83c\udf33 Carbono e outros produtos e servi\u00e7os socioambientais<\/p>\n\n\n\n<p>\ud83d\udcc5 <strong>As inscri\u00e7\u00f5es v\u00e3o at\u00e9 o dia 25 de abril!<\/strong> Confira o regulamento completo e inscreva-se em<br><a href=\"https:\/\/novo.welight.live\/grant\/enroll\/673f75064e936df79d5ddf63\" data-type=\"link\" data-id=\"https:\/\/novo.welight.live\/grant\/enroll\/673f75064e936df79d5ddf63\">bit.ly\/amaz-selecao25<\/a> \ud83d\ude09<\/p>\n\n\n\n<p>\ud83d\udcf7 Foto: Renato Stockler\/Idesam<\/p>\n\n\n\n<p><a href=\"https:\/\/www.instagram.com\/explore\/tags\/chamadaamaz2025\/\">#ChamadaAMAZ2025<\/a><a href=\"https:\/\/www.instagram.com\/explore\/tags\/amaz\/\">#AMAZ<\/a><a href=\"https:\/\/www.instagram.com\/explore\/tags\/amazaceleradora\/\">#AMAZaceleradora<\/a><a href=\"https:\/\/www.instagram.com\/explore\/tags\/aceleradoradeimpacto\/\">#AceleradoraDeImpacto<\/a><a href=\"https:\/\/www.instagram.com\/explore\/tags\/amaz%C3%B4nia\/\">#Amaz\u00f4nia<\/a><a href=\"https:\/\/www.instagram.com\/explore\/tags\/chamadaamaz\/\">#ChamadaAMAZ<\/a><a href=\"https:\/\/www.instagram.com\/explore\/tags\/neg%C3%B3ciosdeimpacto\/\">#Neg\u00f3ciosDeImpacto<\/a><br><br><a href=\"https:\/\/amaz.org.br\/\" data-type=\"link\" data-id=\"https:\/\/amaz.org.br\/\">(Fonte: AMAZ)<\/a><\/p>\n","protected":false},"excerpt":{"rendered":"<p>Aceleradora de impacto abre oportunidades de incentivo \u00e0 iniciativas no norte. A Chamada 2025 da AMAZ est\u00e1 aberta!\ud83d\udc4d\ud83c\udffe\ud83c\udf33 A&nbsp;AMAZ&nbsp;\u00e9 a maior aceleradora de neg\u00f3cios de impacto do norte do pa\u00eds, totalmente dedicada aos empreendedores e empreendedoras que atuam na regi\u00e3o amaz\u00f4nica gerando impactos positivos para a floresta e suas popula\u00e7\u00f5es. Seu programa de acelera\u00e7\u00e3o \u00e9 [&hellip;]<\/p>\n","protected":false},"author":1,"featured_media":1194,"comment_status":"open","ping_status":"open","sticky":false,"template":"","format":"standard","meta":{"inline_featured_image":false,"footnotes":""},"categories":[17,13,11],"tags":[],"class_list":["post-1193","post","type-post","status-publish","format-standard","has-post-thumbnail","hentry","category-bioeconomia-e-conservacao","category-editais-e-oportunidades","category-noticias"],"_links":{"self":[{"href":"https:\/\/solved.eco.br\/intranet\/wp-json\/wp\/v2\/posts\/1193","targetHints":{"allow":["GET"]}}],"collection":[{"href":"https:\/\/solved.eco.br\/intranet\/wp-json\/wp\/v2\/posts"}],"about":[{"href":"https:\/\/solved.eco.br\/intranet\/wp-json\/wp\/v2\/types\/post"}],"author":[{"embeddable":true,"href":"https:\/\/solved.eco.br\/intranet\/wp-json\/wp\/v2\/users\/1"}],"replies":[{"embeddable":true,"href":"https:\/\/solved.eco.br\/intranet\/wp-json\/wp\/v2\/comments?post=1193"}],"version-history":[{"count":2,"href":"https:\/\/solved.eco.br\/intranet\/wp-json\/wp\/v2\/posts\/1193\/revisions"}],"predecessor-version":[{"id":1219,"href":"https:\/\/solved.eco.br\/intranet\/wp-json\/wp\/v2\/posts\/1193\/revisions\/1219"}],"wp:featuredmedia":[{"embeddable":true,"href":"https:\/\/solved.eco.br\/intranet\/wp-json\/wp\/v2\/media\/1194"}],"wp:attachment":[{"href":"https:\/\/solved.eco.br\/intranet\/wp-json\/wp\/v2\/media?parent=1193"}],"wp:term":[{"taxonomy":"category","embeddable":true,"href":"https:\/\/solved.eco.br\/intranet\/wp-json\/wp\/v2\/categories?post=1193"},{"taxonomy":"post_tag","embeddable":true,"href":"https:\/\/solved.eco.br\/intranet\/wp-json\/wp\/v2\/tags?post=1193"}],"curies":[{"name":"wp","href":"https:\/\/api.w.org\/{rel}","templated":true}]}}