{"id":1202,"date":"2025-02-25T17:57:29","date_gmt":"2025-02-25T20:57:29","guid":{"rendered":"https:\/\/solved.eco.br\/intranet\/?p=1202"},"modified":"2025-04-10T03:10:23","modified_gmt":"2025-04-10T06:10:23","slug":"conaq-lanca-edital-para-selecionar-pesquisadoras-es-quilombolas-de-24-estados","status":"publish","type":"post","link":"https:\/\/solved.eco.br\/intranet\/conaq-lanca-edital-para-selecionar-pesquisadoras-es-quilombolas-de-24-estados\/","title":{"rendered":"CONAQ lan\u00e7a edital para selecionar pesquisadoras\/es quilombolas de 24 estados"},"content":{"rendered":"\n<p><em>Inscreva-se para a Rede Nacional de Pesquisadoras e Pesquisadores Quilombolas.<\/em><\/p>\n\n\n\n<figure class=\"wp-block-image size-large\"><img fetchpriority=\"high\" decoding=\"async\" width=\"1024\" height=\"573\" src=\"http:\/\/solved.eco.br\/intranet\/wp-content\/uploads\/2025\/02\/CONAQ-lanca-edital-para-selecionar-pesquisadora-es-quilombolas-de-24-estados-1024x573.webp\" alt=\"\" class=\"wp-image-1203\" srcset=\"https:\/\/solved.eco.br\/intranet\/wp-content\/uploads\/2025\/02\/CONAQ-lanca-edital-para-selecionar-pesquisadora-es-quilombolas-de-24-estados-1024x573.webp 1024w, https:\/\/solved.eco.br\/intranet\/wp-content\/uploads\/2025\/02\/CONAQ-lanca-edital-para-selecionar-pesquisadora-es-quilombolas-de-24-estados-300x168.webp 300w, https:\/\/solved.eco.br\/intranet\/wp-content\/uploads\/2025\/02\/CONAQ-lanca-edital-para-selecionar-pesquisadora-es-quilombolas-de-24-estados-768x429.webp 768w, https:\/\/solved.eco.br\/intranet\/wp-content\/uploads\/2025\/02\/CONAQ-lanca-edital-para-selecionar-pesquisadora-es-quilombolas-de-24-estados.webp 1216w\" sizes=\"(max-width: 1024px) 100vw, 1024px\" \/><\/figure>\n\n\n\n<p>A Coordena\u00e7\u00e3o Nacional de Articula\u00e7\u00e3o das Comunidades Negras Rurais Quilombolas (CONAQ), por meio do seu Coletivo Nacional de Educa\u00e7\u00e3o, lan\u00e7ou na ter\u00e7a-feira (18\/02) edital para selecionar pesquisadoras e pesquisadores quilombolas de 24 estados para a forma\u00e7\u00e3o da Rede Nacional de Pesquisadoras e Pesquisadores Quilombolas.<\/p>\n\n\n\n<p>O grupo ir\u00e1 fortalecer a representatividade das comunidades na produ\u00e7\u00e3o e dissemina\u00e7\u00e3o do conhecimento, desenvolver novos estudos voltados para a realidade e desigualdades que afetam escolas e estudantes quilombolas, atuar para fomentar os princ\u00edpios da justi\u00e7a social por meio de pesquisas comprometidas com os territ\u00f3rios quilombolas, entre outras a\u00e7\u00f5es de fortalecimento das comunidades.<\/p>\n\n\n\n<p>Os pesquisadores e pesquisadoras selecionadas\/os receber\u00e3o apoio financeiro no valor de um sal\u00e1rio m\u00ednimo mensal pago no per\u00edodo de nove meses para a realiza\u00e7\u00e3o da pesquisa. S\u00e3o 28 vagas, sendo 01 vaga por estado que possui comunidades reconhecidas pela Funda\u00e7\u00e3o Cultural Palmares, e aumentando para 02 vagas na Bahia, Maranh\u00e3o, Minas Gerais e Par\u00e1, \u2013 estados com maior n\u00famero de comunidades quilombolas.<\/p>\n\n\n\n<p><strong><a href=\"https:\/\/conaq.org.br\/wp-content\/uploads\/2025\/02\/EDITAL-CHAMADA-PARA-A-CRIACAO-DA-REDE-DE-PESQUISADORAS-E-PESQUISADORES-QUILOMBOLAS-1.pdf\" target=\"_blank\" rel=\"noreferrer noopener\">Clique aqui<\/a>&nbsp;e leia o edital.<\/strong><\/p>\n\n\n\n<p><strong>As inscri\u00e7\u00f5es s\u00e3o realizadas at\u00e9 dia 18 de mar\u00e7o por meio do preenchimento do formul\u00e1rio online dispon\u00edvel neste link:&nbsp;<a href=\"https:\/\/forms.gle\/AMBAyts9VagCNNqt6\" target=\"_blank\" rel=\"noreferrer noopener\">Formul\u00e1rio de inscri\u00e7\u00e3o<\/a>.<\/strong><\/p>\n\n\n\n<p>O edital convida quilombolas, especialmente estudantes de gradua\u00e7\u00e3o e p\u00f3s-gradua\u00e7\u00e3o e professoras e professores a se inscreverem para compor a iniciativa. Para concorrer \u00e9 necess\u00e1rio:<\/p>\n\n\n\n<ul class=\"wp-block-list\">\n<li>Ser quilombola, com atua\u00e7\u00e3o comprovada em sua comunidade.<\/li>\n\n\n\n<li>Estar cursando ou ter conclu\u00eddo a gradua\u00e7\u00e3o ou p\u00f3s-gradua\u00e7\u00e3o, preferencialmente na \u00e1rea da educa\u00e7\u00e3o.<\/li>\n\n\n\n<li>Residir no estado para o qual est\u00e1 concorrendo.<\/li>\n\n\n\n<li>Ter disponibilidade de 20 horas semanais para realizar a pesquisa no prazo estipulado.<\/li>\n\n\n\n<li>Elaborar um memorial (m\u00ednimo de 3 p\u00e1ginas) relatando sua trajet\u00f3ria no movimento quilombola, rela\u00e7\u00e3o com a sua comunidade quilombola e \u2013 interesse na pesquisa.<\/li>\n\n\n\n<li>Ser membra\/o do Coletivo Nacional de Educa\u00e7\u00e3o da CONAQ, de outro coletivo da CONAQ ou de entidades locais do movimento quilombola comprovadamente.<\/li>\n<\/ul>\n\n\n\n<p>D\u00favidas podem ser encaminhadas para o e-mail:&nbsp;<a href=\"mailto:coletivo.eeq@gmail.com\" target=\"_blank\" rel=\"noreferrer noopener\">coletivonacional.eeq@gmail.com<\/a>. <\/p>\n\n\n\n<p><a href=\"https:\/\/conaq.org.br\/conaq-lanca-edital-para-selecionar-pesquisadoras-es-quilombolas-de-24-estados-saiba-mais\/\" data-type=\"link\" data-id=\"https:\/\/conaq.org.br\/conaq-lanca-edital-para-selecionar-pesquisadoras-es-quilombolas-de-24-estados-saiba-mais\/\">(Fonte: CONAQ)<\/a><\/p>\n","protected":false},"excerpt":{"rendered":"<p>Inscreva-se para a Rede Nacional de Pesquisadoras e Pesquisadores Quilombolas. A Coordena\u00e7\u00e3o Nacional de Articula\u00e7\u00e3o das Comunidades Negras Rurais Quilombolas (CONAQ), por meio do seu Coletivo Nacional de Educa\u00e7\u00e3o, lan\u00e7ou na ter\u00e7a-feira (18\/02) edital para selecionar pesquisadoras e pesquisadores quilombolas de 24 estados para a forma\u00e7\u00e3o da Rede Nacional de Pesquisadoras e Pesquisadores Quilombolas. O [&hellip;]<\/p>\n","protected":false},"author":1,"featured_media":1203,"comment_status":"open","ping_status":"open","sticky":false,"template":"","format":"standard","meta":{"inline_featured_image":false,"footnotes":""},"categories":[13,15,11],"tags":[],"class_list":["post-1202","post","type-post","status-publish","format-standard","has-post-thumbnail","hentry","category-editais-e-oportunidades","category-educacao-e-formacao","category-noticias"],"_links":{"self":[{"href":"https:\/\/solved.eco.br\/intranet\/wp-json\/wp\/v2\/posts\/1202","targetHints":{"allow":["GET"]}}],"collection":[{"href":"https:\/\/solved.eco.br\/intranet\/wp-json\/wp\/v2\/posts"}],"about":[{"href":"https:\/\/solved.eco.br\/intranet\/wp-json\/wp\/v2\/types\/post"}],"author":[{"embeddable":true,"href":"https:\/\/solved.eco.br\/intranet\/wp-json\/wp\/v2\/users\/1"}],"replies":[{"embeddable":true,"href":"https:\/\/solved.eco.br\/intranet\/wp-json\/wp\/v2\/comments?post=1202"}],"version-history":[{"count":2,"href":"https:\/\/solved.eco.br\/intranet\/wp-json\/wp\/v2\/posts\/1202\/revisions"}],"predecessor-version":[{"id":1209,"href":"https:\/\/solved.eco.br\/intranet\/wp-json\/wp\/v2\/posts\/1202\/revisions\/1209"}],"wp:featuredmedia":[{"embeddable":true,"href":"https:\/\/solved.eco.br\/intranet\/wp-json\/wp\/v2\/media\/1203"}],"wp:attachment":[{"href":"https:\/\/solved.eco.br\/intranet\/wp-json\/wp\/v2\/media?parent=1202"}],"wp:term":[{"taxonomy":"category","embeddable":true,"href":"https:\/\/solved.eco.br\/intranet\/wp-json\/wp\/v2\/categories?post=1202"},{"taxonomy":"post_tag","embeddable":true,"href":"https:\/\/solved.eco.br\/intranet\/wp-json\/wp\/v2\/tags?post=1202"}],"curies":[{"name":"wp","href":"https:\/\/api.w.org\/{rel}","templated":true}]}}