{"id":1242,"date":"2025-02-27T14:45:27","date_gmt":"2025-02-27T17:45:27","guid":{"rendered":"https:\/\/solved.eco.br\/intranet\/?p=1242"},"modified":"2025-04-10T03:15:15","modified_gmt":"2025-04-10T06:15:15","slug":"ministerio-da-pesca-e-aquicultura-prorroga-prazo-para-recadastramento-no-registro-geral-da-atividade-pesqueira-rgp","status":"publish","type":"post","link":"https:\/\/solved.eco.br\/intranet\/ministerio-da-pesca-e-aquicultura-prorroga-prazo-para-recadastramento-no-registro-geral-da-atividade-pesqueira-rgp\/","title":{"rendered":"Minist\u00e9rio da Pesca e Aquicultura prorroga prazo para recadastramento no Registro Geral da Atividade Pesqueira (RGP)"},"content":{"rendered":"\n<p><em>Agora, os pescadores(as) t\u00eam at\u00e9 31 de mar\u00e7o de 2025 para se recadastrar.<\/em><\/p>\n\n\n\n<figure class=\"wp-block-image size-full is-resized\"><img fetchpriority=\"high\" decoding=\"async\" width=\"768\" height=\"381\" src=\"https:\/\/solved.eco.br\/intranet\/wp-content\/uploads\/2025\/02\/1c40ba3d-b8d5-4aaa-8391-66cd7d0065ba.jpeg\" alt=\"\" class=\"wp-image-1243\" style=\"width:840px;height:auto\" srcset=\"https:\/\/solved.eco.br\/intranet\/wp-content\/uploads\/2025\/02\/1c40ba3d-b8d5-4aaa-8391-66cd7d0065ba.jpeg 768w, https:\/\/solved.eco.br\/intranet\/wp-content\/uploads\/2025\/02\/1c40ba3d-b8d5-4aaa-8391-66cd7d0065ba-300x149.jpeg 300w\" sizes=\"(max-width: 768px) 100vw, 768px\" \/><\/figure>\n\n\n\n<p>Foi publicada na ter\u00e7a-feira (31\/12\/2024) a\u00a0<a href=\"https:\/\/www.in.gov.br\/web\/dou\/-\/portaria-mpa-n-401-de-30-de-dezembro-de-2024-605045344\" target=\"_blank\" rel=\"noreferrer noopener\">Portaria MPA n\u00ba 401\/2024<\/a>,\u00a0<strong>que prorroga, at\u00e9 o dia 31 de mar\u00e7o de 2025, o prazo para o recadastramento no Registro Geral da Atividade Pesqueira (RGP), para a emiss\u00e3o da Licen\u00e7a de Pescador e Pescadora Profissional<\/strong>.<\/p>\n\n\n\n<p><strong>O Registro \u00e9 essencial para exercer a atividade profissional e o pescador(a) que n\u00e3o realizar o recadastramento ter\u00e1 sua licen\u00e7a cancelada,<\/strong>&nbsp;conforme o Art. 21 da&nbsp;<a href=\"https:\/\/www.in.gov.br\/en\/web\/dou\/-\/portaria-mpa-n-127-de-29-de-agosto-de-2023-506365296\" target=\"_blank\" rel=\"noreferrer noopener\">Portaria MPA n\u00ba 127\/2023<\/a>. Ap\u00f3s essa data, um novo requerimento s\u00f3 poder\u00e1 ser realizado no sistema PesqBrasil depois de 6 meses do cancelamento e o seguro-defeso ap\u00f3s 1 (um) ano da emiss\u00e3o da Licen\u00e7a.<\/p>\n\n\n\n<p><strong>O prazo prorrogado \u00e9 para:<\/strong><\/p>\n\n\n\n<ul class=\"wp-block-list\">\n<li>O pescador que possui uma Licen\u00e7a ativa e ainda n\u00e3o se cadastrou no Sistema on line (SISRGP 4.0 ou no PesqBrasil &#8211; RGP Pescador e pescadora profissional); e<\/li>\n\n\n\n<li>O pescador que n\u00e3o possui carteira e que estava exercendo a atividade com o protocolo f\u00edsico.<br><\/li>\n<\/ul>\n\n\n\n<p>Para mais esclarecimentos, entrar em contato pelo telefone: <strong>(61) 3276-5073<\/strong> ou pelo e-mail: <strong>pesqbrasil.rgp@mpa.gov.br<\/strong><\/p>\n\n\n\n<p><a href=\"https:\/\/www.gov.br\/mpa\/pt-br\/assuntos\/noticias\/ministerio-da-pesca-e-aquicultura-prorroga-prazo-para-recadastramento-no-registro-geral-da-atividade-pesqueira-rgp\" data-type=\"link\" data-id=\"https:\/\/www.gov.br\/mpa\/pt-br\/assuntos\/noticias\/ministerio-da-pesca-e-aquicultura-prorroga-prazo-para-recadastramento-no-registro-geral-da-atividade-pesqueira-rgp\">(Fonte: Gov.br)<\/a><\/p>\n","protected":false},"excerpt":{"rendered":"<p>Agora, os pescadores(as) t\u00eam at\u00e9 31 de mar\u00e7o de 2025 para se recadastrar. Foi publicada na ter\u00e7a-feira (31\/12\/2024) a\u00a0Portaria MPA n\u00ba 401\/2024,\u00a0que prorroga, at\u00e9 o dia 31 de mar\u00e7o de 2025, o prazo para o recadastramento no Registro Geral da Atividade Pesqueira (RGP), para a emiss\u00e3o da Licen\u00e7a de Pescador e Pescadora Profissional. O Registro [&hellip;]<\/p>\n","protected":false},"author":1,"featured_media":1243,"comment_status":"open","ping_status":"open","sticky":false,"template":"","format":"standard","meta":{"inline_featured_image":false,"footnotes":""},"categories":[17,13,11],"tags":[],"class_list":["post-1242","post","type-post","status-publish","format-standard","has-post-thumbnail","hentry","category-bioeconomia-e-conservacao","category-editais-e-oportunidades","category-noticias"],"_links":{"self":[{"href":"https:\/\/solved.eco.br\/intranet\/wp-json\/wp\/v2\/posts\/1242","targetHints":{"allow":["GET"]}}],"collection":[{"href":"https:\/\/solved.eco.br\/intranet\/wp-json\/wp\/v2\/posts"}],"about":[{"href":"https:\/\/solved.eco.br\/intranet\/wp-json\/wp\/v2\/types\/post"}],"author":[{"embeddable":true,"href":"https:\/\/solved.eco.br\/intranet\/wp-json\/wp\/v2\/users\/1"}],"replies":[{"embeddable":true,"href":"https:\/\/solved.eco.br\/intranet\/wp-json\/wp\/v2\/comments?post=1242"}],"version-history":[{"count":1,"href":"https:\/\/solved.eco.br\/intranet\/wp-json\/wp\/v2\/posts\/1242\/revisions"}],"predecessor-version":[{"id":1244,"href":"https:\/\/solved.eco.br\/intranet\/wp-json\/wp\/v2\/posts\/1242\/revisions\/1244"}],"wp:featuredmedia":[{"embeddable":true,"href":"https:\/\/solved.eco.br\/intranet\/wp-json\/wp\/v2\/media\/1243"}],"wp:attachment":[{"href":"https:\/\/solved.eco.br\/intranet\/wp-json\/wp\/v2\/media?parent=1242"}],"wp:term":[{"taxonomy":"category","embeddable":true,"href":"https:\/\/solved.eco.br\/intranet\/wp-json\/wp\/v2\/categories?post=1242"},{"taxonomy":"post_tag","embeddable":true,"href":"https:\/\/solved.eco.br\/intranet\/wp-json\/wp\/v2\/tags?post=1242"}],"curies":[{"name":"wp","href":"https:\/\/api.w.org\/{rel}","templated":true}]}}