{"id":1245,"date":"2025-02-27T14:48:41","date_gmt":"2025-02-27T17:48:41","guid":{"rendered":"https:\/\/solved.eco.br\/intranet\/?p=1245"},"modified":"2025-04-10T03:41:07","modified_gmt":"2025-04-10T06:41:07","slug":"programa-desenrola-rural-entra-em-vigor-nesta-segunda-feira-24-02","status":"publish","type":"post","link":"https:\/\/solved.eco.br\/intranet\/programa-desenrola-rural-entra-em-vigor-nesta-segunda-feira-24-02\/","title":{"rendered":"Programa Desenrola Rural para renegocia\u00e7\u00e3o de d\u00edvidas entrou em vigor nesta segunda-feira, 24\/02"},"content":{"rendered":"\n<p><em>O agricultor familiar j\u00e1 pode procurar uma ag\u00eancia banc\u00e1ria para renegociar as suas d\u00edvidas, que podem ter descontos de at\u00e9 96%. <\/em><\/p>\n\n\n\n<figure class=\"wp-block-image size-full is-resized\"><img fetchpriority=\"high\" decoding=\"async\" width=\"768\" height=\"400\" src=\"http:\/\/solved.eco.br\/intranet\/wp-content\/uploads\/2025\/02\/2451799a-72b7-42fb-848a-a8355e581fe2.jpeg\" alt=\"\" class=\"wp-image-1246\" style=\"width:840px;height:auto\" srcset=\"https:\/\/solved.eco.br\/intranet\/wp-content\/uploads\/2025\/02\/2451799a-72b7-42fb-848a-a8355e581fe2.jpeg 768w, https:\/\/solved.eco.br\/intranet\/wp-content\/uploads\/2025\/02\/2451799a-72b7-42fb-848a-a8355e581fe2-300x156.jpeg 300w\" sizes=\"(max-width: 768px) 100vw, 768px\" \/><\/figure>\n\n\n\n<p>Entra em vigor a partir desta segunda-feira (24\/02), o Programa Desenrola Rural. Sancionada pelo presidente Lula por meio do Decreto 12381\/2025, a medida dar\u00e1 a oportunidade aos agricultores familiares, assentados da reforma agr\u00e1ria, quilombolas e demais povos e comunidades tradicionais, de renegociarem cr\u00e9ditos em situa\u00e7\u00e3o de inadimpl\u00eancia. Dessa forma, os benefici\u00e1rios poder\u00e3o voltar a acessar o cr\u00e9dito rural e aumentar a oferta da produ\u00e7\u00e3o de alimentos saud\u00e1veis para a mesa do povo brasileiro. Maior a produ\u00e7\u00e3o de alimentos, maior a oferta e menores os pre\u00e7os.<br><br>O agricultor familiar j\u00e1 pode procurar uma ag\u00eancia banc\u00e1ria para renegociar as suas d\u00edvidas, que podem ter descontos de at\u00e9 96%. A renegocia\u00e7\u00e3o vale para aqueles que possuem d\u00edvidas no Programa Nacional de Fortalecimento da Agricultura Familiar (Pronaf) e outras, como cart\u00f5es e empr\u00e9stimos nas institui\u00e7\u00f5es financeiras, do Cr\u00e9dito de Instala\u00e7\u00e3o e d\u00edvidas j\u00e1 inscritas na D\u00edvida Ativa da Uni\u00e3o (DAU), como impostos e outros d\u00e9bitos federais, todas com inadimpl\u00eancia superior a 1 ano.<br><br>N\u00e3o haver\u00e1 impedimentos para a obten\u00e7\u00e3o de novos cr\u00e9ditos para o agricultor familiar que tiver pend\u00eancias relacionadas a pequenas d\u00edvidas, como, por exemplo, d\u00e9bitos em contas de \u00e1gua, luz ou telefone.<br><br><strong>Como vai funcionar<\/strong><\/p>\n\n\n\n<ul class=\"wp-block-list\">\n<li>Quem estiver inscrito na D\u00edvida Ativa da Uni\u00e3o poder\u00e1 acessar, a partir do dia 24\/02, o site do Regularize com seu CPF e selecionar \u201cConsultar D\u00edvida\u201d para selecionar suas op\u00e7\u00f5es de pagamento.<\/li>\n\n\n\n<li>Se a d\u00edvida for do Pronaf, ou outras adquiridas junto aos bancos, o interessado deve procurar sua institui\u00e7\u00e3o financeira para regularizar sua situa\u00e7\u00e3o.<\/li>\n\n\n\n<li>Se a d\u00edvida for de Cr\u00e9dito de Instala\u00e7\u00e3o, o interessado pode ir direto ao Incra para quitar os d\u00e9bitos com desconto ou acessar a\u00a0<strong><a href=\"https:\/\/saladacidadania.incra.gov.br\/?AspxAutoDetectCookieSupport=1\">Sala da Cidadania<\/a>.\u00a0<\/strong><\/li>\n\n\n\n<li>O interessado em aderir ao Programa tamb\u00e9m pode procurar os sindicatos, associa\u00e7\u00f5es e entidades representativas para obter aux\u00edlio.<\/li>\n<\/ul>\n\n\n\n<p><strong>Assessoria Especial de Comunica\u00e7\u00e3o Social &#8211; MDA<\/strong><br>E-mail:&nbsp;<a href=\"http:\/\/imprensa@mda.gov.br\/\">imprensa@mda.gov.br<\/a><br>Participe do nosso canal no&nbsp;<strong><a href=\"https:\/\/whatsapp.com\/channel\/0029ValJqx5HFxP3ZZTn9Y0q\">WhatsApp<\/a><\/strong><\/p>\n\n\n\n<p><a href=\"https:\/\/www.gov.br\/mda\/pt-br\/noticias\/2025\/02\/programa-desenrola-rural-entra-em-vigor-nesta-segunda-feira-24-02\" data-type=\"link\" data-id=\"https:\/\/www.gov.br\/mda\/pt-br\/noticias\/2025\/02\/programa-desenrola-rural-entra-em-vigor-nesta-segunda-feira-24-02\">(Fonte: Gov.br)<\/a> <\/p>\n","protected":false},"excerpt":{"rendered":"<p>O agricultor familiar j\u00e1 pode procurar uma ag\u00eancia banc\u00e1ria para renegociar as suas d\u00edvidas, que podem ter descontos de at\u00e9 96%. Entra em vigor a partir desta segunda-feira (24\/02), o Programa Desenrola Rural. Sancionada pelo presidente Lula por meio do Decreto 12381\/2025, a medida dar\u00e1 a oportunidade aos agricultores familiares, assentados da reforma agr\u00e1ria, quilombolas [&hellip;]<\/p>\n","protected":false},"author":1,"featured_media":1246,"comment_status":"open","ping_status":"open","sticky":false,"template":"","format":"standard","meta":{"inline_featured_image":false,"footnotes":""},"categories":[16,13,11],"tags":[],"class_list":["post-1245","post","type-post","status-publish","format-standard","has-post-thumbnail","hentry","category-direitos-e-politicas-publicas","category-editais-e-oportunidades","category-noticias"],"_links":{"self":[{"href":"https:\/\/solved.eco.br\/intranet\/wp-json\/wp\/v2\/posts\/1245","targetHints":{"allow":["GET"]}}],"collection":[{"href":"https:\/\/solved.eco.br\/intranet\/wp-json\/wp\/v2\/posts"}],"about":[{"href":"https:\/\/solved.eco.br\/intranet\/wp-json\/wp\/v2\/types\/post"}],"author":[{"embeddable":true,"href":"https:\/\/solved.eco.br\/intranet\/wp-json\/wp\/v2\/users\/1"}],"replies":[{"embeddable":true,"href":"https:\/\/solved.eco.br\/intranet\/wp-json\/wp\/v2\/comments?post=1245"}],"version-history":[{"count":3,"href":"https:\/\/solved.eco.br\/intranet\/wp-json\/wp\/v2\/posts\/1245\/revisions"}],"predecessor-version":[{"id":1249,"href":"https:\/\/solved.eco.br\/intranet\/wp-json\/wp\/v2\/posts\/1245\/revisions\/1249"}],"wp:featuredmedia":[{"embeddable":true,"href":"https:\/\/solved.eco.br\/intranet\/wp-json\/wp\/v2\/media\/1246"}],"wp:attachment":[{"href":"https:\/\/solved.eco.br\/intranet\/wp-json\/wp\/v2\/media?parent=1245"}],"wp:term":[{"taxonomy":"category","embeddable":true,"href":"https:\/\/solved.eco.br\/intranet\/wp-json\/wp\/v2\/categories?post=1245"},{"taxonomy":"post_tag","embeddable":true,"href":"https:\/\/solved.eco.br\/intranet\/wp-json\/wp\/v2\/tags?post=1245"}],"curies":[{"name":"wp","href":"https:\/\/api.w.org\/{rel}","templated":true}]}}