{"id":1254,"date":"2025-03-13T23:27:16","date_gmt":"2025-03-14T02:27:16","guid":{"rendered":"https:\/\/solved.eco.br\/intranet\/?p=1254"},"modified":"2025-04-10T03:22:29","modified_gmt":"2025-04-10T06:22:29","slug":"documentario-o-chamado-do-cacique-que-aborda-a-historia-do-cacique-raoni-estreia-no-youtube","status":"publish","type":"post","link":"https:\/\/solved.eco.br\/intranet\/documentario-o-chamado-do-cacique-que-aborda-a-historia-do-cacique-raoni-estreia-no-youtube\/","title":{"rendered":"Document\u00e1rio \u201cO Chamado do Cacique\u201d, que aborda a hist\u00f3ria do cacique Raoni, estreia no YouTube"},"content":{"rendered":"\n<figure class=\"wp-block-image size-full is-resized\"><img fetchpriority=\"high\" decoding=\"async\" width=\"800\" height=\"481\" src=\"https:\/\/solved.eco.br\/intranet\/wp-content\/uploads\/2025\/03\/raoni-foto-divulgacao-instituto-raoni.jpg\" alt=\"\" class=\"wp-image-1264\" style=\"width:840px;height:auto\" srcset=\"https:\/\/solved.eco.br\/intranet\/wp-content\/uploads\/2025\/03\/raoni-foto-divulgacao-instituto-raoni.jpg 800w, https:\/\/solved.eco.br\/intranet\/wp-content\/uploads\/2025\/03\/raoni-foto-divulgacao-instituto-raoni-300x180.jpg 300w, https:\/\/solved.eco.br\/intranet\/wp-content\/uploads\/2025\/03\/raoni-foto-divulgacao-instituto-raoni-768x462.jpg 768w\" sizes=\"(max-width: 800px) 100vw, 800px\" \/><\/figure>\n\n\n\n<p>O minidocument\u00e1rio \u201cO Chamado do Cacique: heran\u00e7a, terra e futuro\u201d foi lan\u00e7ado no YouTube em 21\/02 pelo canal do IPAM (Instituto de Pesquisa Ambiental da Amaz\u00f4nia). A obra, que teve sua&nbsp;<a href=\"https:\/\/ipam.org.br\/documentario-o-chamado-do-cacique-estreia-na-proxima-terca-23-04\/#:~:text=O%20document%C3%A1rio%20celebra%20a%20jornada,aos%20seus%20direitos%20e%20cultura.\">estreia presencial na Caixa Cultural Bras\u00edlia<\/a>&nbsp;em 23 de abril de 2024, agora estar\u00e1 acess\u00edvel ao p\u00fablico geral.<\/p>\n\n\n\n<p>Produzido pelo&nbsp;<a href=\"http:\/\/ipam.org.br\/amazoniar\">projeto Amazoniar<\/a>&nbsp;do IPAM em parceria com o Instituto Raoni, \u201cO Chamado do Cacique\u201d recebeu no in\u00edcio do m\u00eas de fevereiro a premia\u00e7\u00e3o m\u00e1xima de melhor filme document\u00e1rio da 10\u00ba FESTiFRANCE \u2013 Mostra Francesa de Cinema em Paris, na Fran\u00e7a.<\/p>\n\n\n\n<h4 class=\"wp-block-heading\">Assista ao Trailer<\/h4>\n\n\n\n<figure class=\"wp-block-embed is-type-video is-provider-youtube wp-block-embed-youtube wp-embed-aspect-16-9 wp-has-aspect-ratio\"><div class=\"wp-block-embed__wrapper\">\n<iframe title=\"O Chamado do Cacique: Heran\u00e7a, Terra e Futuro | Trailer Oficial\" width=\"800\" height=\"450\" src=\"https:\/\/www.youtube.com\/embed\/P631mVDXRog?feature=oembed\" frameborder=\"0\" allow=\"accelerometer; autoplay; clipboard-write; encrypted-media; gyroscope; picture-in-picture; web-share\" referrerpolicy=\"strict-origin-when-cross-origin\" allowfullscreen><\/iframe>\n<\/div><\/figure>\n\n\n\n<p>O document\u00e1rio destaca a trajet\u00f3ria do&nbsp;<a href=\"https:\/\/institutoraoni.org.br\/cacique-raoni\/\">cacique Raoni Metuktire<\/a>&nbsp;na luta pelos direitos humanos e pela conserva\u00e7\u00e3o do meio ambiente, evidenciando a import\u00e2ncia do di\u00e1logo entre os povos ind\u00edgenas e a sociedade n\u00e3o ind\u00edgena. Al\u00e9m disso, aborda os desafios que amea\u00e7am as culturas e os direitos dos povos origin\u00e1rios, ressaltando a transi\u00e7\u00e3o para uma nova gera\u00e7\u00e3o de lideran\u00e7as, incluindo o papel crescente das mulheres ind\u00edgenas na defesa de seus territ\u00f3rios.<\/p>\n\n\n\n<h4 class=\"wp-block-heading\">Sobre o document\u00e1rio<\/h4>\n\n\n\n<p>A segunda edi\u00e7\u00e3o da reuni\u00e3o \u201cO Chamado do Cacique Raoni\u201d, promovida por ele em julho de 2023 na aldeia Piara\u00e7\u00fa, no Mato Grosso, serviu de cen\u00e1rio para o filme. O evento reuniu representantes de diversas etnias para debater os desafios enfrentados pelos povos ind\u00edgenas e o futuro do planeta. O document\u00e1rio tamb\u00e9m refor\u00e7a os 30 anos de compromisso do IPAM com a defesa dos povos origin\u00e1rios desde a funda\u00e7\u00e3o do instituto.<\/p>\n\n\n\n<p>Desde sua estreia, ele tem sido exibido em eventos nacionais e internacionais, ampliando sua mensagem socioambiental pelo mundo. Entre os destaques est\u00e3o a exibi\u00e7\u00e3o em junho de 2024 no Festival SEMEIA no Museu do Amanh\u00e3, no Rio de Janeiro, e no UK-Brazil Forum da Universidade de Oxford, em Londres, durante a London Climate Action Week. O filme tamb\u00e9m foi apresentado na Dean\u2019s Lecture da Universidade de Stanford, nos Estados Unidos, em setembro do mesmo ano, e no 3\u00ba Festival Internacional de Cinema Ambiental de Garopaba, em novembro.<\/p>\n\n\n\n<p>\u201cO Cacique Raoni \u00e9 uma lideran\u00e7a incontest\u00e1vel, cuja luta ultrapassa fronteiras. Seu chamado tem o poder de unir povos ind\u00edgenas do Brasil, do mundo e tamb\u00e9m os n\u00e3o-ind\u00edgenas, sempre em defesa da paz entre culturas e de um futuro coletivo. Os ind\u00edgenas e suas terras s\u00e3o os melhores defensores do meio ambiente, cuja preserva\u00e7\u00e3o \u00e9 essencial para a estabilidade clim\u00e1tica e a paz global, j\u00e1 que desequil\u00edbrios ambientais, historicamente, alimentam conflitos. Por isso, O Chamado do Cacique: Heran\u00e7a, Terra e Futuro ser\u00e1 disponibilizado gratuitamente \u2013 essa mensagem n\u00e3o deve ter barreiras e precisa ser ouvida por todos\u201d, comentou Lucas Moutinho, um dos diretores do filme.<\/p>\n\n\n\n<p><strong>Veja na \u00edntegra pelo YouTube no link: <a href=\"https:\/\/www.youtube.com\/watch?v=lxMTHXmhJRg\" data-type=\"link\" data-id=\"https:\/\/www.youtube.com\/watch?v=lxMTHXmhJRg\">O Chamado do Cacique<\/a> <\/strong><\/p>\n\n\n\n<h4 class=\"wp-block-heading\">Ficha T\u00e9cnica<\/h4>\n\n\n\n<p><strong>Realiza\u00e7\u00e3o:<\/strong>\u00a0IPAM, pelo projeto Amazoniar, e Instituto Raoni<\/p>\n\n\n\n<p><strong>Co-produ\u00e7\u00e3o:<\/strong>\u00a0Filmes do Fogo\u00a0<\/p>\n\n\n\n<p><strong>Apoio:<\/strong>&nbsp;Gordon and Betty Moore Foundation e Bari Filmes<\/p>\n\n\n\n<p><a href=\"https:\/\/ipam.org.br\/chamado_do_cacique\/\" data-type=\"link\" data-id=\"https:\/\/ipam.org.br\/chamado_do_cacique\/\">(Fonte: IPAM)<\/a> <\/p>\n","protected":false},"excerpt":{"rendered":"<p>O minidocument\u00e1rio \u201cO Chamado do Cacique: heran\u00e7a, terra e futuro\u201d foi lan\u00e7ado no YouTube em 21\/02 pelo canal do IPAM (Instituto de Pesquisa Ambiental da Amaz\u00f4nia). A obra, que teve sua&nbsp;estreia presencial na Caixa Cultural Bras\u00edlia&nbsp;em 23 de abril de 2024, agora estar\u00e1 acess\u00edvel ao p\u00fablico geral. Produzido pelo&nbsp;projeto Amazoniar&nbsp;do IPAM em parceria com o [&hellip;]<\/p>\n","protected":false},"author":1,"featured_media":1264,"comment_status":"open","ping_status":"open","sticky":false,"template":"","format":"standard","meta":{"inline_featured_image":false,"footnotes":""},"categories":[14,11],"tags":[],"class_list":["post-1254","post","type-post","status-publish","format-standard","has-post-thumbnail","hentry","category-cultura-e-ancestralidade","category-noticias"],"_links":{"self":[{"href":"https:\/\/solved.eco.br\/intranet\/wp-json\/wp\/v2\/posts\/1254","targetHints":{"allow":["GET"]}}],"collection":[{"href":"https:\/\/solved.eco.br\/intranet\/wp-json\/wp\/v2\/posts"}],"about":[{"href":"https:\/\/solved.eco.br\/intranet\/wp-json\/wp\/v2\/types\/post"}],"author":[{"embeddable":true,"href":"https:\/\/solved.eco.br\/intranet\/wp-json\/wp\/v2\/users\/1"}],"replies":[{"embeddable":true,"href":"https:\/\/solved.eco.br\/intranet\/wp-json\/wp\/v2\/comments?post=1254"}],"version-history":[{"count":1,"href":"https:\/\/solved.eco.br\/intranet\/wp-json\/wp\/v2\/posts\/1254\/revisions"}],"predecessor-version":[{"id":1266,"href":"https:\/\/solved.eco.br\/intranet\/wp-json\/wp\/v2\/posts\/1254\/revisions\/1266"}],"wp:featuredmedia":[{"embeddable":true,"href":"https:\/\/solved.eco.br\/intranet\/wp-json\/wp\/v2\/media\/1264"}],"wp:attachment":[{"href":"https:\/\/solved.eco.br\/intranet\/wp-json\/wp\/v2\/media?parent=1254"}],"wp:term":[{"taxonomy":"category","embeddable":true,"href":"https:\/\/solved.eco.br\/intranet\/wp-json\/wp\/v2\/categories?post=1254"},{"taxonomy":"post_tag","embeddable":true,"href":"https:\/\/solved.eco.br\/intranet\/wp-json\/wp\/v2\/tags?post=1254"}],"curies":[{"name":"wp","href":"https:\/\/api.w.org\/{rel}","templated":true}]}}