{"id":1268,"date":"2025-03-24T20:05:41","date_gmt":"2025-03-24T23:05:41","guid":{"rendered":"https:\/\/solved.eco.br\/intranet\/?p=1268"},"modified":"2025-04-10T03:24:32","modified_gmt":"2025-04-10T06:24:32","slug":"educacao-para-o-bem-viver-projeto-de-apoio-as-comunidades-indigenas-pela-equidade-na-educacao-termina-na-quinta-feira-27-03","status":"publish","type":"post","link":"https:\/\/solved.eco.br\/intranet\/educacao-para-o-bem-viver-projeto-de-apoio-as-comunidades-indigenas-pela-equidade-na-educacao-termina-na-quinta-feira-27-03\/","title":{"rendered":"&#8220;Educa\u00e7\u00e3o Para o Bem Viver&#8221;: Projeto de apoio \u00e0s comunidades ind\u00edgenas pela equidade na educa\u00e7\u00e3o termina na quinta-feira, 27\/03"},"content":{"rendered":"\n<p><em>Fundo Casa lan\u00e7a primeira Chamada de Projetos de 2025: Educa\u00e7\u00e3o para o Bem-Viver.<\/em><\/p>\n\n\n\n<figure class=\"wp-block-image size-large\"><img fetchpriority=\"high\" decoding=\"async\" width=\"1024\" height=\"683\" src=\"http:\/\/solved.eco.br\/intranet\/wp-content\/uploads\/2025\/03\/1080x720-site-1024x683.png\" alt=\"\" class=\"wp-image-1269\" srcset=\"https:\/\/solved.eco.br\/intranet\/wp-content\/uploads\/2025\/03\/1080x720-site-1024x683.png 1024w, https:\/\/solved.eco.br\/intranet\/wp-content\/uploads\/2025\/03\/1080x720-site-300x200.png 300w, https:\/\/solved.eco.br\/intranet\/wp-content\/uploads\/2025\/03\/1080x720-site-768x512.png 768w, https:\/\/solved.eco.br\/intranet\/wp-content\/uploads\/2025\/03\/1080x720-site.png 1081w\" sizes=\"(max-width: 1024px) 100vw, 1024px\" \/><\/figure>\n\n\n\n<h2 class=\"wp-block-heading\"><strong>1. Contexto<\/strong><\/h2>\n\n\n\n<p>Com o compromisso de enfrentar os desafios educacionais das comunidades ind\u00edgenas, o Fundo Casa Socioambiental, em parceria com a Imaginable Futures, lan\u00e7a a segunda chamada para apoiar iniciativas que promovam a equidade e combatam o racismo no campo da educa\u00e7\u00e3o.<\/p>\n\n\n\n<p>Sabemos que a educa\u00e7\u00e3o ind\u00edgena enfrenta desafios complexos, como a falta de infraestrutura, de forma\u00e7\u00e3o adequada para professores ind\u00edgenas, al\u00e9m de dificuldades de acesso e perman\u00eancia de estudantes. Soma-se a isso o desafio de garantir o reconhecimento e a valoriza\u00e7\u00e3o dos saberes ancestrais e dos espa\u00e7os de ensino n\u00e3o formal, que s\u00e3o fundamentais para construir uma educa\u00e7\u00e3o diferenciada e culturalmente alinhada.<\/p>\n\n\n\n<p>As organiza\u00e7\u00f5es ind\u00edgenas e a sociedade civil t\u00eam desempenhado um papel crucial, criando solu\u00e7\u00f5es inovadoras que podem ser replicadas em diferentes contextos. Em 2024,&nbsp;<a href=\"https:\/\/casa.org.br\/projetos-da-chamada-educacao-para-o-bem-viver-avancam-na-valorizacao-da-educacao-indigena\/\">a primeira chamada \u2018Educa\u00e7\u00e3o para o Bem Viver\u2019 apoiou 31 iniciativas<\/a>&nbsp;que fortaleceram a identidade ind\u00edgena, o uso de l\u00ednguas maternas, e a gest\u00e3o comunit\u00e1ria das escolas, al\u00e9m de integrar pr\u00e1ticas sustent\u00e1veis, como hortas escolares e educa\u00e7\u00e3o ambiental.<\/p>\n\n\n\n<p>Com esta nova chamada, reafirmamos nosso compromisso de apoiar organiza\u00e7\u00f5es ind\u00edgenas na supera\u00e7\u00e3o dos desafios, rumo a uma educa\u00e7\u00e3o mais inclusiva e equitativa.<\/p>\n\n\n\n<h2 class=\"wp-block-heading\"><strong>2. Sobre o Fundo Casa<\/strong><\/h2>\n\n\n\n<p>O Fundo Casa Socioambiental \u00e9 uma organiza\u00e7\u00e3o sem fins lucrativos que tem como miss\u00e3o promover a conserva\u00e7\u00e3o e a sustentabilidade ambiental, a democracia, o respeito aos direitos socioambientais, a equidade de g\u00eanero e ra\u00e7a, a justi\u00e7a social e clim\u00e1tica, por meio do apoio financeiro e do fortalecimento de capacidades de iniciativas da sociedade civil.<\/p>\n\n\n\n<p>Somos parceiros de institui\u00e7\u00f5es filantr\u00f3picas que desejam apoiar as comunidades de base, mas encontram desafios para atingir esses grupos. Temos experi\u00eancia em fazer com que o recurso da filantropia chegue at\u00e9 os grupos comunit\u00e1rios e, para isso, desenvolvemos uma metodologia de apoio e monitoramento que considera a din\u00e2mica dos territ\u00f3rios.<\/p>\n\n\n\n<p>Somos pioneiros no debate da filantropia socioambiental no Brasil desde 2005. Nosso objetivo \u00e9 gerar impacto positivo nos mais diversos territ\u00f3rios, ao investir nas vidas ao seu redor, criando conex\u00f5es entre pessoas e organiza\u00e7\u00f5es. Existimos para transformar.<\/p>\n\n\n\n<h2 class=\"wp-block-heading\"><strong>3. Chamada de Projetos<\/strong><\/h2>\n\n\n\n<h3 class=\"wp-block-heading\"><strong>3.1 Objetivo Geral<\/strong><\/h3>\n\n\n\n<p>Fomentar a\u00e7\u00f5es lideradas por organiza\u00e7\u00f5es ind\u00edgenas comunit\u00e1rias, fortalecendo a resili\u00eancia dos povos ind\u00edgenas e promovendo respostas comunit\u00e1rias alinhadas ao combate \u00e0 desigualdade e ao racismo no campo da educa\u00e7\u00e3o.<\/p>\n\n\n\n<h3 class=\"wp-block-heading\"><strong>3.2 Atividades Eleg\u00edveis para Apoio<\/strong><\/h3>\n\n\n\n<p>A lista abaixo foi elaborada com base na escuta das organiza\u00e7\u00f5es ind\u00edgenas apoiadas na primeira chamada e nos di\u00e1logos realizados no campo da educa\u00e7\u00e3o ind\u00edgena. Esta lista \u00e9 indicativa e n\u00e3o limita as possibilidades de atividades que podem ser apresentadas.<\/p>\n\n\n\n<p><strong>Fortalecimento da Autonomia e Gest\u00e3o Escolar<\/strong><\/p>\n\n\n\n<ul class=\"wp-block-list\">\n<li>Promover a autodetermina\u00e7\u00e3o das comunidades e escolas ind\u00edgenas, incentivando a autonomia e o protagonismo local.<\/li>\n\n\n\n<li>Fomentar a gest\u00e3o democr\u00e1tica das escolas com a participa\u00e7\u00e3o de lideran\u00e7as, anci\u00e3os, pais e m\u00e3es.<\/li>\n\n\n\n<li>Apoiar a revis\u00e3o e contextualiza\u00e7\u00e3o dos Projetos Pol\u00edticos Pedag\u00f3gicos (PPPs), garantindo que sejam constru\u00e7\u00f5es coletivas que envolvam toda a comunidade.<\/li>\n<\/ul>\n\n\n\n<p><strong>Valoriza\u00e7\u00e3o de Saberes e L\u00ednguas Ind\u00edgenas<\/strong><\/p>\n\n\n\n<ul class=\"wp-block-list\">\n<li>Valorizar e promover as l\u00ednguas ind\u00edgenas como ferramentas de ensino e produ\u00e7\u00e3o de materiais did\u00e1ticos bil\u00edngues.<\/li>\n\n\n\n<li>Fomentar o reconhecimento e a valoriza\u00e7\u00e3o dos detentores de saberes tradicionais, fortalecendo seu papel na educa\u00e7\u00e3o.<\/li>\n<\/ul>\n\n\n\n<p><strong>Educa\u00e7\u00e3o Intercultural e Contextualizada<\/strong><\/p>\n\n\n\n<ul class=\"wp-block-list\">\n<li>Apoiar a implementa\u00e7\u00e3o de curr\u00edculos interculturais e contextualizados \u00e0s realidades locais.<\/li>\n\n\n\n<li>Incentivar pr\u00e1ticas pedag\u00f3gicas como hortas escolares, oficinas de saberes tradicionais e projetos sobre mudan\u00e7as clim\u00e1ticas.<\/li>\n<\/ul>\n\n\n\n<p><strong>Promo\u00e7\u00e3o da Equidade e Combate ao Racismo<\/strong><\/p>\n\n\n\n<ul class=\"wp-block-list\">\n<li>Incentivar o cumprimento da Lei n\u00ba 11.645\/2008 e outras normativas que promovam rela\u00e7\u00f5es \u00e9tnico-raciais equitativas.<\/li>\n\n\n\n<li>Realizar forma\u00e7\u00f5es e debates sobre racismo, inclus\u00e3o e diversidade, fortalecendo o controle social e a implementa\u00e7\u00e3o de pol\u00edticas educacionais.<\/li>\n<\/ul>\n\n\n\n<p><strong>Participa\u00e7\u00e3o Comunit\u00e1ria e Comunica\u00e7\u00e3o<\/strong><\/p>\n\n\n\n<ul class=\"wp-block-list\">\n<li>Mobilizar universidades, movimentos sociais e grupos culturais para a constru\u00e7\u00e3o participativa de projetos escolares.<\/li>\n\n\n\n<li>Fortalecer o sentimento de pertencimento na comunidade escolar com uma comunica\u00e7\u00e3o inclusiva e alinhada \u00e0 cultura local.<\/li>\n<\/ul>\n\n\n\n<p><strong>Incid\u00eancia Pol\u00edtica e Advocacy<\/strong><\/p>\n\n\n\n<ul class=\"wp-block-list\">\n<li>Participa\u00e7\u00e3o em decis\u00f5es: Promover a incid\u00eancia pol\u00edtica para fortalecer a representatividade ind\u00edgena em inst\u00e2ncias decis\u00f3rias educacionais.<\/li>\n\n\n\n<li>Pol\u00edticas p\u00fablicas: Mobilizar processos de decoloniza\u00e7\u00e3o das pol\u00edticas p\u00fablicas de educa\u00e7\u00e3o escolar ind\u00edgena.<\/li>\n<\/ul>\n\n\n\n<h3 class=\"wp-block-heading\"><strong>3.3 Crit\u00e9rios de Elegibilidade<\/strong><\/h3>\n\n\n\n<ul class=\"wp-block-list\">\n<li>Associa\u00e7\u00f5es ind\u00edgenas comunit\u00e1rias, sem fins lucrativos, devidamente constitu\u00eddas, ativas, formadas por ind\u00edgenas de um ou mais povos e representativas de comunidades;<\/li>\n\n\n\n<li>Organiza\u00e7\u00f5es com or\u00e7amento institucional de at\u00e9 R$ 300.000,00 no ano de 2024;<\/li>\n\n\n\n<li>Organiza\u00e7\u00f5es com a documenta\u00e7\u00e3o institucional em dia e enviada juntamente com o formul\u00e1rio narrativo e o or\u00e7amento do projeto;<\/li>\n\n\n\n<li>Organiza\u00e7\u00f5es que n\u00e3o possuam CNPJ tamb\u00e9m s\u00e3o eleg\u00edveis e podem apresentar projetos nesta Chamada por meio de uma organiza\u00e7\u00e3o parceira. (Veja as orienta\u00e7\u00f5es sobre organiza\u00e7\u00e3o parceira no Formul\u00e1rio de Inscri\u00e7\u00e3o e nas d\u00favidas frequentes no item 10 desta chamada de projetos);<\/li>\n\n\n\n<li>Cada organiza\u00e7\u00e3o poder\u00e1 apresentar apenas um projeto.<\/li>\n<\/ul>\n\n\n\n<h3 class=\"wp-block-heading\"><strong>3.4 Crit\u00e9rios de Prioridade<\/strong><\/h3>\n\n\n\n<ul class=\"wp-block-list\">\n<li>Coer\u00eancia entre objetivos, atividades e or\u00e7amento;<\/li>\n\n\n\n<li>Capacidade institucional da organiza\u00e7\u00e3o para execu\u00e7\u00e3o;<\/li>\n\n\n\n<li>Hist\u00f3rico de atua\u00e7\u00e3o no tema da educa\u00e7\u00e3o;<\/li>\n\n\n\n<li>Participa\u00e7\u00e3o da comunidade na concep\u00e7\u00e3o e execu\u00e7\u00e3o do projeto;<\/li>\n\n\n\n<li>Envolvimento de mulheres ind\u00edgenas, anci\u00e3os, crian\u00e7as e jovens;<\/li>\n\n\n\n<li>Regularidade na presta\u00e7\u00e3o de contas junto ao Fundo Casa.<\/li>\n\n\n\n<li>Ser\u00e3o selecionados, prioritariamente, projetos de organiza\u00e7\u00f5es que n\u00e3o tenham outros projetos em execu\u00e7\u00e3o com o Fundo Casa.<\/li>\n<\/ul>\n\n\n\n<h3 class=\"wp-block-heading\"><strong>3.5 Prazos e Valores e Abrang\u00eancia&nbsp;<\/strong><\/h3>\n\n\n\n<ul class=\"wp-block-list\">\n<li>Per\u00edodo de recebimento de propostas: De 27\/01\/2025 a 27\/03\/2025.<\/li>\n\n\n\n<li>Oficina Tira-D\u00favidas: 10\/03\/2025 (inscri\u00e7\u00e3o no item 5.4).<\/li>\n\n\n\n<li>Per\u00edodo de avalia\u00e7\u00e3o das propostas recebidas: De 27\/03\/2025 a 27\/05\/2025.<\/li>\n\n\n\n<li>Divulga\u00e7\u00e3o dos resultados: at\u00e9 28\/05\/2025, no site do Fundo Casa (www.casa.org.br\/noticias).<\/li>\n\n\n\n<li>Per\u00edodo de contrata\u00e7\u00e3o: De 28\/05 a 28\/06\/2025.<\/li>\n\n\n\n<li>Per\u00edodo de execu\u00e7\u00e3o dos projetos selecionados: De julho de 2025 a junho de 2026 (at\u00e9 12 meses).<\/li>\n\n\n\n<li>Entrega do relat\u00f3rio final e presta\u00e7\u00e3o de contas: At\u00e9 30\/07\/2026.<\/li>\n\n\n\n<li>Valor da chamada de projetos: Total dispon\u00edvel R$ 1.000.000,00<\/li>\n\n\n\n<li>Ser\u00e3o apoiados at\u00e9 20 projetos no valor de at\u00e9 R$50.000,00 cada.<\/li>\n\n\n\n<li>Libera\u00e7\u00e3o dos recursos: 90% no in\u00edcio do projeto e 10% ap\u00f3s aprova\u00e7\u00e3o do relat\u00f3rio final.<\/li>\n\n\n\n<li>Abrang\u00eancia: Todo o territ\u00f3rio nacional brasileiro.<\/li>\n<\/ul>\n\n\n\n<h3 class=\"wp-block-heading\"><strong>3.6 Documenta\u00e7\u00e3o Necess\u00e1ria<\/strong><\/h3>\n\n\n\n<ul class=\"wp-block-list\">\n<li>\u00daltima ata de elei\u00e7\u00e3o vigente da organiza\u00e7\u00e3o;<\/li>\n\n\n\n<li>Estatuto da organiza\u00e7\u00e3o;<\/li>\n\n\n\n<li>CNPJ;<\/li>\n\n\n\n<li>Certid\u00e3o Negativa de D\u00e9bitos do FGTS;<\/li>\n\n\n\n<li>Certid\u00e3o Negativa de D\u00e9bitos da Receita Federal;<\/li>\n\n\n\n<li>C\u00f3pia do Extrato Banc\u00e1rio com os dados da conta banc\u00e1ria.<\/li>\n<\/ul>\n\n\n\n<p><strong>Aten\u00e7\u00e3o:&nbsp;<\/strong>A documenta\u00e7\u00e3o deve ser enviada no momento de inscri\u00e7\u00e3o da proposta, anexada no sistema digital de inscri\u00e7\u00e3o de projetos.<\/p>\n\n\n\n<h3 class=\"wp-block-heading\"><strong>3.7 Impostos e outros<\/strong><\/h3>\n\n\n\n<p>Organiza\u00e7\u00f5es, grupos e coletivos selecionados s\u00e3o respons\u00e1veis pelo pagamento de todos os tributos obrigat\u00f3rios \u2013 quer seja ITCMD (Imposto sobre Transmiss\u00e3o Causa Mortis e Doa\u00e7\u00e3o de Quaisquer Bens ou Direitos) e\/ou outros impostos obrigat\u00f3rios.<\/p>\n\n\n\n<h2 class=\"wp-block-heading\"><strong>4. Oficinas de Fortalecimento de Capacidades<\/strong><\/h2>\n\n\n\n<p>Todas as organiza\u00e7\u00f5es selecionadas dever\u00e3o participar de oficinas de fortalecimento de capacidades (online), cujas datas ser\u00e3o informadas pelo Fundo Casa.<\/p>\n\n\n\n<h2 class=\"wp-block-heading\"><strong>5. Como enviar sua proposta<\/strong><\/h2>\n\n\n\n<p>Os projetos dever\u00e3o ser enviados exclusivamente&nbsp;<strong>pelo sistema digital de inscri\u00e7\u00e3o de projetos do Fundo Casa, o CasaDigital<\/strong>. Ser\u00e3o consideradas v\u00e1lidas apenas inscri\u00e7\u00f5es realizadas dentro do prazo definido (item 3.5).&nbsp;&nbsp;<\/p>\n\n\n\n<p><a href=\"https:\/\/bd.casa.org.br\/CasaDigital\/Create?chamadaId=22\"><strong>CLIQUE AQUI PARA ACESSAR O CasaDigital.<\/strong><\/a><\/p>\n\n\n\n<p>Certifique-se de preencher todos os campos solicitados e salvar sua proposta ap\u00f3s as edi\u00e7\u00f5es.&nbsp;<\/p>\n\n\n\n<p><strong>Materiais auxiliares para inscri\u00e7\u00e3o:&nbsp;<\/strong>&nbsp;<\/p>\n\n\n\n<p>Anexo 1 \u2013&nbsp;<a href=\"https:\/\/casa.org.br\/wp-content\/uploads\/2025\/01\/formulario-educacao-indigena.docx\">Formul\u00e1rio Word Auxiliar para a Inscri\u00e7\u00e3o*<\/a>&nbsp;<\/p>\n\n\n\n<p>Anexo 2 \u2013&nbsp;<a href=\"https:\/\/casa.org.br\/wp-content\/uploads\/2024\/02\/planilha-orcamentaria.xlsx\">Planilha Or\u00e7ament\u00e1ria Auxiliar Excel<\/a><\/p>\n\n\n\n<p><strong>*ATEN\u00c7\u00c3O:&nbsp;<\/strong>Este formul\u00e1rio Word \u00e9 apenas um material de apoio para o preenchimento da inscri\u00e7\u00e3o online via CasaDigital. Utilize-o para organizar previamente todas as informa\u00e7\u00f5es necess\u00e1rias para a inscri\u00e7\u00e3o do seu projeto.&nbsp;<strong>N\u00e3o ser\u00e3o aceitas inscri\u00e7\u00f5es via formul\u00e1rio Word<\/strong>.<\/p>\n\n\n\n<h3 class=\"wp-block-heading\"><strong>5.1 \u2013 Contrapartidas<\/strong><\/h3>\n\n\n\n<p>Pedimos que quando houver contrapartida, estas sejam apresentadas na planilha or\u00e7ament\u00e1ria, mesmo que seja em bens e servi\u00e7os.<\/p>\n\n\n\n<h3 class=\"wp-block-heading\"><strong>5.2 \u2013 Oficina para tirar d\u00favidas<\/strong><\/h3>\n\n\n\n<p>No dia&nbsp;<strong>10\/03\/2025, \u00e0s 15h (hor\u00e1rio de Bras\u00edlia)<\/strong>&nbsp;teremos uma oficina para sanar todas as d\u00favidas.&nbsp;<a href=\"https:\/\/zoom.us\/meeting\/register\/tJMtfu6hqjorGNadnPRi1mNTlDeT9k0Q-_nk\">Clique aqui e inscreva-se para participar da oficina<\/a>.&nbsp;<\/p>\n\n\n\n<p><strong>Se ainda houver d\u00favidas, envie e-mail para&nbsp;chamada2501@casa.org.br<\/strong><\/p>\n\n\n\n<h2 class=\"wp-block-heading\"><strong>6. Declara\u00e7\u00f5es<\/strong><\/h2>\n\n\n\n<p><strong>Se o seu projeto se enquadrar em uma dessas situa\u00e7\u00f5es dever\u00e1 enviar as declara\u00e7\u00f5es conforme os modelos:<\/strong><\/p>\n\n\n\n<h3 class=\"wp-block-heading\"><strong>6.1 \u2013 Declara\u00e7\u00e3o da Comunidade sobre Execu\u00e7\u00e3o de Projeto em seu Territ\u00f3rio<\/strong><\/h3>\n\n\n\n<p>Caso a organiza\u00e7\u00e3o proponente n\u00e3o seja do territ\u00f3rio, ser\u00e1 necess\u00e1rio que a comunidade local assine a declara\u00e7\u00e3o autorizando a execu\u00e7\u00e3o do projeto em seu territ\u00f3rio. A declara\u00e7\u00e3o deve ser assinada por lideran\u00e7as comunit\u00e1rias e anexada na inscri\u00e7\u00e3o do projeto.<\/p>\n\n\n\n<p><a href=\"https:\/\/casa.org.br\/wp-content\/uploads\/2022\/06\/declaracao-comunidade.docx\"><strong>\u2013 Declara\u00e7\u00e3o da Comunidade sobre Execu\u00e7\u00e3o de Projeto em seu Territ\u00f3rio \u2013 Caso a organiza\u00e7\u00e3o proponente n\u00e3o seja do territ\u00f3rio (Clique aqui para baixar o documento).<\/strong><\/a><\/p>\n\n\n\n<h3 class=\"wp-block-heading\"><strong>6.2 \u2013 Declara\u00e7\u00e3o para projetos que necessitam de organiza\u00e7\u00e3o parceira<\/strong><\/h3>\n\n\n\n<p>Organiza\u00e7\u00f5es que n\u00e3o possuem CNPJ podem inscrever projetos nesta chamada de projetos com apoio de uma organiza\u00e7\u00e3o parceira, que cede seu CNPJ e conta banc\u00e1ria para o recebimento do recurso. Neste caso, representantes da organiza\u00e7\u00e3o proponente e parceira devem assinar e enviar a declara\u00e7\u00e3o abaixo.<\/p>\n\n\n\n<p><a href=\"https:\/\/casa.org.br\/wp-content\/uploads\/2023\/08\/declaracao-organizacao-parceira.docx\"><strong>\u2013 Declara\u00e7\u00e3o de projetos que t\u00eam parceiro \u2013 Quando a organiza\u00e7\u00e3o proponente n\u00e3o tiver personalidade jur\u00eddica (Clique aqui para baixar o documento).<\/strong><\/a><\/p>\n\n\n\n<p><strong>OBS:<\/strong>&nbsp;Para saber quais as atribui\u00e7\u00f5es da organiza\u00e7\u00e3o parceira, consulte as d\u00favidas frequentes no final desta p\u00e1gina.&nbsp;<\/p>\n\n\n\n<h2 class=\"wp-block-heading\"><strong>7. Pol\u00edtica de Conduta e Prote\u00e7\u00e3o do Fundo Casa<\/strong><\/h2>\n\n\n\n<p>Todas as organiza\u00e7\u00f5es que submeterem projetos dever\u00e3o estar cientes que, caso sejam selecionadas para receber o apoio do Fundo Casa dever\u00e3o estar de acordo e assumir o compromisso de respeitar a Pol\u00edtica de Conduta e Prote\u00e7\u00e3o do Fundo Casa,&nbsp;<a href=\"https:\/\/casa.org.br\/wp-content\/uploads\/2022\/02\/politica-conduta-protecao-fundo-casa.pdf\">dispon\u00edvel aqui<\/a>.<\/p>\n\n\n\n<h2 class=\"wp-block-heading\"><strong>8. Apoiadores dessa Chamada<\/strong><\/h2>\n\n\n\n<p>Esta chamada conta com recursos da&nbsp;<a href=\"https:\/\/www.imaginablefutures.com\/\">Imaginable Futures<\/a>.<\/p>\n\n\n\n<h2 class=\"wp-block-heading\"><strong>9. Como elaborar um projeto<\/strong><\/h2>\n\n\n\n<p>\u201cComo elaborar um projeto\u201d \u00e9 o primeiro epis\u00f3dio da s\u00e9rie Fortalecimento de Capacidades, criada pelo Fundo Casa em parceria com a SER. Entenda quais s\u00e3o os elementos que comp\u00f5em um projeto e quais s\u00e3o as etapas de desenvolvimento, desde o planejamento at\u00e9 a presta\u00e7\u00e3o de contas. N\u00e3o deixe tamb\u00e9m de consultar as d\u00favidas frequentes abaixo, a sua d\u00favida pode estar l\u00e1!<\/p>\n\n\n\n<figure class=\"wp-block-embed is-type-video is-provider-youtube wp-block-embed-youtube wp-embed-aspect-16-9 wp-has-aspect-ratio\"><div class=\"wp-block-embed__wrapper\">\n<iframe title=\"[Epis\u00f3dio 1] Como elaborar um projeto\" width=\"800\" height=\"450\" src=\"https:\/\/www.youtube.com\/embed\/JIpgn6WO5dM?list=PL2DaoOsJtlWXS4ZdwVplwgbchKkKL1Ej_\" frameborder=\"0\" allow=\"accelerometer; autoplay; clipboard-write; encrypted-media; gyroscope; picture-in-picture; web-share\" referrerpolicy=\"strict-origin-when-cross-origin\" allowfullscreen><\/iframe>\n<\/div><\/figure>\n\n\n\n<h2 class=\"wp-block-heading\"><strong>10. D\u00favidas frequentes<\/strong><\/h2>\n\n\n\n<p><strong>1) Posso transferir o recurso da conta da Organiza\u00e7\u00e3o para uma outra conta? Posso sacar todo o recurso da conta da Organiza\u00e7\u00e3o e ficar com o valor em esp\u00e9cie?<\/strong><\/p>\n\n\n\n<p>N\u00e3o, em hip\u00f3tese alguma o recurso pode sair da conta da organiza\u00e7\u00e3o proponente ou organiza\u00e7\u00e3o parceira para conta de terceiros (isso inclui presidente, vice-presidente e integrantes da organiza\u00e7\u00e3o), e nem ser sacado integralmente. S\u00f3 poder\u00e1 ser transferido para pagamento de despesas previstas no projeto, em uma rela\u00e7\u00e3o direta saindo da conta da organiza\u00e7\u00e3o para a conta do fornecedor ou prestador de servi\u00e7os, comprovado mediante nota fiscal ou recibo (a depender do valor).<\/p>\n\n\n\n<p><strong>2) O que \u00e9 Organiza\u00e7\u00e3o Parceira?&nbsp;<\/strong><\/p>\n\n\n\n<p>Organiza\u00e7\u00e3o Parceira \u00e9 a institui\u00e7\u00e3o SEM FINS LUCRATIVOS que cede sua estrutura legal para os grupos e movimentos n\u00e3o formalizados, aqueles que n\u00e3o possuem personalidade jur\u00eddica. O projeto e as informa\u00e7\u00f5es da proposta devem ser em nome do grupo proponente. A Organiza\u00e7\u00e3o Parceira enviar\u00e1 os documentos para contrata\u00e7\u00e3o do projeto, assim como ser\u00e1 respons\u00e1vel pelo recebimento do recurso (em conta banc\u00e1ria institucional) e presta\u00e7\u00e3o de contas. Dessa maneira, o item do formul\u00e1rio \u201cOrganiza\u00e7\u00e3o Parceira\u201d s\u00f3 deve ser preenchido nos casos em que a organiza\u00e7\u00e3o proponente n\u00e3o possua CNPJ. A organiza\u00e7\u00e3o parceira \u00e9 a respons\u00e1vel legal pelo projeto junto ao Fundo Casa.&nbsp;<\/p>\n\n\n\n<p><strong>3) Somos a organiza\u00e7\u00e3o proponente, temos CNPJ, mas est\u00e1 irregular. Podemos enviar proposta para esta Chamada, com organiza\u00e7\u00e3o parceira?<\/strong><\/p>\n\n\n\n<p>Sim, sugerimos que conte com uma organiza\u00e7\u00e3o que j\u00e1 seja parceira de sua organiza\u00e7\u00e3o para ser parceira do seu projeto, e cogite a regulariza\u00e7\u00e3o institucional, usando at\u00e9 10% do valor total do or\u00e7amento do projeto para a regulariza\u00e7\u00e3o. Tamb\u00e9m recomendamos sempre verificar a situa\u00e7\u00e3o da conta banc\u00e1ria, que dever\u00e1 estar ativa\/regular.&nbsp;<\/p>\n\n\n\n<p>Caso o CNPJ da organiza\u00e7\u00e3o proponente esteja ativo e sem irregularidades, a mesma dever\u00e1 indicar informa\u00e7\u00f5es e uma conta banc\u00e1ria institucional pr\u00f3pria.<\/p>\n\n\n\n<p><strong>4) Envio de documentos \u2013 Os documentos enviados podem ser apenas c\u00f3pias digitais?<\/strong><\/p>\n\n\n\n<p>Sim, os documentos solicitados devem ser c\u00f3pias digitais.<\/p>\n\n\n\n<p><strong>5) Organiza\u00e7\u00f5es com projetos em execu\u00e7\u00e3o no Fundo Casa podem encaminhar propostas para esta chamada?<\/strong><\/p>\n\n\n\n<p>Preferencialmente, n\u00e3o. Ser\u00e3o selecionados, prioritariamente, projetos de organiza\u00e7\u00f5es que n\u00e3o tenham projetos em andamento com o Fundo Casa.<\/p>\n\n\n\n<p><strong>6) \u00c9 preciso uma conta banc\u00e1ria jur\u00eddica para receber o recurso?<\/strong><\/p>\n\n\n\n<p>Sim, \u00e9 necess\u00e1ria uma conta banc\u00e1ria de pessoa jur\u00eddica para receber os recursos do projeto. A conta em uma institui\u00e7\u00e3o banc\u00e1ria f\u00edsica ou digital&nbsp; deve estar no nome da organiza\u00e7\u00e3o com o CNPJ que ir\u00e1 receber a doa\u00e7\u00e3o. Contas pessoais n\u00e3o ser\u00e3o aceitas. Se a organiza\u00e7\u00e3o n\u00e3o tem personalidade jur\u00eddica, as informa\u00e7\u00f5es banc\u00e1rias apresentadas devem&nbsp;ser as da Organiza\u00e7\u00e3o Parceira (a organiza\u00e7\u00e3o que receber\u00e1 os recursos e ser\u00e1 a respons\u00e1vel legal pelo projeto).<\/p>\n\n\n\n<p><strong>7) O grupo est\u00e1 regularizando a documenta\u00e7\u00e3o. Pode enviar depois da sele\u00e7\u00e3o?&nbsp;<\/strong><\/p>\n\n\n\n<p>O ideal \u00e9 enviar toda a documenta\u00e7\u00e3o junto com seu projeto, isso facilita e agiliza a an\u00e1lise do projeto.&nbsp;<\/p>\n\n\n\n<p><strong>8) Poder\u00e1 participar desta chamada o grupo que tem pend\u00eancias em presta\u00e7\u00e3o de contas com o Fundo Casa?<\/strong><\/p>\n\n\n\n<p>Grupos com pend\u00eancia em presta\u00e7\u00e3o de contas n\u00e3o ser\u00e3o aceitos nesta chamada de projetos.&nbsp;<\/p>\n\n\n\n<p><strong>9) Uma mesma Organiza\u00e7\u00e3o Parceira poder\u00e1 ser parceira de at\u00e9 quantas organiza\u00e7\u00f5es proponentes?<\/strong><\/p>\n\n\n\n<p>Poder\u00e1 ser parceira de at\u00e9 duas organiza\u00e7\u00f5es proponentes.<\/p>\n\n\n\n<p><strong>10) Na planilha or\u00e7ament\u00e1ria quais despesas ser\u00e3o custeadas, existe algum modelo?&nbsp;<\/strong><\/p>\n\n\n\n<p>A sele\u00e7\u00e3o dos tipos de despesas \u00e9 feita pela organiza\u00e7\u00e3o proponente, devendo estar alinhada com os crit\u00e9rios da Linha Tem\u00e1tica que o grupo escolher atuar. \u00c9 parte da coer\u00eancia na apresenta\u00e7\u00e3o da proposta a rela\u00e7\u00e3o entre objetivos espec\u00edficos \/ atividades \/ custos.<\/p>\n\n\n\n<p><strong>11) Uma organiza\u00e7\u00e3o com CNPJ pr\u00f3prio, que inscreve um projeto poder\u00e1 servir de Organiza\u00e7\u00e3o Parceira para outro grupo sem CNPJ?&nbsp;<\/strong><\/p>\n\n\n\n<p>Sim. Uma mesma organiza\u00e7\u00e3o poder\u00e1 ser proponente de um (1) projeto pr\u00f3prio e Parceira para at\u00e9 um (1) outro grupo sem Pessoa Jur\u00eddica.<\/p>\n\n\n\n<p><a href=\"https:\/\/casa.org.br\/chamadas\/educacao-para-o-bem-viver-apoio-as-comunidades-indigenas-pela-equidade-na-educacao-2\/\" data-type=\"link\" data-id=\"https:\/\/casa.org.br\/chamadas\/educacao-para-o-bem-viver-apoio-as-comunidades-indigenas-pela-equidade-na-educacao-2\/\">(Fonte: Fundo Casa Socioambiental)<\/a> <\/p>\n\n\n\n<p><\/p>\n","protected":false},"excerpt":{"rendered":"<p>Fundo Casa lan\u00e7a primeira Chamada de Projetos de 2025: Educa\u00e7\u00e3o para o Bem-Viver. 1. Contexto Com o compromisso de enfrentar os desafios educacionais das comunidades ind\u00edgenas, o Fundo Casa Socioambiental, em parceria com a Imaginable Futures, lan\u00e7a a segunda chamada para apoiar iniciativas que promovam a equidade e combatam o racismo no campo da educa\u00e7\u00e3o. [&hellip;]<\/p>\n","protected":false},"author":1,"featured_media":1269,"comment_status":"open","ping_status":"open","sticky":false,"template":"","format":"standard","meta":{"inline_featured_image":false,"footnotes":""},"categories":[13,15,11,19],"tags":[],"class_list":["post-1268","post","type-post","status-publish","format-standard","has-post-thumbnail","hentry","category-editais-e-oportunidades","category-educacao-e-formacao","category-noticias","category-saude-e-bem-viver"],"_links":{"self":[{"href":"https:\/\/solved.eco.br\/intranet\/wp-json\/wp\/v2\/posts\/1268","targetHints":{"allow":["GET"]}}],"collection":[{"href":"https:\/\/solved.eco.br\/intranet\/wp-json\/wp\/v2\/posts"}],"about":[{"href":"https:\/\/solved.eco.br\/intranet\/wp-json\/wp\/v2\/types\/post"}],"author":[{"embeddable":true,"href":"https:\/\/solved.eco.br\/intranet\/wp-json\/wp\/v2\/users\/1"}],"replies":[{"embeddable":true,"href":"https:\/\/solved.eco.br\/intranet\/wp-json\/wp\/v2\/comments?post=1268"}],"version-history":[{"count":1,"href":"https:\/\/solved.eco.br\/intranet\/wp-json\/wp\/v2\/posts\/1268\/revisions"}],"predecessor-version":[{"id":1271,"href":"https:\/\/solved.eco.br\/intranet\/wp-json\/wp\/v2\/posts\/1268\/revisions\/1271"}],"wp:featuredmedia":[{"embeddable":true,"href":"https:\/\/solved.eco.br\/intranet\/wp-json\/wp\/v2\/media\/1269"}],"wp:attachment":[{"href":"https:\/\/solved.eco.br\/intranet\/wp-json\/wp\/v2\/media?parent=1268"}],"wp:term":[{"taxonomy":"category","embeddable":true,"href":"https:\/\/solved.eco.br\/intranet\/wp-json\/wp\/v2\/categories?post=1268"},{"taxonomy":"post_tag","embeddable":true,"href":"https:\/\/solved.eco.br\/intranet\/wp-json\/wp\/v2\/tags?post=1268"}],"curies":[{"name":"wp","href":"https:\/\/api.w.org\/{rel}","templated":true}]}}