{"id":1277,"date":"2025-03-24T20:04:02","date_gmt":"2025-03-24T23:04:02","guid":{"rendered":"https:\/\/solved.eco.br\/intranet\/?p=1277"},"modified":"2025-04-10T03:39:31","modified_gmt":"2025-04-10T06:39:31","slug":"ministerio-do-meio-ambiente-e-mudanca-do-clima-apresenta-estrategia-para-enfrentar-incendios-florestais-em-2025","status":"publish","type":"post","link":"https:\/\/solved.eco.br\/intranet\/ministerio-do-meio-ambiente-e-mudanca-do-clima-apresenta-estrategia-para-enfrentar-incendios-florestais-em-2025\/","title":{"rendered":"Minist\u00e9rio do Meio Ambiente e Mudan\u00e7a do Clima apresenta estrat\u00e9gia para enfrentar inc\u00eandios florestais em 2025"},"content":{"rendered":"\n<p><em>Instituto Chico Mendes deve contar com 1.758 brigadistas.<\/em><\/p>\n\n\n\n<p><img fetchpriority=\"high\" decoding=\"async\" src=\"https:\/\/www.gov.br\/icmbio\/pt-br\/assuntos\/noticias\/ultimas-noticias\/ministerio-do-meio-ambiente-e-mudanca-do-clima-apresenta-estrategia-para-enfrentar-incendios-em-2025\/20250227_115140-1-site.jpg\/@@images\/67609e5b-7591-443d-8426-e08dec9ba3e5.jpeg\" alt=\"20250227_115140 (1) SITE.jpg\" height=\"484\" width=\"768\"><\/p>\n\n\n\n<p><em>Apresenta\u00e7\u00e3o de medidas para combate a inc\u00eandios &#8211; Foto: Acervo<\/em><\/p>\n\n\n\n<p>O Minist\u00e9rio do Meio Ambiente e Mudan\u00e7a do Clima, ao lado do Instituto Chico Mendes de Conserva\u00e7\u00e3o da Biodiversidade (ICMBio) e o Instituto Brasileiro do Meio Ambiente e dos Recursos Naturais Renov\u00e1veis (Ibama), apresentou na quinta-feira do dia 27\/02, as medidas adotadas para combate a inc\u00eandios neste ano. A apresenta\u00e7\u00e3o foi feita no Audit\u00f3rio da Sede do Prevfogo, em Bras\u00edlia.<\/p>\n\n\n\n<p>A Ministra do Meio Ambiente e Mudan\u00e7a do Clima (MMA), Marina Silva, assinou uma portaria que estabelece estado de emerg\u00eancia em \u00e1reas vulner\u00e1veis a inc\u00eandios florestais. A portaria permite que o Ibama contrate brigadistas para atuar nos inc\u00eandios e d\u00e1 outras resolu\u00e7\u00f5es, como uma an\u00e1lise qualificada do cen\u00e1rio de 2025. De acordo com a Ministra, a portaria traz seguran\u00e7a jur\u00eddica para que os gestores p\u00fablicos atuem na ado\u00e7\u00e3o das medidas necess\u00e1rias para combater os inc\u00eandios neste ano.<\/p>\n\n\n\n<p>Segundo o secret\u00e1rio-executivo do MMA, Jo\u00e3o Paulo Capobianco, a portaria significa um esfor\u00e7o estrat\u00e9gico do Governo Federal para prevenir os inc\u00eandios florestais. De acordo com o secret\u00e1rio, o Governo Federal tem trabalhado na integra\u00e7\u00e3o de esfor\u00e7os com outros setores da Uni\u00e3o, enfatizando o di\u00e1logo da ministra com o Minist\u00e9rio da Justi\u00e7a para fortalecer a apura\u00e7\u00e3o dos inc\u00eandios; mas tamb\u00e9m com os estados.<\/p>\n\n\n\n<p>Em rela\u00e7\u00e3o ao ICMBio, as novidades foram anunciadas pelo presidente da institui\u00e7\u00e3o, Mauro Pires. Em 2025, a expectativa \u00e9 que haja aumento no n\u00famero de brigadistas contratados, que deve ser de 1.758 brigadistas, capacitados em 68 cursos. \u201cN\u00e3o se trata de uma atividade qualquer, necessitamos de profissionais qualificados. A capacita\u00e7\u00e3o \u00e9 essencial para que, no campo, tenhamos efetividade e garantia da seguran\u00e7a\u201d, disse Pires.<\/p>\n\n\n\n<p>No total, o Governo Federal estima que 4358 brigadistas federais, divididos em 231 brigadas (115 do ICMBio e 116 do Ibama), estejam aptos para atuar nos inc\u00eandios neste ano. Adicionalmente, cerca de 250 servidores devem integrar o comando e apoio log\u00edstico aos incidentes.<\/p>\n\n\n\n<p><strong>Aprova\u00e7\u00e3o no COMIF<\/strong><\/p>\n\n\n\n<p>Na ocasi\u00e3o, foi anunciada pelo secret\u00e1rio extraordin\u00e1rio de Controle dos Desmatamentos e Ordenamento Ambiental Territorial do MMA, Andr\u00e9 Lima, a Resolu\u00e7\u00e3o n.\u00ba 2 do Comit\u00ea Nacional de Manejo Integrado do Fogo (COMIF), que aprova os Planos de Manejo Integrado do Fogo (PMIF). A resolu\u00e7\u00e3o deriva de um trabalho coordenado pelo ICMBio que estabelece diretrizes, abrang\u00eancia, conte\u00fado m\u00ednimo, responsabilidades e incentivos do PMIF. Os PMIFs s\u00e3o um documento para auxiliar na gest\u00e3o do fogo de um determinado territ\u00f3rio, estabelecendo as janelas de queima, as estrat\u00e9gias para conserva\u00e7\u00e3o, como as queimas s\u00e3o executadas, dentre outras. No \u00e2mbito do ICMBio, os PMIFs j\u00e1 s\u00e3o executados pelas unidades de conserva\u00e7\u00e3o e est\u00e3o dispon\u00edveis publicamente no&nbsp;<a href=\"https:\/\/www.gov.br\/icmbio\/pt-br\/centrais-de-conteudo\/publicacoes\/planos-de-manejo-integrado-do-fogo\" rel=\"noreferrer noopener\" target=\"_blank\">site do ICMBio<\/a>.<\/p>\n\n\n\n<p><a href=\"https:\/\/brasil.un.org\/pt-br\/sdgs\" target=\"_blank\" rel=\"noreferrer noopener\">Objetivos de Desenvolvimento Sustent\u00e1vel<\/a>\u00a0relacionados:<\/p>\n\n\n\n<p><img decoding=\"async\" height=\"150\" width=\"150\" src=\"https:\/\/www.gov.br\/icmbio\/pt-br\/assuntos\/noticias\/ultimas-noticias\/ministerio-do-meio-ambiente-e-mudanca-do-clima-apresenta-estrategia-para-enfrentar-incendios-em-2025\/SDG13.png\/@@images\/2c31bf99-2815-4310-8f79-b7966b2dae3f.png\" alt=\".\">.<img decoding=\"async\" height=\"150\" width=\"150\" src=\"https:\/\/www.gov.br\/icmbio\/pt-br\/assuntos\/noticias\/ultimas-noticias\/ministerio-do-meio-ambiente-e-mudanca-do-clima-apresenta-estrategia-para-enfrentar-incendios-em-2025\/SDG15.png\/@@images\/bcc2a34a-fcae-461d-a22c-017d6e969b3b.png\" alt=\".\">.<img loading=\"lazy\" decoding=\"async\" height=\"150\" width=\"150\" src=\"https:\/\/www.gov.br\/icmbio\/pt-br\/assuntos\/noticias\/ultimas-noticias\/ministerio-do-meio-ambiente-e-mudanca-do-clima-apresenta-estrategia-para-enfrentar-incendios-em-2025\/SDG17.png\/@@images\/3f6d5f58-3227-431e-bd4a-ecaca6325de1.png\" alt=\".\">.<\/p>\n\n\n\n<p><em>Comunica\u00e7\u00e3o ICMBio<br><\/em><em>comunicacao@icmbio.gov.br<br><\/em><em>(61) 2028-9280<\/em><\/p>\n\n\n\n<p><a href=\"https:\/\/www.gov.br\/icmbio\/pt-br\/assuntos\/noticias\/ultimas-noticias\/ministerio-do-meio-ambiente-e-mudanca-do-clima-apresenta-estrategia-para-enfrentar-incendios-em-2025\" data-type=\"link\" data-id=\"https:\/\/www.gov.br\/icmbio\/pt-br\/assuntos\/noticias\/ultimas-noticias\/ministerio-do-meio-ambiente-e-mudanca-do-clima-apresenta-estrategia-para-enfrentar-incendios-em-2025\">(Fonte: Gov.br)<\/a> <\/p>\n\n\n\n<p><\/p>\n","protected":false},"excerpt":{"rendered":"<p>Instituto Chico Mendes deve contar com 1.758 brigadistas. Apresenta\u00e7\u00e3o de medidas para combate a inc\u00eandios &#8211; Foto: Acervo O Minist\u00e9rio do Meio Ambiente e Mudan\u00e7a do Clima, ao lado do Instituto Chico Mendes de Conserva\u00e7\u00e3o da Biodiversidade (ICMBio) e o Instituto Brasileiro do Meio Ambiente e dos Recursos Naturais Renov\u00e1veis (Ibama), apresentou na quinta-feira do [&hellip;]<\/p>\n","protected":false},"author":1,"featured_media":1278,"comment_status":"open","ping_status":"open","sticky":false,"template":"","format":"standard","meta":{"inline_featured_image":false,"footnotes":""},"categories":[11],"tags":[],"class_list":["post-1277","post","type-post","status-publish","format-standard","has-post-thumbnail","hentry","category-noticias"],"_links":{"self":[{"href":"https:\/\/solved.eco.br\/intranet\/wp-json\/wp\/v2\/posts\/1277","targetHints":{"allow":["GET"]}}],"collection":[{"href":"https:\/\/solved.eco.br\/intranet\/wp-json\/wp\/v2\/posts"}],"about":[{"href":"https:\/\/solved.eco.br\/intranet\/wp-json\/wp\/v2\/types\/post"}],"author":[{"embeddable":true,"href":"https:\/\/solved.eco.br\/intranet\/wp-json\/wp\/v2\/users\/1"}],"replies":[{"embeddable":true,"href":"https:\/\/solved.eco.br\/intranet\/wp-json\/wp\/v2\/comments?post=1277"}],"version-history":[{"count":1,"href":"https:\/\/solved.eco.br\/intranet\/wp-json\/wp\/v2\/posts\/1277\/revisions"}],"predecessor-version":[{"id":1279,"href":"https:\/\/solved.eco.br\/intranet\/wp-json\/wp\/v2\/posts\/1277\/revisions\/1279"}],"wp:featuredmedia":[{"embeddable":true,"href":"https:\/\/solved.eco.br\/intranet\/wp-json\/wp\/v2\/media\/1278"}],"wp:attachment":[{"href":"https:\/\/solved.eco.br\/intranet\/wp-json\/wp\/v2\/media?parent=1277"}],"wp:term":[{"taxonomy":"category","embeddable":true,"href":"https:\/\/solved.eco.br\/intranet\/wp-json\/wp\/v2\/categories?post=1277"},{"taxonomy":"post_tag","embeddable":true,"href":"https:\/\/solved.eco.br\/intranet\/wp-json\/wp\/v2\/tags?post=1277"}],"curies":[{"name":"wp","href":"https:\/\/api.w.org\/{rel}","templated":true}]}}