{"id":1283,"date":"2025-04-03T22:43:40","date_gmt":"2025-04-04T01:43:40","guid":{"rendered":"https:\/\/solved.eco.br\/intranet\/?p=1283"},"modified":"2025-04-10T02:38:26","modified_gmt":"2025-04-10T05:38:26","slug":"consulta-publica-para-elaboracao-do-plano-clima-mitigacao-agricultura-e-pecuaria-esta-aberta","status":"publish","type":"post","link":"https:\/\/solved.eco.br\/intranet\/consulta-publica-para-elaboracao-do-plano-clima-mitigacao-agricultura-e-pecuaria-esta-aberta\/","title":{"rendered":"Consulta P\u00fablica para elabora\u00e7\u00e3o do Plano Clima Mitiga\u00e7\u00e3o: Agricultura e Pecu\u00e1ria est\u00e1 aberta"},"content":{"rendered":"\n<p><em>Formul\u00e1rio da Consulta P\u00fablica fica dispon\u00edvel at\u00e9 20 de abril.<\/em><\/p>\n\n\n\n<figure class=\"wp-block-image size-large is-resized\"><img fetchpriority=\"high\" decoding=\"async\" width=\"819\" height=\"1024\" src=\"https:\/\/solved.eco.br\/intranet\/wp-content\/uploads\/2025\/04\/Imagem-do-WhatsApp-de-2025-03-31-as-15.04.14_72484fa2-1-819x1024.jpg\" alt=\"\" class=\"wp-image-1285\" style=\"width:545px;height:auto\" srcset=\"https:\/\/solved.eco.br\/intranet\/wp-content\/uploads\/2025\/04\/Imagem-do-WhatsApp-de-2025-03-31-as-15.04.14_72484fa2-1-819x1024.jpg 819w, https:\/\/solved.eco.br\/intranet\/wp-content\/uploads\/2025\/04\/Imagem-do-WhatsApp-de-2025-03-31-as-15.04.14_72484fa2-1-240x300.jpg 240w, https:\/\/solved.eco.br\/intranet\/wp-content\/uploads\/2025\/04\/Imagem-do-WhatsApp-de-2025-03-31-as-15.04.14_72484fa2-1-768x960.jpg 768w, https:\/\/solved.eco.br\/intranet\/wp-content\/uploads\/2025\/04\/Imagem-do-WhatsApp-de-2025-03-31-as-15.04.14_72484fa2-1.jpg 1024w\" sizes=\"(max-width: 819px) 100vw, 819px\" \/><\/figure>\n\n\n\n<p>\ud83d\udce2\u270a\ud83c\udffd O MDA convida agricultoras e agricultores familiares, povos e comunidades tradicionais, representantes de cooperativas, associa\u00e7\u00f5es, entidades da sociedade civil, t\u00e9cnicos e pesquisadores a contribuirem com a elabora\u00e7\u00e3o do \u201cPlano Clima Mitiga\u00e7\u00e3o \u2013 Agricultura e Pecu\u00e1ria\u201d, para reduzir as emiss\u00f5es de gases de efeito estufa no setor agropecu\u00e1rio brasileiro. \ud83d\ude9c\ud83d\udc04\ud83c\udde7\ud83c\uddf7<\/p>\n\n\n\n<p>\ud83d\udd0e\ud83d\udc68\u200d\ud83c\udf3e A Consulta P\u00fablica busca ampliar a participa\u00e7\u00e3o da agricultura familiar e garantir que suas especificidades sejam contempladas nas a\u00e7\u00f5es e metas que far\u00e3o parte do Plano.<\/p>\n\n\n\n<p>Participe e divulgue, at\u00e9 <strong>20\/04<\/strong>, para fortalecer a agricultura familiar!<\/p>\n\n\n\n<p>\ud83d\udd17 Saiba mais: <a href=\"https:\/\/www.gov.br\/mda\/pt-br\/noticias\/2025\/03\/plano-clima-adaptacao-para-a-agricultura-familiar-2013-segunda-chamada\">https:\/\/www.gov.br\/mda\/pt-br\/noticias\/2025\/03\/plano-clima-adaptacao-para-a-agricultura-familiar-2013-segunda-chamada<\/a><\/p>\n\n\n\n<p>\u270d Acesse o formul\u00e1rio da Consulta: <a href=\"https:\/\/forms.office.com\/pages\/responsepage.aspx?id=jrNnk-sXWEOmZVylvfrwwmFV0rV7PN1Biavof-D9pmNUOFQwQ09HVERLSTdQRTRVN0pOTEU1NEdSVi4u&amp;route=shorturl\">https:\/\/forms.office.com\/pages\/responsepage.aspx?id=jrNnk-sXWEOmZVylvfrwwmFV0rV7PN1Biavof-D9pmNUOFQwQ09HVERLSTdQRTRVN0pOTEU1NEdSVi4u&amp;route=shorturl<\/a><\/p>\n\n\n\n<p><\/p>\n","protected":false},"excerpt":{"rendered":"<p>Formul\u00e1rio da Consulta P\u00fablica fica dispon\u00edvel at\u00e9 20 de abril. \ud83d\udce2\u270a\ud83c\udffd O MDA convida agricultoras e agricultores familiares, povos e comunidades tradicionais, representantes de cooperativas, associa\u00e7\u00f5es, entidades da sociedade civil, t\u00e9cnicos e pesquisadores a contribuirem com a elabora\u00e7\u00e3o do \u201cPlano Clima Mitiga\u00e7\u00e3o \u2013 Agricultura e Pecu\u00e1ria\u201d, para reduzir as emiss\u00f5es de gases de efeito estufa [&hellip;]<\/p>\n","protected":false},"author":1,"featured_media":1284,"comment_status":"open","ping_status":"open","sticky":false,"template":"","format":"standard","meta":{"inline_featured_image":false,"footnotes":""},"categories":[17,11],"tags":[],"class_list":["post-1283","post","type-post","status-publish","format-standard","has-post-thumbnail","hentry","category-bioeconomia-e-conservacao","category-noticias"],"_links":{"self":[{"href":"https:\/\/solved.eco.br\/intranet\/wp-json\/wp\/v2\/posts\/1283","targetHints":{"allow":["GET"]}}],"collection":[{"href":"https:\/\/solved.eco.br\/intranet\/wp-json\/wp\/v2\/posts"}],"about":[{"href":"https:\/\/solved.eco.br\/intranet\/wp-json\/wp\/v2\/types\/post"}],"author":[{"embeddable":true,"href":"https:\/\/solved.eco.br\/intranet\/wp-json\/wp\/v2\/users\/1"}],"replies":[{"embeddable":true,"href":"https:\/\/solved.eco.br\/intranet\/wp-json\/wp\/v2\/comments?post=1283"}],"version-history":[{"count":1,"href":"https:\/\/solved.eco.br\/intranet\/wp-json\/wp\/v2\/posts\/1283\/revisions"}],"predecessor-version":[{"id":1286,"href":"https:\/\/solved.eco.br\/intranet\/wp-json\/wp\/v2\/posts\/1283\/revisions\/1286"}],"wp:featuredmedia":[{"embeddable":true,"href":"https:\/\/solved.eco.br\/intranet\/wp-json\/wp\/v2\/media\/1284"}],"wp:attachment":[{"href":"https:\/\/solved.eco.br\/intranet\/wp-json\/wp\/v2\/media?parent=1283"}],"wp:term":[{"taxonomy":"category","embeddable":true,"href":"https:\/\/solved.eco.br\/intranet\/wp-json\/wp\/v2\/categories?post=1283"},{"taxonomy":"post_tag","embeddable":true,"href":"https:\/\/solved.eco.br\/intranet\/wp-json\/wp\/v2\/tags?post=1283"}],"curies":[{"name":"wp","href":"https:\/\/api.w.org\/{rel}","templated":true}]}}