{"id":1290,"date":"2025-04-03T22:57:58","date_gmt":"2025-04-04T01:57:58","guid":{"rendered":"https:\/\/solved.eco.br\/intranet\/?p=1290"},"modified":"2025-04-10T03:29:08","modified_gmt":"2025-04-10T06:29:08","slug":"edital-oportunidade-de-financiamento-de-projetos-de-clima-para-as-organizacoes-e-movimentos-sociais","status":"publish","type":"post","link":"https:\/\/solved.eco.br\/intranet\/edital-oportunidade-de-financiamento-de-projetos-de-clima-para-as-organizacoes-e-movimentos-sociais\/","title":{"rendered":"Edital: Oportunidade de financiamento de projetos de Clima para as Organiza\u00e7\u00f5es e Movimentos Sociais"},"content":{"rendered":"\n<p><em>Inscri\u00e7\u00f5es podem ser realizadas at\u00e9 25 de abril.<\/em><\/p>\n\n\n\n<figure class=\"wp-block-image size-large is-resized\"><img fetchpriority=\"high\" decoding=\"async\" width=\"819\" height=\"1024\" src=\"https:\/\/solved.eco.br\/intranet\/wp-content\/uploads\/2025\/04\/Imagem-do-WhatsApp-de-2025-03-31-as-15.06.13_582d96ff-819x1024.jpg\" alt=\"\" class=\"wp-image-1291\" style=\"width:553px;height:auto\" srcset=\"https:\/\/solved.eco.br\/intranet\/wp-content\/uploads\/2025\/04\/Imagem-do-WhatsApp-de-2025-03-31-as-15.06.13_582d96ff-819x1024.jpg 819w, https:\/\/solved.eco.br\/intranet\/wp-content\/uploads\/2025\/04\/Imagem-do-WhatsApp-de-2025-03-31-as-15.06.13_582d96ff-240x300.jpg 240w, https:\/\/solved.eco.br\/intranet\/wp-content\/uploads\/2025\/04\/Imagem-do-WhatsApp-de-2025-03-31-as-15.06.13_582d96ff-768x961.jpg 768w, https:\/\/solved.eco.br\/intranet\/wp-content\/uploads\/2025\/04\/Imagem-do-WhatsApp-de-2025-03-31-as-15.06.13_582d96ff-1228x1536.jpg 1228w, https:\/\/solved.eco.br\/intranet\/wp-content\/uploads\/2025\/04\/Imagem-do-WhatsApp-de-2025-03-31-as-15.06.13_582d96ff.jpg 1279w\" sizes=\"(max-width: 819px) 100vw, 819px\" \/><\/figure>\n\n\n\n<p>#EDITAL &#8211; Oportunidade de financiamento de projetos de CLIMA para as Organiza\u00e7\u00f5es e Movimentos Sociais<\/p>\n\n\n\n<p>\u201cE\u0301 com muita alegria que convidamos povos ind\u00edgenas, comunidades tradicionais e trabalhadores(as) de todo Brasil a se inscreverem no edital conjunto Ra\u00edzes e Labora: Fortalecendo Solu\u00e7\u00f5es de Povos Ind\u00edgenas, Comunidades Tradicionais e Trabalhadores (as) rumo \u00e0 Justi\u00e7a Clim\u00e1tica e \u00e0 Transi\u00e7\u00e3o Justa.<\/p>\n\n\n\n<p>\ud83d\udccc Ser\u00e3o apoiadas pelo menos 40 organiza\u00e7\u00f5es com valores entre R$50.000,00 e R$100.000,00.\u201d<\/p>\n\n\n\n<p>\ud83d\udccc As inscric\u0327o\u0303es ficam abertas ate\u0301 o dia <strong>25 de abril de 2025<\/strong>, a\u0300s 18:00 (hora\u0301rio de Brasi\u0301lia), e na\u0303o sera\u0303o prorrogadas. O resultado sair\u00e1 no dia 04 de julho de 2025 pelo site do Fundo Brasil.<\/p>\n\n\n\n<p>O edital esta\u0301 disponi\u0301vel para leitura e inscric\u0327o\u0303es no link: <a href=\"https:\/\/www.fundobrasil.org.br\/edital\/fortalecendo-solucoes-de-povos-indigenas-comunidades-tradicionais-e-trabalhadores-as-rumo-a-justica-climatica-e-a-transicao-justa\/ \">https:\/\/www.fundobrasil.org.br\/edital\/fortalecendo-solucoes-de-povos-indigenas-comunidades-tradicionais-e-trabalhadores-as-rumo-a-justica-climatica-e-a-transicao-justa\/ <\/a><\/p>\n","protected":false},"excerpt":{"rendered":"<p>Inscri\u00e7\u00f5es podem ser realizadas at\u00e9 25 de abril. #EDITAL &#8211; Oportunidade de financiamento de projetos de CLIMA para as Organiza\u00e7\u00f5es e Movimentos Sociais \u201cE\u0301 com muita alegria que convidamos povos ind\u00edgenas, comunidades tradicionais e trabalhadores(as) de todo Brasil a se inscreverem no edital conjunto Ra\u00edzes e Labora: Fortalecendo Solu\u00e7\u00f5es de Povos Ind\u00edgenas, Comunidades Tradicionais e [&hellip;]<\/p>\n","protected":false},"author":1,"featured_media":1288,"comment_status":"open","ping_status":"open","sticky":false,"template":"","format":"standard","meta":{"inline_featured_image":false,"footnotes":""},"categories":[13,11],"tags":[],"class_list":["post-1290","post","type-post","status-publish","format-standard","has-post-thumbnail","hentry","category-editais-e-oportunidades","category-noticias"],"_links":{"self":[{"href":"https:\/\/solved.eco.br\/intranet\/wp-json\/wp\/v2\/posts\/1290","targetHints":{"allow":["GET"]}}],"collection":[{"href":"https:\/\/solved.eco.br\/intranet\/wp-json\/wp\/v2\/posts"}],"about":[{"href":"https:\/\/solved.eco.br\/intranet\/wp-json\/wp\/v2\/types\/post"}],"author":[{"embeddable":true,"href":"https:\/\/solved.eco.br\/intranet\/wp-json\/wp\/v2\/users\/1"}],"replies":[{"embeddable":true,"href":"https:\/\/solved.eco.br\/intranet\/wp-json\/wp\/v2\/comments?post=1290"}],"version-history":[{"count":1,"href":"https:\/\/solved.eco.br\/intranet\/wp-json\/wp\/v2\/posts\/1290\/revisions"}],"predecessor-version":[{"id":1292,"href":"https:\/\/solved.eco.br\/intranet\/wp-json\/wp\/v2\/posts\/1290\/revisions\/1292"}],"wp:featuredmedia":[{"embeddable":true,"href":"https:\/\/solved.eco.br\/intranet\/wp-json\/wp\/v2\/media\/1288"}],"wp:attachment":[{"href":"https:\/\/solved.eco.br\/intranet\/wp-json\/wp\/v2\/media?parent=1290"}],"wp:term":[{"taxonomy":"category","embeddable":true,"href":"https:\/\/solved.eco.br\/intranet\/wp-json\/wp\/v2\/categories?post=1290"},{"taxonomy":"post_tag","embeddable":true,"href":"https:\/\/solved.eco.br\/intranet\/wp-json\/wp\/v2\/tags?post=1290"}],"curies":[{"name":"wp","href":"https:\/\/api.w.org\/{rel}","templated":true}]}}