{"id":1493,"date":"2025-04-15T14:18:46","date_gmt":"2025-04-15T17:18:46","guid":{"rendered":"https:\/\/solved.eco.br\/intranet\/?p=1493"},"modified":"2025-04-15T14:18:46","modified_gmt":"2025-04-15T17:18:46","slug":"comeca-o-prazo-para-pedir-a-taxa-de-isencao-do-enem-2025","status":"publish","type":"post","link":"https:\/\/solved.eco.br\/intranet\/comeca-o-prazo-para-pedir-a-taxa-de-isencao-do-enem-2025\/","title":{"rendered":"Come\u00e7a o prazo para pedir a taxa de isen\u00e7\u00e3o do ENEM 2025"},"content":{"rendered":"\n<p><em>O per\u00edodo de solicita\u00e7\u00e3o de isen\u00e7\u00e3o vai de 14 a 24 de abril.<\/em><\/p>\n\n\n\n<figure class=\"wp-block-image size-large is-resized\"><img fetchpriority=\"high\" decoding=\"async\" width=\"819\" height=\"1024\" src=\"http:\/\/solved.eco.br\/intranet\/wp-content\/uploads\/2025\/04\/Imagem-do-WhatsApp-de-2025-03-31-as-15.02.58_02af0d67-819x1024.jpg\" alt=\"\" class=\"wp-image-1495\" style=\"width:589px;height:auto\" srcset=\"https:\/\/solved.eco.br\/intranet\/wp-content\/uploads\/2025\/04\/Imagem-do-WhatsApp-de-2025-03-31-as-15.02.58_02af0d67-819x1024.jpg 819w, https:\/\/solved.eco.br\/intranet\/wp-content\/uploads\/2025\/04\/Imagem-do-WhatsApp-de-2025-03-31-as-15.02.58_02af0d67-240x300.jpg 240w, https:\/\/solved.eco.br\/intranet\/wp-content\/uploads\/2025\/04\/Imagem-do-WhatsApp-de-2025-03-31-as-15.02.58_02af0d67-768x960.jpg 768w, https:\/\/solved.eco.br\/intranet\/wp-content\/uploads\/2025\/04\/Imagem-do-WhatsApp-de-2025-03-31-as-15.02.58_02af0d67.jpg 1080w\" sizes=\"(max-width: 819px) 100vw, 819px\" \/><\/figure>\n\n\n\n<p>\ud83e\udd29 \ud83d\udcdd Ei, estudante! Quer fazer o Enem de gra\u00e7a? <\/p>\n\n\n\n<p>Ent\u00e3o, fique ligado: <strong>de 14 a 25\/04<\/strong>, os participantes podem justificar aus\u00eancia no Enem 2024 e solicitar isen\u00e7\u00e3o da taxa de inscri\u00e7\u00e3o na prova de 2025.<\/p>\n\n\n\n<p>Quem cursa o ensino m\u00e9dio em escola p\u00fablica e membros do Cad\u00danico podem fazer o Enem de gra\u00e7a. J\u00e1 os participantes concluintes do P\u00e9-de-Meia que comparecerem aos dois dias de provas ganham R$ 200 a mais.<\/p>\n\n\n\n<p><strong>Fa\u00e7a seu pedido de isen\u00e7\u00e3o em: <a href=\"https:\/\/enem.inep.gov.br\/participante\/#!\/\">https:\/\/enem.inep.gov.br\/participante\/#!\/<\/a>. <\/strong><\/p>\n\n\n\n<p>\u00c9 importante ficar atento aos canais oficiais do MEC e Inep, hein?<\/p>\n\n\n\n<p>Para os participantes que conseguiram a isen\u00e7\u00e3o da taxa de inscri\u00e7\u00e3o do Enem 2024 e faltaram aos dois dias de prova, \u00e9 preciso justificar a aus\u00eancia para solicitar a gratuidade na edi\u00e7\u00e3o deste ano. Fiquem ligados!<\/p>\n\n\n\n<p>Os estudantes que desejam realizar o exame, isentos ou n\u00e3o, dever\u00e3o realizar sua inscri\u00e7\u00e3o na P\u00e1gina do Participante. O edital referente \u00e0s inscri\u00e7\u00f5es para o exame ainda n\u00e3o foi publicado. Posteriormente o Instituto far\u00e1 a divulga\u00e7\u00e3o das datas, dos prazos e procedimentos.<\/p>\n\n\n\n<p>\ud83c\udf10 <strong>Mais informa\u00e7\u00f5es sobre a isen\u00e7\u00e3o do Enem 2025\u00a0em:\u00a0<a href=\"https:\/\/www.gov.br\/inep\/pt-br\">gov.br\/inep<\/a>.<\/strong><\/p>\n","protected":false},"excerpt":{"rendered":"<p>O per\u00edodo de solicita\u00e7\u00e3o de isen\u00e7\u00e3o vai de 14 a 24 de abril. \ud83e\udd29 \ud83d\udcdd Ei, estudante! Quer fazer o Enem de gra\u00e7a? Ent\u00e3o, fique ligado: de 14 a 25\/04, os participantes podem justificar aus\u00eancia no Enem 2024 e solicitar isen\u00e7\u00e3o da taxa de inscri\u00e7\u00e3o na prova de 2025. Quem cursa o ensino m\u00e9dio em [&hellip;]<\/p>\n","protected":false},"author":1,"featured_media":1494,"comment_status":"open","ping_status":"open","sticky":false,"template":"","format":"standard","meta":{"inline_featured_image":false,"footnotes":""},"categories":[15,11],"tags":[],"class_list":["post-1493","post","type-post","status-publish","format-standard","has-post-thumbnail","hentry","category-educacao-e-formacao","category-noticias"],"_links":{"self":[{"href":"https:\/\/solved.eco.br\/intranet\/wp-json\/wp\/v2\/posts\/1493","targetHints":{"allow":["GET"]}}],"collection":[{"href":"https:\/\/solved.eco.br\/intranet\/wp-json\/wp\/v2\/posts"}],"about":[{"href":"https:\/\/solved.eco.br\/intranet\/wp-json\/wp\/v2\/types\/post"}],"author":[{"embeddable":true,"href":"https:\/\/solved.eco.br\/intranet\/wp-json\/wp\/v2\/users\/1"}],"replies":[{"embeddable":true,"href":"https:\/\/solved.eco.br\/intranet\/wp-json\/wp\/v2\/comments?post=1493"}],"version-history":[{"count":1,"href":"https:\/\/solved.eco.br\/intranet\/wp-json\/wp\/v2\/posts\/1493\/revisions"}],"predecessor-version":[{"id":1496,"href":"https:\/\/solved.eco.br\/intranet\/wp-json\/wp\/v2\/posts\/1493\/revisions\/1496"}],"wp:featuredmedia":[{"embeddable":true,"href":"https:\/\/solved.eco.br\/intranet\/wp-json\/wp\/v2\/media\/1494"}],"wp:attachment":[{"href":"https:\/\/solved.eco.br\/intranet\/wp-json\/wp\/v2\/media?parent=1493"}],"wp:term":[{"taxonomy":"category","embeddable":true,"href":"https:\/\/solved.eco.br\/intranet\/wp-json\/wp\/v2\/categories?post=1493"},{"taxonomy":"post_tag","embeddable":true,"href":"https:\/\/solved.eco.br\/intranet\/wp-json\/wp\/v2\/tags?post=1493"}],"curies":[{"name":"wp","href":"https:\/\/api.w.org\/{rel}","templated":true}]}}