{"id":1497,"date":"2025-04-15T14:31:45","date_gmt":"2025-04-15T17:31:45","guid":{"rendered":"https:\/\/solved.eco.br\/intranet\/?p=1497"},"modified":"2025-04-16T20:40:03","modified_gmt":"2025-04-16T23:40:03","slug":"fundo-casa-lanca-edital-para-fortalecer-a-participacao-de-organizacoes-na-agenda-climatica-e-cop30","status":"publish","type":"post","link":"https:\/\/solved.eco.br\/intranet\/fundo-casa-lanca-edital-para-fortalecer-a-participacao-de-organizacoes-na-agenda-climatica-e-cop30\/","title":{"rendered":"Fundo Casa lan\u00e7a edital para fortalecer a participa\u00e7\u00e3o de organiza\u00e7\u00f5es na agenda clim\u00e1tica e COP30"},"content":{"rendered":"\n<p><em>Contribuindo com o protagonismo local na agenda clim\u00e1tica, o Fundo Casa lan\u00e7a nova chamada<\/em>.<\/p>\n\n\n\n<figure class=\"wp-block-image size-large\"><img fetchpriority=\"high\" decoding=\"async\" width=\"1024\" height=\"576\" src=\"https:\/\/solved.eco.br\/intranet\/wp-content\/uploads\/2025\/04\/art-1280x720-site-1024x576.png\" alt=\"\" class=\"wp-image-1498\" srcset=\"https:\/\/solved.eco.br\/intranet\/wp-content\/uploads\/2025\/04\/art-1280x720-site-1024x576.png 1024w, https:\/\/solved.eco.br\/intranet\/wp-content\/uploads\/2025\/04\/art-1280x720-site-300x169.png 300w, https:\/\/solved.eco.br\/intranet\/wp-content\/uploads\/2025\/04\/art-1280x720-site-768x432.png 768w, https:\/\/solved.eco.br\/intranet\/wp-content\/uploads\/2025\/04\/art-1280x720-site.png 1280w\" sizes=\"(max-width: 1024px) 100vw, 1024px\" \/><\/figure>\n\n\n\n<p>CHAMADA ABERTA \ud83d\udce2<\/p>\n\n\n\n<p>O Fundo Casa lan\u00e7a nova chamada <strong>\u201cFortalecendo o protagonismo local na agenda clim\u00e1tica\u201d<\/strong> que visa apoiar iniciativas comunit\u00e1rias que atuam na linha de frente da justi\u00e7a clim\u00e1tica, com foco em incid\u00eancia pol\u00edtica e produ\u00e7\u00e3o de conhecimento sobre os impactos da crise clim\u00e1tica nos territ\u00f3rios.<\/p>\n\n\n\n<p>\ud83d\uddd3 <strong>Per\u00edodo de Inscri\u00e7\u00e3o: de 8 de abril a 8 de maio de 2025<\/strong><br>\ud83d\udcb0 <strong>Apoio:<\/strong> at\u00e9 50 projetos com recursos de at\u00e9 R$30 mil cada<br>\u2705 <strong>Quem pode participar:<\/strong> associa\u00e7\u00f5es comunit\u00e1rias sem fins lucrativos de todo Brasil<br>\ud83d\udcc5 <strong>Participe da oficina tira-d\u00favidas<\/strong>: 24\/04, \u00e0s 10h (hor\u00e1rio de Bras\u00edlia), online.<\/p>\n\n\n\n<p>\ud83d\udd17<strong>Acesse o link para ler a chamada completa e fazer sua inscri\u00e7\u00e3o: <\/strong><a href=\"https:\/\/casa.org.br\/chamadas\/fortalecendo-o-protagonismo-local-na-agenda-climatica-apoio-a-acoes-de-incidencia-e-producao-de-conhecimento-para-a-cop30-e-outros-espacos\/\">https:\/\/casa.org.br\/chamadas\/fortalecendo-o-protagonismo-local-na-agenda-climatica-apoio-a-acoes-de-incidencia-e-producao-de-conhecimento-para-a-cop30-e-outros-espacos\/<\/a><\/p>\n","protected":false},"excerpt":{"rendered":"<p>Contribuindo com o protagonismo local na agenda clim\u00e1tica, o Fundo Casa lan\u00e7a nova chamada. CHAMADA ABERTA \ud83d\udce2 O Fundo Casa lan\u00e7a nova chamada \u201cFortalecendo o protagonismo local na agenda clim\u00e1tica\u201d que visa apoiar iniciativas comunit\u00e1rias que atuam na linha de frente da justi\u00e7a clim\u00e1tica, com foco em incid\u00eancia pol\u00edtica e produ\u00e7\u00e3o de conhecimento sobre os [&hellip;]<\/p>\n","protected":false},"author":1,"featured_media":1499,"comment_status":"open","ping_status":"open","sticky":false,"template":"","format":"standard","meta":{"inline_featured_image":false,"footnotes":""},"categories":[13,11],"tags":[],"class_list":["post-1497","post","type-post","status-publish","format-standard","has-post-thumbnail","hentry","category-editais-e-oportunidades","category-noticias"],"_links":{"self":[{"href":"https:\/\/solved.eco.br\/intranet\/wp-json\/wp\/v2\/posts\/1497","targetHints":{"allow":["GET"]}}],"collection":[{"href":"https:\/\/solved.eco.br\/intranet\/wp-json\/wp\/v2\/posts"}],"about":[{"href":"https:\/\/solved.eco.br\/intranet\/wp-json\/wp\/v2\/types\/post"}],"author":[{"embeddable":true,"href":"https:\/\/solved.eco.br\/intranet\/wp-json\/wp\/v2\/users\/1"}],"replies":[{"embeddable":true,"href":"https:\/\/solved.eco.br\/intranet\/wp-json\/wp\/v2\/comments?post=1497"}],"version-history":[{"count":1,"href":"https:\/\/solved.eco.br\/intranet\/wp-json\/wp\/v2\/posts\/1497\/revisions"}],"predecessor-version":[{"id":1500,"href":"https:\/\/solved.eco.br\/intranet\/wp-json\/wp\/v2\/posts\/1497\/revisions\/1500"}],"wp:featuredmedia":[{"embeddable":true,"href":"https:\/\/solved.eco.br\/intranet\/wp-json\/wp\/v2\/media\/1499"}],"wp:attachment":[{"href":"https:\/\/solved.eco.br\/intranet\/wp-json\/wp\/v2\/media?parent=1497"}],"wp:term":[{"taxonomy":"category","embeddable":true,"href":"https:\/\/solved.eco.br\/intranet\/wp-json\/wp\/v2\/categories?post=1497"},{"taxonomy":"post_tag","embeddable":true,"href":"https:\/\/solved.eco.br\/intranet\/wp-json\/wp\/v2\/tags?post=1497"}],"curies":[{"name":"wp","href":"https:\/\/api.w.org\/{rel}","templated":true}]}}