{"id":1503,"date":"2025-04-22T20:20:30","date_gmt":"2025-04-22T23:20:30","guid":{"rendered":"https:\/\/solved.eco.br\/intranet\/?p=1503"},"modified":"2025-04-22T20:20:30","modified_gmt":"2025-04-22T23:20:30","slug":"instituto-serrapilheira-abre-edital-para-podcasts-liderados-por-pessoas-negras-e-indigenas","status":"publish","type":"post","link":"https:\/\/solved.eco.br\/intranet\/instituto-serrapilheira-abre-edital-para-podcasts-liderados-por-pessoas-negras-e-indigenas\/","title":{"rendered":"Instituto Serrapilheira abre edital para podcasts liderados por pessoas negras e ind\u00edgenas"},"content":{"rendered":"\n<p><em>Envio de propostas at\u00e9 30 de maio de 2025 (at\u00e9 16h).<\/em><\/p>\n\n\n\n<figure class=\"wp-block-image size-full is-resized\"><img fetchpriority=\"high\" decoding=\"async\" width=\"800\" height=\"420\" src=\"http:\/\/solved.eco.br\/intranet\/wp-content\/uploads\/2025\/04\/490134955_1207499177827923_3632982999265385656_n.jpg\" alt=\"\" class=\"wp-image-1504\" style=\"width:840px;height:auto\" srcset=\"https:\/\/solved.eco.br\/intranet\/wp-content\/uploads\/2025\/04\/490134955_1207499177827923_3632982999265385656_n.jpg 800w, https:\/\/solved.eco.br\/intranet\/wp-content\/uploads\/2025\/04\/490134955_1207499177827923_3632982999265385656_n-300x158.jpg 300w, https:\/\/solved.eco.br\/intranet\/wp-content\/uploads\/2025\/04\/490134955_1207499177827923_3632982999265385656_n-768x403.jpg 768w\" sizes=\"(max-width: 800px) 100vw, 800px\" \/><\/figure>\n\n\n\n<p><strong>Inscreva-se aqui: <a href=\"https:\/\/serrapilheira.fluxx.io\/user_sessions\/new\">Edital Serrapilheira<\/a><\/strong><\/p>\n\n\n\n<p>O Instituto Serrapilheira recebe projetos de podcasts de todo o pa\u00eds, liderados por pessoas negras e ind\u00edgenas que contem boas hist\u00f3rias nas quais a ci\u00eancia e o m\u00e9todo cient\u00edfico t\u00eam um papel central.<\/p>\n\n\n\n<p>Ser\u00e3o selecionados at\u00e9 8 projetos, cujas equipes participar\u00e3o de um programa de treinamento h\u00edbrido e receber\u00e3o apoio financeiro para a produ\u00e7\u00e3o de uma temporada.&nbsp;<\/p>\n\n\n\n<h4 class=\"wp-block-heading\" id=\"_pce4zqakc\">O que queremos encontrar<\/h4>\n\n\n\n<p>Esta chamada p\u00fablica \u00e9 voltada exclusivamente para projetos liderados por pessoas negras ou ind\u00edgenas. As equipes tamb\u00e9m devem ser compostas majoritariamente por pessoas negras e\/ou ind\u00edgenas.<\/p>\n\n\n\n<p>O edital procura bons projetos de podcasts nos quais a ci\u00eancia cumpra um papel importante e as \u00e1reas da ci\u00eancia apoiadas pelo Serrapilheira \u2013 ci\u00eancias da vida, geoci\u00eancias, f\u00edsica, qu\u00edmica, ci\u00eancia da computa\u00e7\u00e3o ou matem\u00e1tica \u2013 tenham visibilidade.<br>Aceitamos propostas de podcasts dos mais diversos formatos, mas projetos que apresentem boas estruturas de roteiro ser\u00e3o priorizados em rela\u00e7\u00e3o a propostas de conversas improvisadas ao vivo.<\/p>\n\n\n\n<p>Procuramos candidatos que demonstrem seriedade, comprometimento e afinidade com os&nbsp;<a href=\"https:\/\/serrapilheira.org\/nossos-valores\/\" target=\"_blank\" rel=\"noreferrer noopener\">valores do Serrapilheira<\/a>.<\/p>\n\n\n\n<h4 class=\"wp-block-heading\" id=\"_frwl1rsnb\">Por que esta chamada \u00e9 exclusiva para projetos liderados por pessoas negras e ind\u00edgenas?<\/h4>\n\n\n\n<p>Muito embora as pessoas negras autodeclaradas representem 55,9% da popula\u00e7\u00e3o brasileira, e ind\u00edgenas 0,83% (Censo 2022), essas porcentagens n\u00e3o se refletem na distribui\u00e7\u00e3o de cor\/ra\u00e7a no jornalismo e nos mercados de audiovisual e de podcasts brasileiros, especialmente em posi\u00e7\u00f5es de lideran\u00e7a.<\/p>\n\n\n\n<p>De acordo com&nbsp;<a href=\"https:\/\/gemaa.iesp.uerj.br\/textos-para-discussao\/21-raca-genero-e-imprensa-quem-escreve-nos-principais-quem-escreve-nos-principais-jornais-do-brasil\/\">estudo realizado<\/a>&nbsp;pelo Grupo de Estudos Multidisciplinares da A\u00e7\u00e3o Afirmativa (Gemaa-Uerj), nos tr\u00eas maiores jornais em circula\u00e7\u00e3o no pa\u00eds, h\u00e1 uma sobrerrepresenta\u00e7\u00e3o de pessoas brancas nas equipes, totalizando 84% da composi\u00e7\u00e3o dos funcion\u00e1rios.&nbsp;<a href=\"https:\/\/gemaa.iesp.uerj.br\/infografico\/cinema-brasileiro-raca-e-genero-nos-filmes-de-grande-publico\/\">Outro estudo<\/a>&nbsp;do mesmo grupo aponta sub-representa\u00e7\u00e3o de pessoas negras em posi\u00e7\u00f5es de lideran\u00e7a no mercado audiovisual.&nbsp;&nbsp;<\/p>\n\n\n\n<p>Segundo dados do \u00faltimo censo do IBGE e do INEP, a presen\u00e7a de ind\u00edgenas nas institui\u00e7\u00f5es de n\u00edvel superior aumentou 374% de 2011 a 2021, passando de 9.764 para 46.252. As popula\u00e7\u00f5es ind\u00edgenas s\u00e3o produtoras de um conhecimento milenar, mas historicamente negligenciado. \u00c9 urgente o reconhecimento dos saberes ind\u00edgenas e o fortalecimento do di\u00e1logo de igual para igual com os saberes acad\u00eamicos.&nbsp;<\/p>\n\n\n\n<p>Esta chamada reafirma a diversidade como um valor fundamental do Serrapilheira, n\u00e3o s\u00f3 por um movimento em prol da igualdade de talentos, mas porque temos a convic\u00e7\u00e3o de que as ideias novas e criativas, que alimentam projetos de excel\u00eancia, s\u00e3o favorecidas pela pluralidade. Para que esses talentos tenham igualdade de acesso a cargos relevantes, mesmo a longo prazo, \u00e9 necess\u00e1rio que os est\u00edmulos aconte\u00e7am agora.<\/p>\n\n\n\n<h4 class=\"wp-block-heading\" id=\"_tcmfwun7h\">Elegibilidade<\/h4>\n\n\n\n<p>Ser\u00e3o consideradas somente propostas de candidatos autodeclarados como parte da popula\u00e7\u00e3o negra (pretos ou pardos) ou ind\u00edgenas, cujas equipes sejam majoritariamente negras e\/ ou ind\u00edgenas.&nbsp;&nbsp;<\/p>\n\n\n\n<p>Ser\u00e3o aceitas propostas de podcasts que ainda estejam em fase de concep\u00e7\u00e3o (pr\u00e9-lan\u00e7amento), bem como de podcasts j\u00e1 em execu\u00e7\u00e3o que desejem incluir ou aprimorar a presen\u00e7a da ci\u00eancia em seus programas.&nbsp;<\/p>\n\n\n\n<p>N\u00e3o \u00e9 necess\u00e1rio fazer parte de uma grande organiza\u00e7\u00e3o, como um grupo de m\u00eddia, uma r\u00e1dio ou um portal de not\u00edcias. Propostas de organiza\u00e7\u00f5es pequenas ou produtores independentes ser\u00e3o igualmente analisadas, desde que possam demonstrar experi\u00eancia pr\u00e9via e condi\u00e7\u00f5es de realizar o projeto.<\/p>\n\n\n\n<p>Ser\u00e3o desconsideradas propostas que n\u00e3o possam argumentar claramente sobre o papel da ci\u00eancia em seu podcast ou que desconsiderem as&nbsp;<a href=\"https:\/\/serrapilheira.org\/quem-somos\/\">\u00e1reas do conhecimento apoiadas pelo Serrapilheira<\/a>.<\/p>\n\n\n\n<h4 class=\"wp-block-heading\" id=\"_jkyzb7klu\">Sele\u00e7\u00e3o<\/h4>\n\n\n\n<h5 class=\"wp-block-heading\"><strong>Crit\u00e9rios<\/strong><\/h5>\n\n\n\n<p>Fazer um podcast exige mais que uma boa ideia. Por isso, queremos saber: qual \u00e9 a identidade do projeto? O que faz de seus produtores as pessoas certas para o realizarem? As reflex\u00f5es dos candidatos sobre essas perguntas ser\u00e3o essenciais para a sele\u00e7\u00e3o, bem como a apresenta\u00e7\u00e3o de boas no\u00e7\u00f5es sobre como sustentar o projeto no curto, m\u00e9dio e longo prazos. Vamos avaliar:<\/p>\n\n\n\n<ul class=\"wp-block-list\">\n<li>Qualidade geral da proposta (conceito e justificativa)<br>Avaliaremos a premissa do podcast, tal como os principais temas, personagens e \u00e2ngulos propostos para abord\u00e1-los. O proponente tem bons argumentos sobre a relev\u00e2ncia dos temas? Existe um fio condutor entre temporadas, epis\u00f3dios e personagens?<\/li>\n\n\n\n<li>Argumenta\u00e7\u00e3o sobre o papel da ci\u00eancia no podcast<br>Avaliaremos a clareza e estrutura da argumenta\u00e7\u00e3o sobre o papel da ci\u00eancia no projeto, bem como o detalhamento de como se relaciona com outros temas no podcast.<\/li>\n\n\n\n<li>Experi\u00eancia pr\u00e9via do proponente<br>Avaliaremos a experi\u00eancia pr\u00e9via do proponente n\u00e3o somente em fazer podcasts, mas principalmente em conduzir bons projetos editoriais e narrativos, independentemente do formato.<\/li>\n\n\n\n<li>Clareza e qualidade da amostra de \u00e1udio enviada<br>Avaliaremos principalmente o conte\u00fado, estrutura e ritmo da amostra.<\/li>\n\n\n\n<li>Seriedade da proposta e compromisso com o desenvolvimento do projeto no curto, m\u00e9dio e longo prazos.<\/li>\n\n\n\n<li>Habilidade do proponente em prever a utiliza\u00e7\u00e3o dos recursos financeiros.<\/li>\n\n\n\n<li>Composi\u00e7\u00e3o da equipe<br>As habilidades dos membros da equipe s\u00e3o complementares?<br>A equipe \u00e9 liderada por uma pessoa negra ou ind\u00edgena?<br>A equipe \u00e9 majoritariamente negra e\/ ou ind\u00edgena?<\/li>\n\n\n\n<li>Condi\u00e7\u00f5es de participa\u00e7\u00e3o em todas as etapas do programa<br>O l\u00edder do projeto tem disponibilidade para participar das etapas virtuais e presenciais do treinamento?<br>Os membros da equipe t\u00eam acesso a computadores e conex\u00e3o est\u00e1vel com a internet?<\/li>\n<\/ul>\n\n\n\n<h5 class=\"wp-block-heading\"><strong>Etapas<\/strong><\/h5>\n\n\n\n<p>Ap\u00f3s as inscri\u00e7\u00f5es, a sele\u00e7\u00e3o ser\u00e1 feita em duas etapas:&nbsp;<\/p>\n\n\n\n<ul class=\"wp-block-list\">\n<li>Pr\u00e9-sele\u00e7\u00e3o: Candidatos pr\u00e9-selecionados ser\u00e3o convocados para entrevistas\u00a0<\/li>\n\n\n\n<li>Sele\u00e7\u00e3o final: Ap\u00f3s as entrevistas, ser\u00e3o anunciados os projetos selecionados<\/li>\n<\/ul>\n\n\n\n<h5 class=\"wp-block-heading\"><strong>Comit\u00ea de Sele\u00e7\u00e3o<\/strong><\/h5>\n\n\n\n<p>Os projetos ser\u00e3o avaliados por um comit\u00ea externo formado por profissionais da ind\u00fastria de podcasts.&nbsp;<\/p>\n\n\n\n<h5 class=\"wp-block-heading\"><strong>Comit\u00ea de Confirma\u00e7\u00e3o de Autodeclara\u00e7\u00e3o<\/strong><\/h5>\n\n\n\n<p>Se necess\u00e1rio, os candidatos autodeclarados negros (pretos e pardos) selecionados para a etapa de entrevistas passar\u00e3o pelo procedimento complementar \u00e0 autodeclara\u00e7\u00e3o, que consiste em uma reuni\u00e3o virtual da pessoa respons\u00e1vel pela proposta submetida com o Comit\u00ea de Confirma\u00e7\u00e3o de Autodeclara\u00e7\u00e3o.&nbsp;<\/p>\n\n\n\n<p>N\u00e3o \u00e9 considerado o fator genot\u00edpico do candidato ou fenot\u00edpico dos parentes.<\/p>\n\n\n\n<p>O candidato que n\u00e3o tiver sua autodeclara\u00e7\u00e3o confirmada pelo Comit\u00ea de Confirma\u00e7\u00e3o de Autodeclara\u00e7\u00e3o ser\u00e1&nbsp; automaticamente desclassificado.<\/p>\n\n\n\n<p>Os candidatos autodeclarados ind\u00edgenas dever\u00e3o enviar um dos seguintes documentos: (a) c\u00f3pia do registro civil como ind\u00edgena ou (b) carta de lideran\u00e7a ind\u00edgena ou organiza\u00e7\u00e3o ind\u00edgena reconhecida (caso n\u00e3o tenha o registro civil).<\/p>\n\n\n\n<h4 class=\"wp-block-heading\" id=\"_yss6rh64t\">Sobre o programa de treinamento<\/h4>\n\n\n\n<p>O treinamento ser\u00e1 conduzido pelo Laborat\u00f3rio 37, empresa de comunica\u00e7\u00e3o com foco em \u00e1udio. A empresa \u00e9 respons\u00e1vel pela cria\u00e7\u00e3o do podcast&nbsp;<em>37 Graus,<\/em>&nbsp;que&nbsp;foi um dos 14 projetos apoiados pelo Serrapilheira em 2018 e um dos seis selecionados no Google Podcasts creator program, um edital que teve mais de 10 mil inscri\u00e7\u00f5es ao redor do mundo.&nbsp;<\/p>\n\n\n\n<p>O programa de treinamento ter\u00e1 como meta principal refinar e desenvolver as propostas dos podcasts selecionados de acordo com seus objetivos e p\u00fablicos-alvo. Al\u00e9m disso, o prop\u00f3sito \u00e9 fortalecer as habilidades t\u00e9cnicas e editoriais dos produtores \u2013 da pauta \u00e0 publica\u00e7\u00e3o \u2013, bem como as capacidades necess\u00e1rias para elaborar o planejamento de distribui\u00e7\u00e3o, marketing e viabilidade financeira dos podcasts, visando a sustentabilidade dos projetos. As aulas contar\u00e3o com professores e palestrantes convidados.<\/p>\n\n\n\n<p>Ao fim do treinamento, os participantes ter\u00e3o constru\u00eddo as bases t\u00e9cnicas e conceituais para desenvolver seus projetos com clareza sobre seus objetivos e os processos necess\u00e1rios para alcan\u00e7\u00e1-los. A ideia \u00e9 que, nesse per\u00edodo, cada podcast elabore uma temporada piloto de n\u00edvel profissional. Os projetos selecionados contar\u00e3o, ainda, com sess\u00f5es de mentoria remota pelo Laborat\u00f3rio 37.&nbsp;<\/p>\n\n\n\n<p>O treinamento online ter\u00e1 dura\u00e7\u00e3o de 7 semanas. Ser\u00e3o duas aulas por semana, com 2 horas cada, realizadas no per\u00edodo da noite. O treinamento poder\u00e1 exigir ainda leituras complementares e exerc\u00edcios extras. Ser\u00e1 obrigat\u00f3ria a participa\u00e7\u00e3o nas aulas de dois integrantes por projeto. Os integrantes escolhidos para participar das aulas online devem cumprir um papel de lideran\u00e7a dentro do projeto e participar da etapa presencial.<\/p>\n\n\n\n<p>A etapa presencial inclui uma imers\u00e3o de 5 dias em Salvador (BA). Os candidatos devem ter disponibilidade para viajar. Os custos ser\u00e3o cobertos pelo Serrapilheira.&nbsp;<\/p>\n\n\n\n<h4 class=\"wp-block-heading\" id=\"_j6xcc54dj\">Idioma dos projetos, treinamentos e mentorias<\/h4>\n\n\n\n<p>As propostas devem ser enviadas em portugu\u00eas. O treinamento e sess\u00f5es de acompanhamento tamb\u00e9m ser\u00e3o feitos em portugu\u00eas.<\/p>\n\n\n\n<h4 class=\"wp-block-heading\" id=\"_n3mql9sc1\">Recursos financeiros e dura\u00e7\u00e3o dos contratos<\/h4>\n\n\n\n<p>Os selecionados receber\u00e3o at\u00e9 55 mil reais de financiamento do Serrapilheira para executarem seus projetos. O valor final do apoio depender\u00e1 da aprova\u00e7\u00e3o do or\u00e7amento proposto.&nbsp;<\/p>\n\n\n\n<p>Os contratos ter\u00e3o a dura\u00e7\u00e3o de 10 meses a partir do come\u00e7o do treinamento.<\/p>\n\n\n\n<p>Os recursos ser\u00e3o transferidos em forma de doa\u00e7\u00e3o. Organiza\u00e7\u00f5es n\u00e3o isentas estar\u00e3o sujeitas \u00e0 incid\u00eancia do imposto sobre doa\u00e7\u00f5es e outros encargos.&nbsp;<\/p>\n\n\n\n<h4 class=\"wp-block-heading\" id=\"_wlbefgv94\">Cronograma<\/h4>\n\n\n\n<p><strong>Lan\u00e7amento da chamada p\u00fablica<\/strong><br>08 de abril de 2025<\/p>\n\n\n\n<p><strong>Abertura do sistema de submiss\u00f5es<\/strong><br>15 de abril de 2025<\/p>\n\n\n\n<p><strong>Prazo final para envio de propostas<\/strong><br>30 de maio de 2025 (at\u00e9 16h)<\/p>\n\n\n\n<p><strong>Publica\u00e7\u00e3o do resultado<\/strong><br>08 de agosto de 2025<\/p>\n\n\n\n<p><strong>Treinamento online e mentorias (7 semanas)<\/strong><br>Setembro e outubro de 2025<\/p>\n\n\n\n<p><strong>Imers\u00e3o treinamento presencial<\/strong><br>Outubro de 2025<\/p>\n\n\n\n<p><strong>Continua\u00e7\u00e3o das mentorias e entregas finais<\/strong><br>Novembro de 2025<\/p>\n\n\n\n<p><strong>Prazo final para publica\u00e7\u00e3o das temporadas<\/strong><br>Maio de 2026<\/p>\n\n\n\n<h4 class=\"wp-block-heading\" id=\"_l9nvraiz1\">Inscri\u00e7\u00f5es<\/h4>\n\n\n\n<ol class=\"wp-block-list\">\n<li>Acesse\u00a0<a href=\"https:\/\/serrapilheira.fluxx.io\/\" target=\"_blank\" rel=\"noreferrer noopener\">https:\/\/serrapilheira.fluxx.io\/<\/a>\u00a0e se cadastre.<\/li>\n\n\n\n<li>Uma vez dentro do sistema, selecione Camp Serrapilheira 2024: Podcasts no menu \u00e0 esquerda. Leia as instru\u00e7\u00f5es de cada pergunta com aten\u00e7\u00e3o.\u00a0<\/li>\n\n\n\n<li>Cadastre sua organiza\u00e7\u00e3o clicando em \u201cAdd New\u201d.<\/li>\n\n\n\n<li>Preencha o formul\u00e1rio com as informa\u00e7\u00f5es solicitadas.<\/li>\n\n\n\n<li>Ao final, clique em \u201cSalvar\u201d. Em seguida\u201d, clique em \u201cSubmit\u201d no canto inferior direito. Voc\u00ea receber\u00e1 um email avisando que sua proposta foi submetida com sucesso. Propostas que forem somente salvas, mas n\u00e3o submetidas, n\u00e3o ser\u00e3o consideradas.<\/li>\n<\/ol>\n\n\n\n<h4 class=\"wp-block-heading\" id=\"_mykkzpxyl\">Contato<\/h4>\n\n\n\n<p><a href=\"mailto:jornalismo@serrapilheira.org\">jornalismo@serrapilheira.org<\/a><\/p>\n\n\n\n<p>(<a href=\"https:\/\/serrapilheira.org\/ano\/camp-serrapilheira-2025-podcasts\/\" data-type=\"link\" data-id=\"https:\/\/serrapilheira.org\/ano\/camp-serrapilheira-2025-podcasts\/\">Fonte: Instituto Serrapilheira)<\/a><\/p>\n","protected":false},"excerpt":{"rendered":"<p>Envio de propostas at\u00e9 30 de maio de 2025 (at\u00e9 16h). Inscreva-se aqui: Edital Serrapilheira O Instituto Serrapilheira recebe projetos de podcasts de todo o pa\u00eds, liderados por pessoas negras e ind\u00edgenas que contem boas hist\u00f3rias nas quais a ci\u00eancia e o m\u00e9todo cient\u00edfico t\u00eam um papel central. Ser\u00e3o selecionados at\u00e9 8 projetos, cujas equipes [&hellip;]<\/p>\n","protected":false},"author":1,"featured_media":1504,"comment_status":"open","ping_status":"open","sticky":false,"template":"","format":"standard","meta":{"inline_featured_image":false,"footnotes":""},"categories":[13,11],"tags":[],"class_list":["post-1503","post","type-post","status-publish","format-standard","has-post-thumbnail","hentry","category-editais-e-oportunidades","category-noticias"],"_links":{"self":[{"href":"https:\/\/solved.eco.br\/intranet\/wp-json\/wp\/v2\/posts\/1503","targetHints":{"allow":["GET"]}}],"collection":[{"href":"https:\/\/solved.eco.br\/intranet\/wp-json\/wp\/v2\/posts"}],"about":[{"href":"https:\/\/solved.eco.br\/intranet\/wp-json\/wp\/v2\/types\/post"}],"author":[{"embeddable":true,"href":"https:\/\/solved.eco.br\/intranet\/wp-json\/wp\/v2\/users\/1"}],"replies":[{"embeddable":true,"href":"https:\/\/solved.eco.br\/intranet\/wp-json\/wp\/v2\/comments?post=1503"}],"version-history":[{"count":1,"href":"https:\/\/solved.eco.br\/intranet\/wp-json\/wp\/v2\/posts\/1503\/revisions"}],"predecessor-version":[{"id":1505,"href":"https:\/\/solved.eco.br\/intranet\/wp-json\/wp\/v2\/posts\/1503\/revisions\/1505"}],"wp:featuredmedia":[{"embeddable":true,"href":"https:\/\/solved.eco.br\/intranet\/wp-json\/wp\/v2\/media\/1504"}],"wp:attachment":[{"href":"https:\/\/solved.eco.br\/intranet\/wp-json\/wp\/v2\/media?parent=1503"}],"wp:term":[{"taxonomy":"category","embeddable":true,"href":"https:\/\/solved.eco.br\/intranet\/wp-json\/wp\/v2\/categories?post=1503"},{"taxonomy":"post_tag","embeddable":true,"href":"https:\/\/solved.eco.br\/intranet\/wp-json\/wp\/v2\/tags?post=1503"}],"curies":[{"name":"wp","href":"https:\/\/api.w.org\/{rel}","templated":true}]}}