{"id":1508,"date":"2025-04-24T21:12:33","date_gmt":"2025-04-25T00:12:33","guid":{"rendered":"https:\/\/solved.eco.br\/intranet\/?p=1508"},"modified":"2025-04-24T21:13:42","modified_gmt":"2025-04-25T00:13:42","slug":"estao-abertas-as-inscricoes-para-o-premio-ciencias-indigenas-solucoes-ancestrais-pelo-clima-pela-amazonia-e-por-todas-as-vidas","status":"publish","type":"post","link":"https:\/\/solved.eco.br\/intranet\/estao-abertas-as-inscricoes-para-o-premio-ciencias-indigenas-solucoes-ancestrais-pelo-clima-pela-amazonia-e-por-todas-as-vidas\/","title":{"rendered":"Est\u00e3o abertas as inscri\u00e7\u00f5es para o Pr\u00eamio Ci\u00eancias Ind\u00edgenas: \u201cSolu\u00e7\u00f5es Ancestrais pelo Clima, pela Amaz\u00f4nia e por Todas as Vidas\u201d"},"content":{"rendered":"\n<p><em>O Pod\u00e1ali-Fundo Ind\u00edgena da Amaz\u00f4nia Brasileira&nbsp;torna p\u00fablico o lan\u00e7amento da primeira edi\u00e7\u00e3o do Pr\u00eamio Ci\u00eancias Ind\u00edgenas.<\/em><\/p>\n\n\n\n<figure class=\"wp-block-image size-large is-resized\"><img fetchpriority=\"high\" decoding=\"async\" width=\"1024\" height=\"576\" src=\"http:\/\/solved.eco.br\/intranet\/wp-content\/uploads\/2025\/04\/IMG_4276-1-1-1024x576.png\" alt=\"\" class=\"wp-image-1510\" style=\"width:757px;height:auto\" srcset=\"https:\/\/solved.eco.br\/intranet\/wp-content\/uploads\/2025\/04\/IMG_4276-1-1-1024x576.png 1024w, https:\/\/solved.eco.br\/intranet\/wp-content\/uploads\/2025\/04\/IMG_4276-1-1-300x169.png 300w, https:\/\/solved.eco.br\/intranet\/wp-content\/uploads\/2025\/04\/IMG_4276-1-1-768x432.png 768w, https:\/\/solved.eco.br\/intranet\/wp-content\/uploads\/2025\/04\/IMG_4276-1-1.png 1920w\" sizes=\"(max-width: 1024px) 100vw, 1024px\" \/><\/figure>\n\n\n\n<p>\ud83d\udce3\ud83d\udde3\ufe0fOl\u00e1, parentes e parentas est\u00e3o abertas as inscri\u00e7\u00f5es do Pr\u00eamio Ci\u00eancias Ind\u00edgenas: \u201cSolu\u00e7\u00f5es Ancestrais pelo Clima, pela Amaz\u00f4nia e por Todas as Vidas\u201d.<\/p>\n\n\n\n<p>\ud83d\udc49\ud83c\udffeO objetivo do Pr\u00eamio \u00e9 premiar iniciativas coletivas de povos, comunidades e organiza\u00e7\u00f5es ind\u00edgenas da Amaz\u00f4nia Brasileira que, com base nos conhecimentos e ci\u00eancias ancestrais ind\u00edgenas, s\u00e3o solu\u00e7\u00f5es efetivas para o enfrentamento \u00e0s mudan\u00e7as clim\u00e1ticas.<\/p>\n\n\n\n<p>\u270a\ud83c\udffeA Premia\u00e7\u00e3o destina-se a povos, organiza\u00e7\u00f5es e comunidades ind\u00edgenas da Amaz\u00f4nia Legal, considerando as 64 regi\u00f5es bases de atua\u00e7\u00e3o da COIAB que est\u00e3o distribu\u00eddas nos seguintes estados: Acre, Amap\u00e1, Amazonas, Maranh\u00e3o, Mato Grosso, Par\u00e1, Rond\u00f4nia, Roraima e Tocantins.<\/p>\n\n\n\n<p>\ud83d\udccdCategorias dos Pr\u00eamios:<\/p>\n\n\n\n<p>\ud83d\udd38Categoria A \u2013 Coletivos ind\u00edgenas locais: Grupos sem CNPJ (como juventudes, mulheres, guardi\u00f5es, professores, brigadas e outros).<\/p>\n\n\n\n<p>\ud83d\udd38Categoria B \u2013 Organiza\u00e7\u00f5es ind\u00edgenas diversas: Organiza\u00e7\u00f5es com CNPJ, de alcance regional, estadual ou tem\u00e1tico (juventude, mulheres, professores e outros).<\/p>\n\n\n\n<p>\ud83d\udd38Categoria C \u2013 Organiza\u00e7\u00f5es da Rede COIAB: Apenas para organiza\u00e7\u00f5es que integram formalmente a Rede COIAB.<\/p>\n\n\n\n<p>\ud83d\udcb0Valor e Quantidade de Pr\u00eamios<\/p>\n\n\n\n<p>Ser\u00e3o pelo menos 47 pr\u00eamios, distribu\u00eddos da seguinte forma:<\/p>\n\n\n\n<p>\u25aa\ufe0fCategoria A: R$ 20.000,00 por iniciativa\/coletivo premiado<\/p>\n\n\n\n<p>\u25aa\ufe0fCategoria B: R$ 40.000,00 por iniciativa\/organiza\u00e7\u00e3o premiada<\/p>\n\n\n\n<p>\u25aa\ufe0fCategoria C: R$ 50.000,00 por iniciativa\/organiza\u00e7\u00e3o da Rede COIAB premiada<\/p>\n\n\n\n<p>\ud83d\udc69\ud83c\udffd\u200d\ud83d\udcbbAs inscri\u00e7\u00f5es podem ser feitas de 14 de abril de 2025 ao dia 30 de maio de 2025.<\/p>\n\n\n\n<p>\ud83d\udcbb<strong>Tenha acesso a mais informa\u00e7\u00f5es e ao formul\u00e1rio de inscri\u00e7\u00e3o de proposta no nosso site: <a href=\"https:\/\/fundopodaali.org.br\/\">www.fundopodaali.org.br<\/a><\/strong><\/p>\n\n\n\n<p>Acompanhe o <a href=\"https:\/\/www.instagram.com\/fundopodaali\/\">@fundopodaali<\/a> nas redes e junte-se ao fundo Ind\u00edgena da Amaz\u00f4nia Brasileira<\/p>\n\n\n\n<p>Por ind\u00edgenas, para Ind\u00edgenas<br>com gest\u00e3o ind\u00edgena<\/p>\n\n\n\n<p>Acompanhe tamb\u00e9m as nossas organiza\u00e7\u00f5es <a href=\"https:\/\/www.instagram.com\/coiabamazonia\/\">@coiabamazonia<\/a>, <a href=\"https:\/\/www.instagram.com\/apiboficial\/\">@apiboficial<\/a> e <a href=\"https:\/\/www.instagram.com\/coica_org\/\">@coica_org<\/a><\/p>\n\n\n\n<p>Boa sorte parentes\u270a\ud83c\udffe\ud83c\udff9<\/p>\n\n\n\n<p><a href=\"https:\/\/www.instagram.com\/explore\/tags\/fundoindigenadaamazonia\/\">#fundoindigenadaamazonia<\/a><a href=\"https:\/\/www.instagram.com\/explore\/tags\/povosindigenas\/\">#povosindigenas<\/a><a href=\"https:\/\/www.instagram.com\/explore\/tags\/fundo\/\">#fundo<\/a><a href=\"https:\/\/www.instagram.com\/explore\/tags\/amaz%C3%B4nia\/\">#amaz\u00f4nia<\/a><\/p>\n","protected":false},"excerpt":{"rendered":"<p>O Pod\u00e1ali-Fundo Ind\u00edgena da Amaz\u00f4nia Brasileira&nbsp;torna p\u00fablico o lan\u00e7amento da primeira edi\u00e7\u00e3o do Pr\u00eamio Ci\u00eancias Ind\u00edgenas. \ud83d\udce3\ud83d\udde3\ufe0fOl\u00e1, parentes e parentas est\u00e3o abertas as inscri\u00e7\u00f5es do Pr\u00eamio Ci\u00eancias Ind\u00edgenas: \u201cSolu\u00e7\u00f5es Ancestrais pelo Clima, pela Amaz\u00f4nia e por Todas as Vidas\u201d. \ud83d\udc49\ud83c\udffeO objetivo do Pr\u00eamio \u00e9 premiar iniciativas coletivas de povos, comunidades e organiza\u00e7\u00f5es ind\u00edgenas da Amaz\u00f4nia [&hellip;]<\/p>\n","protected":false},"author":1,"featured_media":1510,"comment_status":"open","ping_status":"open","sticky":false,"template":"","format":"standard","meta":{"inline_featured_image":false,"footnotes":""},"categories":[13,11],"tags":[],"class_list":["post-1508","post","type-post","status-publish","format-standard","has-post-thumbnail","hentry","category-editais-e-oportunidades","category-noticias"],"_links":{"self":[{"href":"https:\/\/solved.eco.br\/intranet\/wp-json\/wp\/v2\/posts\/1508","targetHints":{"allow":["GET"]}}],"collection":[{"href":"https:\/\/solved.eco.br\/intranet\/wp-json\/wp\/v2\/posts"}],"about":[{"href":"https:\/\/solved.eco.br\/intranet\/wp-json\/wp\/v2\/types\/post"}],"author":[{"embeddable":true,"href":"https:\/\/solved.eco.br\/intranet\/wp-json\/wp\/v2\/users\/1"}],"replies":[{"embeddable":true,"href":"https:\/\/solved.eco.br\/intranet\/wp-json\/wp\/v2\/comments?post=1508"}],"version-history":[{"count":1,"href":"https:\/\/solved.eco.br\/intranet\/wp-json\/wp\/v2\/posts\/1508\/revisions"}],"predecessor-version":[{"id":1511,"href":"https:\/\/solved.eco.br\/intranet\/wp-json\/wp\/v2\/posts\/1508\/revisions\/1511"}],"wp:featuredmedia":[{"embeddable":true,"href":"https:\/\/solved.eco.br\/intranet\/wp-json\/wp\/v2\/media\/1510"}],"wp:attachment":[{"href":"https:\/\/solved.eco.br\/intranet\/wp-json\/wp\/v2\/media?parent=1508"}],"wp:term":[{"taxonomy":"category","embeddable":true,"href":"https:\/\/solved.eco.br\/intranet\/wp-json\/wp\/v2\/categories?post=1508"},{"taxonomy":"post_tag","embeddable":true,"href":"https:\/\/solved.eco.br\/intranet\/wp-json\/wp\/v2\/tags?post=1508"}],"curies":[{"name":"wp","href":"https:\/\/api.w.org\/{rel}","templated":true}]}}