{"id":1528,"date":"2025-08-13T10:06:50","date_gmt":"2025-08-13T13:06:50","guid":{"rendered":"https:\/\/solved.eco.br\/intranet\/?p=1528"},"modified":"2025-08-29T16:24:26","modified_gmt":"2025-08-29T19:24:26","slug":"saberes-que-sustentam-conexao-apresenta-debate-a-forca-da-amamentacao-na-amazonia","status":"publish","type":"post","link":"https:\/\/solved.eco.br\/intranet\/saberes-que-sustentam-conexao-apresenta-debate-a-forca-da-amamentacao-na-amazonia\/","title":{"rendered":"Saberes que Sustentam: &#8220;Conex\u00e3o Apresenta&#8221; debate a for\u00e7a da amamenta\u00e7\u00e3o na Amaz\u00f4nia"},"content":{"rendered":"\n<h2 class=\"wp-block-heading has-text-align-center\"><\/h2>\n\n\n\n<h4 class=\"wp-block-heading has-text-align-center\"><em>Encontro online promove troca de saberes e fortalecimento do aleitamento nas comunidades tradicionais<\/em><\/h4>\n\n\n\n<figure class=\"wp-block-image size-large\"><img fetchpriority=\"high\" decoding=\"async\" width=\"819\" height=\"1024\" src=\"https:\/\/solved.eco.br\/intranet\/wp-content\/uploads\/2025\/08\/Card-Conexao-Apresenta-Saberes-que-sustentam-1-819x1024.jpg\" alt=\"\" class=\"wp-image-1529\" srcset=\"https:\/\/solved.eco.br\/intranet\/wp-content\/uploads\/2025\/08\/Card-Conexao-Apresenta-Saberes-que-sustentam-1-819x1024.jpg 819w, https:\/\/solved.eco.br\/intranet\/wp-content\/uploads\/2025\/08\/Card-Conexao-Apresenta-Saberes-que-sustentam-1-240x300.jpg 240w, https:\/\/solved.eco.br\/intranet\/wp-content\/uploads\/2025\/08\/Card-Conexao-Apresenta-Saberes-que-sustentam-1-768x960.jpg 768w, https:\/\/solved.eco.br\/intranet\/wp-content\/uploads\/2025\/08\/Card-Conexao-Apresenta-Saberes-que-sustentam-1.jpg 1080w\" sizes=\"(max-width: 819px) 100vw, 819px\" \/><\/figure>\n\n\n\n<p>Agosto \u00e9 o m\u00eas da amamenta\u00e7\u00e3o, e a <strong>Rede Conex\u00e3o Povos da Floresta <\/strong>realiza mais uma <strong>edi\u00e7\u00e3o do <em>Conex\u00e3o Apresenta<\/em><\/strong>, em parceria com a<strong> SAMA &#8211; Health in Harmony.<\/strong> O encontro, intitulad<strong>o <em>Saberes que Sustentam: a For\u00e7a da Amamenta\u00e7\u00e3o na Amaz\u00f4nia<\/em><\/strong>, ser\u00e1 um <strong>espa\u00e7o de di\u00e1logo e cuidado em torno do aleitamento materno nas comunidades amaz\u00f4nicas.<\/strong><\/p>\n\n\n\n<p>A convidada desta edi\u00e7\u00e3o \u00e9<strong> Rhamilly Amud, mestre em Enfermagem no Contexto Amaz\u00f4nico, enfermeira neonatal e consultora em aleitamento<\/strong>, com mais de 15 anos de atua\u00e7\u00e3o junto a fam\u00edlias e povos tradicionais. A atividade acontece no dia <strong>14 de agosto (quinta-feira), \u00e0s 16h (hor\u00e1rio de Bras\u00edlia)<\/strong>.<\/p>\n\n\n\n<p><strong>O evento \u00e9 aberto para toda as pessoas participantes da Rede Conex\u00e3o Povos da Floresta<\/strong>. Acesse pelo link <a class=\"\" href=\"https:\/\/bit.ly\/conexaoapresentaamamentacao\">bit.ly\/conexaoapresentaamamentacao<\/a> e<strong> convide m\u00e3es, parteiras, lideran\u00e7as e profissionais da sa\u00fade<\/strong> para essa roda de saberes que fortalece quem alimenta e cuida.<\/p>\n\n\n\n<p><strong>Conex\u00e3o Apresenta &#8211; Saberes que Sustentam: a For\u00e7a da Amamenta\u00e7\u00e3o na Amaz\u00f4nia<\/strong><\/p>\n\n\n\n<p>\ud83d\uddd3 <strong>Dia 14 de agosto (quinta-feira)<\/strong><br>\ud83d\udd53 <strong>16h (hor\u00e1rio de Bras\u00edlia)<\/strong><br>\ud83d\udccd<strong> Acesse:<\/strong> <a href=\"https:\/\/bit.ly\/conexaoapresentaamamentacao\">https:\/\/bit.ly\/conexaoapresentaamamentacao<\/a><\/p>\n\n\n\n<p><\/p>\n","protected":false},"excerpt":{"rendered":"<p>Encontro online promove troca de saberes e fortalecimento do aleitamento nas comunidades tradicionais Agosto \u00e9 o m\u00eas da amamenta\u00e7\u00e3o, e a Rede Conex\u00e3o Povos da Floresta realiza mais uma edi\u00e7\u00e3o do Conex\u00e3o Apresenta, em parceria com a SAMA &#8211; Health in Harmony. O encontro, intitulado Saberes que Sustentam: a For\u00e7a da Amamenta\u00e7\u00e3o na Amaz\u00f4nia, ser\u00e1 [&hellip;]<\/p>\n","protected":false},"author":1,"featured_media":1529,"comment_status":"open","ping_status":"open","sticky":false,"template":"","format":"standard","meta":{"inline_featured_image":false,"footnotes":""},"categories":[19],"tags":[36,25],"class_list":["post-1528","post","type-post","status-publish","format-standard","has-post-thumbnail","hentry","category-saude-e-bem-viver","tag-conexao-apresenta","tag-saude"],"_links":{"self":[{"href":"https:\/\/solved.eco.br\/intranet\/wp-json\/wp\/v2\/posts\/1528","targetHints":{"allow":["GET"]}}],"collection":[{"href":"https:\/\/solved.eco.br\/intranet\/wp-json\/wp\/v2\/posts"}],"about":[{"href":"https:\/\/solved.eco.br\/intranet\/wp-json\/wp\/v2\/types\/post"}],"author":[{"embeddable":true,"href":"https:\/\/solved.eco.br\/intranet\/wp-json\/wp\/v2\/users\/1"}],"replies":[{"embeddable":true,"href":"https:\/\/solved.eco.br\/intranet\/wp-json\/wp\/v2\/comments?post=1528"}],"version-history":[{"count":5,"href":"https:\/\/solved.eco.br\/intranet\/wp-json\/wp\/v2\/posts\/1528\/revisions"}],"predecessor-version":[{"id":1558,"href":"https:\/\/solved.eco.br\/intranet\/wp-json\/wp\/v2\/posts\/1528\/revisions\/1558"}],"wp:featuredmedia":[{"embeddable":true,"href":"https:\/\/solved.eco.br\/intranet\/wp-json\/wp\/v2\/media\/1529"}],"wp:attachment":[{"href":"https:\/\/solved.eco.br\/intranet\/wp-json\/wp\/v2\/media?parent=1528"}],"wp:term":[{"taxonomy":"category","embeddable":true,"href":"https:\/\/solved.eco.br\/intranet\/wp-json\/wp\/v2\/categories?post=1528"},{"taxonomy":"post_tag","embeddable":true,"href":"https:\/\/solved.eco.br\/intranet\/wp-json\/wp\/v2\/tags?post=1528"}],"curies":[{"name":"wp","href":"https:\/\/api.w.org\/{rel}","templated":true}]}}