{"id":1535,"date":"2025-08-13T10:26:48","date_gmt":"2025-08-13T13:26:48","guid":{"rendered":"https:\/\/solved.eco.br\/intranet\/?p=1535"},"modified":"2025-08-29T16:22:16","modified_gmt":"2025-08-29T19:22:16","slug":"mais-de-250-representantes-de-comunidades-tradicionais-da-amazonia-participam-de-formacao-em-seguranca-digital","status":"publish","type":"post","link":"https:\/\/solved.eco.br\/intranet\/mais-de-250-representantes-de-comunidades-tradicionais-da-amazonia-participam-de-formacao-em-seguranca-digital\/","title":{"rendered":"Mais de 250 representantes de comunidades tradicionais da Amaz\u00f4nia participam de forma\u00e7\u00e3o em seguran\u00e7a digital"},"content":{"rendered":"\n<p class=\"has-text-align-center\"><em>1\u00aa Forma\u00e7\u00e3o Presencial de Sabedoria Digital promoveu o uso seguro da Internet e o empoderamento digital de povos ind\u00edgenas, quilombolas e extrativistas<\/em><\/p>\n\n\n<div class=\"wp-block-image\">\n<figure class=\"aligncenter size-large\"><img fetchpriority=\"high\" decoding=\"async\" width=\"1024\" height=\"682\" src=\"https:\/\/solved.eco.br\/intranet\/wp-content\/uploads\/2025\/08\/WhatsApp-Image-2025-08-13-at-09.18.01-1024x682.jpeg\" alt=\"\" class=\"wp-image-1536\" srcset=\"https:\/\/solved.eco.br\/intranet\/wp-content\/uploads\/2025\/08\/WhatsApp-Image-2025-08-13-at-09.18.01-1024x682.jpeg 1024w, https:\/\/solved.eco.br\/intranet\/wp-content\/uploads\/2025\/08\/WhatsApp-Image-2025-08-13-at-09.18.01-300x200.jpeg 300w, https:\/\/solved.eco.br\/intranet\/wp-content\/uploads\/2025\/08\/WhatsApp-Image-2025-08-13-at-09.18.01-768x512.jpeg 768w, https:\/\/solved.eco.br\/intranet\/wp-content\/uploads\/2025\/08\/WhatsApp-Image-2025-08-13-at-09.18.01.jpeg 1280w\" sizes=\"(max-width: 1024px) 100vw, 1024px\" \/><figcaption class=\"wp-element-caption\">Moradores de toda a Amaz\u00f4nia Legal participaram da forma\u00e7\u00e3o, promovida pela Rede Conex\u00e3o Povos da Floresta. Cr\u00e9dito: Nathalie Brasil<\/figcaption><\/figure>\n<\/div>\n\n\n<p>Mais de 250 representantes de comunidades ind\u00edgenas, quilombolas, ribeirinhas e extrativistas de todos os estados da Amaz\u00f4nia Legal estiveram reunidos entre os dias 04 a 06 de agosto, no Studio 5 Centro de Conven\u00e7\u00f5es, em Manaus (AM), participando da <strong>1\u00aa Forma\u00e7\u00e3o Presencial de Sabedoria Digital<\/strong>. O evento teve como objetivo principal a capacita\u00e7\u00e3o em seguran\u00e7a digital para o uso seguro, consciente e estrat\u00e9gico da Internet nas comunidades tradicionais da regi\u00e3o.<\/p>\n\n\n\n<p>A forma\u00e7\u00e3o integrou as a\u00e7\u00f5es da <strong>Rede Conex\u00e3o Povos da Floresta<\/strong>, iniciativa conjunta que tem como objetivo conectar em rede, atrav\u00e9s de Internet banda larga, mais de 8 mil comunidades ind\u00edgenas, quilombolas, extrativistas e ribeirinhas em territ\u00f3rios protegidos da Amaz\u00f4nia Legal, garantindo o acesso a programas de educa\u00e7\u00e3o, sa\u00fade, comunica\u00e7\u00e3o e prote\u00e7\u00e3o dos territ\u00f3rios. O evento foi correalizado com Ceweb.br|NIC.br|CGI.br, e conta com apoio da Embaixada do Reino Unido, por meio do Programa de Acesso Digital (DAP).<\/p>\n\n\n\n<p>Durante os tr\u00eas dias de programa\u00e7\u00e3o, os participantes trocaram experi\u00eancias e participaram de oficinas e palestras com especialistas de institui\u00e7\u00f5es como Minist\u00e9rio da Gest\u00e3o e da Inova\u00e7\u00e3o em Servi\u00e7os P\u00fablicos (MGI), NIC.br, Funda\u00e7\u00e3o Amaz\u00f4nia Sustent\u00e1vel (FAS), Imazon, Instituto de Pesquisa Ambiental da Amaz\u00f4nia (Ipam) e Portal Telemedicina. Os temas abordados inclu\u00edram<strong> <\/strong>seguran\u00e7a cibern\u00e9tica, combate \u00e0 desinforma\u00e7\u00e3o, uso de ferramentas como o Gov.br, redes sociais, direitos digitais e boas pr\u00e1ticas de navega\u00e7\u00e3o.<\/p>\n\n\n<div class=\"wp-block-image\">\n<figure class=\"aligncenter size-large\"><img decoding=\"async\" width=\"1024\" height=\"682\" src=\"https:\/\/solved.eco.br\/intranet\/wp-content\/uploads\/2025\/08\/WhatsApp-Image-2025-08-13-at-09.18.02-1024x682.jpeg\" alt=\"\" class=\"wp-image-1537\" srcset=\"https:\/\/solved.eco.br\/intranet\/wp-content\/uploads\/2025\/08\/WhatsApp-Image-2025-08-13-at-09.18.02-1024x682.jpeg 1024w, https:\/\/solved.eco.br\/intranet\/wp-content\/uploads\/2025\/08\/WhatsApp-Image-2025-08-13-at-09.18.02-300x200.jpeg 300w, https:\/\/solved.eco.br\/intranet\/wp-content\/uploads\/2025\/08\/WhatsApp-Image-2025-08-13-at-09.18.02-768x512.jpeg 768w, https:\/\/solved.eco.br\/intranet\/wp-content\/uploads\/2025\/08\/WhatsApp-Image-2025-08-13-at-09.18.02.jpeg 1280w\" sizes=\"(max-width: 1024px) 100vw, 1024px\" \/><figcaption class=\"wp-element-caption\">Participantes aprenderam o manejo de ferramentas e plataformas digitais para acesso \u00e0 direitos sociais, como o Gov.Br. Cr\u00e9dito: Nathalie Brasil<\/figcaption><\/figure>\n<\/div>\n\n\n<p>&#8220;Acreditamos que a verdadeira autonomia digital nasce da troca de saberes. Por isso, reunimos facilitadores ind\u00edgenas, quilombolas, extrativistas e ribeirinhos nesta imers\u00e3o de tr\u00eas dias. Nosso objetivo \u00e9 equip\u00e1-los com conhecimentos essenciais sobre a Internet, seguran\u00e7a digital e cidadania, para que possam n\u00e3o apenas se proteger de fraudes e not\u00edcias falsas, mas tamb\u00e9m utilizar a rede de forma consciente e multiplicar o aprendizado em suas comunidades, fortalecendo seus territ\u00f3rios.&#8221; apontou Selma de Morais, coordenadora de projetos no Ceweb.br|NIC.br.<\/p>\n\n\n\n<p>\u201cNa comunidade quilombola onde moro, a internet \u00e9 muito usada na educa\u00e7\u00e3o. Tem muita gente que utiliza a Rede Conex\u00e3o para estudar e fazer faculdade, e precisamos garantir o uso consciente dessa conectividade\u201d, destacou Tais Cunha, representante da comunidade quilombola Guajar\u00e1-Miri, em Acar\u00e1 (PA).<\/p>\n\n\n\n<p>\u201cPra mim, o Sabedoria Digital proporcionou um momento al\u00e9m de trocas de experi\u00eancias com outros parentes. Eu pude aprender muitas coisas relacionadas a tecnologias digitais, como, por exemplo, o cuidado que devemos ter com as redes sociais e muitos desafios que a gente precisa superar nas nossas comunidades. Tiramos d\u00favidas e aprofundamos nossos conhecimentos\u201d, ressaltou a participante Lidiane Borari, comunit\u00e1ria da Aldeia Novo Lugar, na TI Mar\u00f3, em Santar\u00e9m (PA).&nbsp;<\/p>\n\n\n<div class=\"wp-block-image\">\n<figure class=\"aligncenter size-large\"><img decoding=\"async\" width=\"1024\" height=\"682\" src=\"https:\/\/solved.eco.br\/intranet\/wp-content\/uploads\/2025\/08\/WhatsApp-Image-2025-08-13-at-09.18.00-2-1024x682.jpeg\" alt=\"\" class=\"wp-image-1538\" srcset=\"https:\/\/solved.eco.br\/intranet\/wp-content\/uploads\/2025\/08\/WhatsApp-Image-2025-08-13-at-09.18.00-2-1024x682.jpeg 1024w, https:\/\/solved.eco.br\/intranet\/wp-content\/uploads\/2025\/08\/WhatsApp-Image-2025-08-13-at-09.18.00-2-300x200.jpeg 300w, https:\/\/solved.eco.br\/intranet\/wp-content\/uploads\/2025\/08\/WhatsApp-Image-2025-08-13-at-09.18.00-2-768x512.jpeg 768w, https:\/\/solved.eco.br\/intranet\/wp-content\/uploads\/2025\/08\/WhatsApp-Image-2025-08-13-at-09.18.00-2.jpeg 1280w\" sizes=\"(max-width: 1024px) 100vw, 1024px\" \/><figcaption class=\"wp-element-caption\">Cr\u00e9dito: Nathalie Brasil<\/figcaption><\/figure>\n<\/div>\n\n\n<p>A proposta do encontro \u00e9 que os participantes se tornem multiplicadores de conhecimento, promovendo a inclus\u00e3o digital de forma segura e consciente em suas comunidades, com autonomia para acessar servi\u00e7os digitais, defender seus direitos e proteger seus territ\u00f3rios.<\/p>\n\n\n\n<p>\u201cA partir do momento que a gente conecta uma comunidade \u00e0 internet, a gente abre um mundo. Ent\u00e3o, nesse processo de forma\u00e7\u00e3o, \u00e9 importante para eles aprenderem como usar a internet de forma segura, usar ferramentas digitais e se proteger de riscos\u201d, refor\u00e7ou Sabrina Costa, coordenadora de opera\u00e7\u00f5es da Rede Conex\u00e3o Povos da Floresta.<\/p>\n\n\n\n<p>Segundo Mariana Cartaxo, diretora do Programa de Acesso Digital do Reino Unido no Brasil, \u201ca conectividade n\u00e3o \u00e9 algo bin\u00e1rio \u2014 conectar ou n\u00e3o \u2014 mas precisa ser feita de forma segura, com conhecimento. Queremos ampliar esses saberes para que os facilitadores possam voltar \u00e0s comunidades e compartilhar tudo o que aprenderam.\u201d<\/p>\n\n\n\n<p><strong>Conectividade como meio para transforma\u00e7\u00e3o social<\/strong><\/p>\n\n\n<div class=\"wp-block-image\">\n<figure class=\"aligncenter size-large\"><img loading=\"lazy\" decoding=\"async\" width=\"1024\" height=\"682\" src=\"https:\/\/solved.eco.br\/intranet\/wp-content\/uploads\/2025\/08\/WhatsApp-Image-2025-08-13-at-09.18.00-1-1024x682.jpeg\" alt=\"\" class=\"wp-image-1539\" srcset=\"https:\/\/solved.eco.br\/intranet\/wp-content\/uploads\/2025\/08\/WhatsApp-Image-2025-08-13-at-09.18.00-1-1024x682.jpeg 1024w, https:\/\/solved.eco.br\/intranet\/wp-content\/uploads\/2025\/08\/WhatsApp-Image-2025-08-13-at-09.18.00-1-300x200.jpeg 300w, https:\/\/solved.eco.br\/intranet\/wp-content\/uploads\/2025\/08\/WhatsApp-Image-2025-08-13-at-09.18.00-1-768x512.jpeg 768w, https:\/\/solved.eco.br\/intranet\/wp-content\/uploads\/2025\/08\/WhatsApp-Image-2025-08-13-at-09.18.00-1.jpeg 1280w\" sizes=\"(max-width: 1024px) 100vw, 1024px\" \/><figcaption class=\"wp-element-caption\">Cr\u00e9dito: Nathalie Brasil<\/figcaption><\/figure>\n<\/div>\n\n\n<p>Para al\u00e9m da conex\u00e3o \u00e0 Internet, lideran\u00e7as presentes no evento destacaram a import\u00e2ncia da conectividade como ferramenta para garantir direitos e melhorar o acesso a servi\u00e7os essenciais. Para Jos\u00e9 Carlos Galiza, representante da Coordena\u00e7\u00e3o Nacional de Articula\u00e7\u00e3o das Comunidades Negras Rurais Quilombolas (CONAQ), a iniciativa tem impacto transformador nas comunidades.<\/p>\n\n\n\n<p>\u201cA parceria da CONAQ com toda essa rede de parceiros \u00e9 muito importante porque n\u00f3s estamos levando conectividade para comunidades que estavam isoladas e hoje, para al\u00e9m da conectividade, n\u00f3s estamos levando outros pontos. A conectividade n\u00e3o \u00e9 a principal a\u00e7\u00e3o do projeto, e sim os atendimentos de telessa\u00fade, as forma\u00e7\u00f5es online, trocas entre as comunidades e um monte de coisa que o projeto possibilitou\u201d, afirmou Galiza.<\/p>\n\n\n\n<p>\u201cEntendemos que, quando formamos uma rede comunit\u00e1ria de povos da floresta interconectados pela Internet, precisamos criar uma rede que, de forma eficiente, use esse recurso para o seu pr\u00f3prio benef\u00edcio. Essa conectividade, aliada \u00e0 educa\u00e7\u00e3o com boas pr\u00e1ticas de uso da Internet, \u00e9 uma ferramenta poderosa para a autonomia dessas comunidades. Agora, os facilitadores que participaram da forma\u00e7\u00e3o retornam para suas comunidades com a miss\u00e3o de multiplicar o conhecimento adquirido, atuando como elos fundamentais entre a tecnologia e as suas realidades locais. O NIC.br est\u00e1 muito feliz com a parceria com o Conex\u00e3o Povos da Floresta e a Embaixada Brit\u00e2nica para a realiza\u00e7\u00e3o dessa forma\u00e7\u00e3o\u201d, contou Vagner Diniz, gerente do NIC.br.<\/p>\n\n\n<div class=\"wp-block-image\">\n<figure class=\"aligncenter size-large\"><img loading=\"lazy\" decoding=\"async\" width=\"1024\" height=\"768\" src=\"https:\/\/solved.eco.br\/intranet\/wp-content\/uploads\/2025\/08\/WhatsApp-Image-2025-08-13-at-09.17.21-1024x768.jpeg\" alt=\"\" class=\"wp-image-1540\" srcset=\"https:\/\/solved.eco.br\/intranet\/wp-content\/uploads\/2025\/08\/WhatsApp-Image-2025-08-13-at-09.17.21-1024x768.jpeg 1024w, https:\/\/solved.eco.br\/intranet\/wp-content\/uploads\/2025\/08\/WhatsApp-Image-2025-08-13-at-09.17.21-300x225.jpeg 300w, https:\/\/solved.eco.br\/intranet\/wp-content\/uploads\/2025\/08\/WhatsApp-Image-2025-08-13-at-09.17.21-768x576.jpeg 768w, https:\/\/solved.eco.br\/intranet\/wp-content\/uploads\/2025\/08\/WhatsApp-Image-2025-08-13-at-09.17.21.jpeg 1280w\" sizes=\"(max-width: 1024px) 100vw, 1024px\" \/><figcaption class=\"wp-element-caption\">Cr\u00e9dito: Nathalie Brasil<\/figcaption><\/figure>\n<\/div>\n\n\n<p><strong>Sobre a Rede Conex\u00e3o Povos da Floresta<\/strong><\/p>\n\n\n\n<p>O Conex\u00e3o Povos da Floresta \u00e9 uma iniciativa conjunta que tem como objetivo conectar em rede, atrav\u00e9s de internet banda larga, mais de 8 mil comunidades ind\u00edgenas, quilombolas, extrativistas e ribeirinhas em territ\u00f3rios protegidos da Amaz\u00f4nia Legal. A ideia \u00e9 aliar conectividade e energia a programas de inclus\u00e3o, seguran\u00e7a e empoderamento nas comunidades beneficiadas. Atualmente, at\u00e9 julho de 2025, j\u00e1 s\u00e3o mais de 1,8 mil comunidades conectadas pelo projeto.<\/p>\n\n\n\n<p>O projeto \u00e9 liderado pelas organiza\u00e7\u00f5es de base Coordena\u00e7\u00e3o Nacional de Articula\u00e7\u00e3o das Comunidades Negras Rurais Quilombolas (CONAQ), Coordena\u00e7\u00e3o das Organiza\u00e7\u00f5es Ind\u00edgenas da Amaz\u00f4nia Brasileira (COIAB) e Conselho Nacional das Popula\u00e7\u00f5es Extrativistas (CNS), em parceria com mais de 50 organiza\u00e7\u00f5es da sociedade civil, institui\u00e7\u00f5es e empresas.<br><br><strong>Sobre o Centro de Estudos sobre Tecnologias Web &#8211; <\/strong><a href=\"http:\/\/ceweb.br\"><strong>Ceweb.br<\/strong><\/a><\/p>\n\n\n\n<p><br>O Centro de Estudos sobre Tecnologias Web do NIC.br foi criado em 2015 com a miss\u00e3o de conduzir a\u00e7\u00f5es e iniciativas que promovam o cont\u00ednuo desenvolvimento da Web e de seus princ\u00edpios originais, colaborando para que seja uma rede aberta, universal e acess\u00edvel a todos. Traz, em seu hist\u00f3rico de atua\u00e7\u00e3o, projetos j\u00e1 desenvolvidos no Brasil e que t\u00eam por ess\u00eancia o fomento e uso de tecnologias web em sua concep\u00e7\u00e3o aberta. Al\u00e9m disso, o Ceweb.br amplia o escopo desse trabalho ao desenvolver estudos e pesquisas sobre essas tecnologias, que podem auxiliar na formula\u00e7\u00e3o de pol\u00edticas p\u00fablicas. S\u00e3o diversas publica\u00e7\u00f5es que buscam mostrar como as tecnologias padronizadas da Web podem auxiliar na transforma\u00e7\u00e3o social com mais transpar\u00eancia em governos e institui\u00e7\u00f5es, mais liberdade, privacidade, acessibilidade e universalidade.<\/p>\n\n\n\n<p><strong>Sobre o N\u00facleo de Informa\u00e7\u00e3o e Coordena\u00e7\u00e3o do Ponto BR \u2013 <\/strong><a href=\"http:\/\/nic.br\"><strong>NIC.br<\/strong><\/a><\/p>\n\n\n\n<p>O N\u00facleo de Informa\u00e7\u00e3o e Coordena\u00e7\u00e3o do Ponto BR \u2014 NIC.br (<a href=\"https:\/\/nic.br\/\">https:\/\/nic.br\/<\/a>) \u00e9 uma entidade civil de direito privado e sem fins de lucro, encarregada da opera\u00e7\u00e3o do dom\u00ednio .br, bem como da distribui\u00e7\u00e3o de n\u00fameros IP e do registro de Sistemas Aut\u00f4nomos no Pa\u00eds. O NIC.br implementa as decis\u00f5es e projetos do Comit\u00ea Gestor da Internet no Brasil &#8211; CGI.br desde 2005, e todos os recursos arrecadados prov\u00eam de suas atividades que s\u00e3o de natureza eminentemente privada. Conduz a\u00e7\u00f5es e projetos que trazem benef\u00edcios \u00e0 infraestrutura da Internet no Brasil. Do NIC.br fazem parte:&nbsp; Registro.br (<a href=\"https:\/\/registro.br\/\">https:\/\/registro.br<\/a>), CERT.br (<a href=\"https:\/\/cert.br\/\">https:\/\/cert.br\/<\/a>), Ceptro.br (<a href=\"https:\/\/ceptro.br\/\">https:\/\/ceptro.br\/<\/a>), Cetic.br (<a href=\"https:\/\/cetic.br\/\">https:\/\/cetic.br\/<\/a>), IX.br (<a href=\"https:\/\/ix.br\/\">https:\/\/ix.br\/<\/a>) e Ceweb.br (<a href=\"https:\/\/ceweb.br\/\">https:\/\/ceweb.br<\/a>), al\u00e9m de projetos como Internetsegura.br (<a href=\"https:\/\/internetsegura.br\/\">https:\/\/internetsegura.br<\/a>) e Portal de Boas Pr\u00e1ticas para Internet no Brasil (<a href=\"https:\/\/bcp.nic.br\/\">https:\/\/bcp.nic.br\/<\/a>). Abriga ainda o escrit\u00f3rio do W3C Chapter S\u00e3o Paulo (<a href=\"https:\/\/w3c.br\/\">https:\/\/w3c.br\/<\/a>).<\/p>\n","protected":false},"excerpt":{"rendered":"<p>1\u00aa Forma\u00e7\u00e3o Presencial de Sabedoria Digital promoveu o uso seguro da Internet e o empoderamento digital de povos ind\u00edgenas, quilombolas e extrativistas Mais de 250 representantes de comunidades ind\u00edgenas, quilombolas, ribeirinhas e extrativistas de todos os estados da Amaz\u00f4nia Legal estiveram reunidos entre os dias 04 a 06 de agosto, no Studio 5 Centro de [&hellip;]<\/p>\n","protected":false},"author":1,"featured_media":1538,"comment_status":"open","ping_status":"open","sticky":false,"template":"","format":"standard","meta":{"inline_featured_image":false,"footnotes":""},"categories":[15,11,1],"tags":[37],"class_list":["post-1535","post","type-post","status-publish","format-standard","has-post-thumbnail","hentry","category-educacao-e-formacao","category-noticias","category-sem-categoria","tag-sabedoria-digital"],"_links":{"self":[{"href":"https:\/\/solved.eco.br\/intranet\/wp-json\/wp\/v2\/posts\/1535","targetHints":{"allow":["GET"]}}],"collection":[{"href":"https:\/\/solved.eco.br\/intranet\/wp-json\/wp\/v2\/posts"}],"about":[{"href":"https:\/\/solved.eco.br\/intranet\/wp-json\/wp\/v2\/types\/post"}],"author":[{"embeddable":true,"href":"https:\/\/solved.eco.br\/intranet\/wp-json\/wp\/v2\/users\/1"}],"replies":[{"embeddable":true,"href":"https:\/\/solved.eco.br\/intranet\/wp-json\/wp\/v2\/comments?post=1535"}],"version-history":[{"count":1,"href":"https:\/\/solved.eco.br\/intranet\/wp-json\/wp\/v2\/posts\/1535\/revisions"}],"predecessor-version":[{"id":1541,"href":"https:\/\/solved.eco.br\/intranet\/wp-json\/wp\/v2\/posts\/1535\/revisions\/1541"}],"wp:featuredmedia":[{"embeddable":true,"href":"https:\/\/solved.eco.br\/intranet\/wp-json\/wp\/v2\/media\/1538"}],"wp:attachment":[{"href":"https:\/\/solved.eco.br\/intranet\/wp-json\/wp\/v2\/media?parent=1535"}],"wp:term":[{"taxonomy":"category","embeddable":true,"href":"https:\/\/solved.eco.br\/intranet\/wp-json\/wp\/v2\/categories?post=1535"},{"taxonomy":"post_tag","embeddable":true,"href":"https:\/\/solved.eco.br\/intranet\/wp-json\/wp\/v2\/tags?post=1535"}],"curies":[{"name":"wp","href":"https:\/\/api.w.org\/{rel}","templated":true}]}}