{"id":1542,"date":"2025-08-13T12:28:25","date_gmt":"2025-08-13T15:28:25","guid":{"rendered":"https:\/\/solved.eco.br\/intranet\/?p=1542"},"modified":"2025-08-29T16:19:39","modified_gmt":"2025-08-29T19:19:39","slug":"2o-encontro-da-rede-conexao-povos-da-floresta-reune-mais-de-200-liderancas-para-integrar-conectividade-e-politicas-publicas-na-amazonia","status":"publish","type":"post","link":"https:\/\/solved.eco.br\/intranet\/2o-encontro-da-rede-conexao-povos-da-floresta-reune-mais-de-200-liderancas-para-integrar-conectividade-e-politicas-publicas-na-amazonia\/","title":{"rendered":"2\u00ba Encontro da Rede Conex\u00e3o Povos da Floresta re\u00fane mais de 200 lideran\u00e7as para integrar conectividade e pol\u00edticas p\u00fablicas na Amaz\u00f4nia"},"content":{"rendered":"\n<p class=\"has-text-align-center\"><em>Evento reuniu lideran\u00e7as de povos tradicionais, sociedade civil e governo em Manaus (AM) para debater solu\u00e7\u00f5es em pol\u00edticas p\u00fablicas para territ\u00f3rios da Amaz\u00f4nia Legal<\/em><\/p>\n\n\n<div class=\"wp-block-image\">\n<figure class=\"aligncenter size-large\"><img fetchpriority=\"high\" decoding=\"async\" width=\"1024\" height=\"682\" src=\"https:\/\/solved.eco.br\/intranet\/wp-content\/uploads\/2025\/08\/WhatsApp-Image-2025-08-13-at-11.16.44-1024x682.jpeg\" alt=\"\" class=\"wp-image-1543\" srcset=\"https:\/\/solved.eco.br\/intranet\/wp-content\/uploads\/2025\/08\/WhatsApp-Image-2025-08-13-at-11.16.44-1024x682.jpeg 1024w, https:\/\/solved.eco.br\/intranet\/wp-content\/uploads\/2025\/08\/WhatsApp-Image-2025-08-13-at-11.16.44-300x200.jpeg 300w, https:\/\/solved.eco.br\/intranet\/wp-content\/uploads\/2025\/08\/WhatsApp-Image-2025-08-13-at-11.16.44-768x512.jpeg 768w, https:\/\/solved.eco.br\/intranet\/wp-content\/uploads\/2025\/08\/WhatsApp-Image-2025-08-13-at-11.16.44-1536x1023.jpeg 1536w, https:\/\/solved.eco.br\/intranet\/wp-content\/uploads\/2025\/08\/WhatsApp-Image-2025-08-13-at-11.16.44.jpeg 1600w\" sizes=\"(max-width: 1024px) 100vw, 1024px\" \/><figcaption class=\"wp-element-caption\">Cr\u00e9dito: Nathalie Brasil<\/figcaption><\/figure>\n<\/div>\n\n\n<p>Mais de 200 participantes, entre lideran\u00e7as ind\u00edgenas, quilombolas, extrativistas e ribeirinhas e representantes de organiza\u00e7\u00f5es da sociedade civil e de \u00f3rg\u00e3os governamentais, estiveram reunidos entre os dias 6 e 8 de agosto em Manaus (AM), no <strong>2\u00ba Encontro da Rede Conex\u00e3o Povos da Floresta: Integra\u00e7\u00e3o de Pol\u00edticas P\u00fablicas<\/strong>. O evento teve como objetivo debater solu\u00e7\u00f5es integradas a pol\u00edticas p\u00fablicas voltadas \u00e0s popula\u00e7\u00f5es da Amaz\u00f4nia Legal, em \u00e1reas como sa\u00fade, educa\u00e7\u00e3o, prote\u00e7\u00e3o territorial e conectividade.<\/p>\n\n\n\n<p>O Encontro da Rede \u00e9 uma iniciativa da Rede Conex\u00e3o Povos da Floresta, que busca <strong>conectar em rede, atrav\u00e9s de internet banda larga, mais de 8 mil comunidades localizadas em territ\u00f3rios protegidos da Amaz\u00f4nia Legal<\/strong>, aliando conectividade \u00e0 inclus\u00e3o digital, seguran\u00e7a e empoderamento.<\/p>\n\n\n\n<p>Ao longo de tr\u00eas dias de programa\u00e7\u00e3o, os participantes do evento se debru\u00e7aram em <strong>solu\u00e7\u00f5es j\u00e1 desenvolvidas no \u00e2mbito do projeto e como conect\u00e1-las a pol\u00edticas p\u00fablicas que promovam a autonomia e o acesso a direitos dos povos da floresta.<\/strong> As discuss\u00f5es envolveram plen\u00e1rias e salas tem\u00e1ticas focadas em quest\u00f5es como prote\u00e7\u00e3o territorial, empreendedorismo e conectividade.\u00a0<\/p>\n\n\n\n<p>O encerramento aconteceu na manh\u00e3 da sexta-feira (8), com a apresenta\u00e7\u00e3o de propostas constru\u00eddas coletivamente em uma plen\u00e1ria participativa com agentes p\u00fablicos e sociedade civil.<\/p>\n\n\n\n<p>O evento contou com a presen\u00e7a de representantes de \u00f3rg\u00e3os como Ag\u00eancia Nacional de Telecomunica\u00e7\u00f5es (Anatel), Minist\u00e9rio P\u00fablico Federal (MPF), Minist\u00e9rio da Igualdade Racial (MIR), Minist\u00e9rio do Meio Ambiente e Mudan\u00e7a do Clima (MMA), Funda\u00e7\u00e3o Nacional dos Povos Ind\u00edgenas (Funai), Minist\u00e9rio dos Povos Ind\u00edgenas (MPI), Secretaria de Governo Digital (SGD), al\u00e9m de institui\u00e7\u00f5es parceiras da rede, como o Instituto do Homem e Meio Ambiente da Amaz\u00f4nia (Imazon), Portal Telemedicina, Funda\u00e7\u00e3o Amaz\u00f4nia Sustent\u00e1vel (FAS), RECODE, entre outros.<\/p>\n\n\n\n<p><strong>Conectividade significativa e acesso a direitos<\/strong><\/p>\n\n\n<div class=\"wp-block-image\">\n<figure class=\"aligncenter size-large\"><img decoding=\"async\" width=\"1024\" height=\"682\" src=\"https:\/\/solved.eco.br\/intranet\/wp-content\/uploads\/2025\/08\/WhatsApp-Image-2025-08-13-at-11.16.58-1024x682.jpeg\" alt=\"\" class=\"wp-image-1548\" srcset=\"https:\/\/solved.eco.br\/intranet\/wp-content\/uploads\/2025\/08\/WhatsApp-Image-2025-08-13-at-11.16.58-1024x682.jpeg 1024w, https:\/\/solved.eco.br\/intranet\/wp-content\/uploads\/2025\/08\/WhatsApp-Image-2025-08-13-at-11.16.58-300x200.jpeg 300w, https:\/\/solved.eco.br\/intranet\/wp-content\/uploads\/2025\/08\/WhatsApp-Image-2025-08-13-at-11.16.58-768x512.jpeg 768w, https:\/\/solved.eco.br\/intranet\/wp-content\/uploads\/2025\/08\/WhatsApp-Image-2025-08-13-at-11.16.58.jpeg 1280w\" sizes=\"(max-width: 1024px) 100vw, 1024px\" \/><figcaption class=\"wp-element-caption\">Cr\u00e9dito: Nathalie Brasil<\/figcaption><\/figure>\n<\/div>\n\n\n<p>\u201cA ideia da Rede Conex\u00e3o \u00e9 que a conectividade seja apenas uma ferramenta, usada de forma consciente e segura, para que as popula\u00e7\u00f5es ind\u00edgenas, ribeirinhas, quilombolas e extrativistas tenham um acesso facilitado aos seus direitos. Por isso, \u00e9 fundamental integrarmos a rede ao desenvolvimento de pol\u00edticas p\u00fablicas\u201d, destacou Sabrina Costa, coordenadora do N\u00facleo de Opera\u00e7\u00f5es da Rede Conex\u00e3o Povos da Floresta.<\/p>\n\n\n\n<p>Atualmente, a Rede j\u00e1 conta com mais de 1,8 mil comunidades&nbsp; beneficiadas pelas a\u00e7\u00f5es do projeto. A iniciativa \u00e9 liderada pela Coordena\u00e7\u00e3o Nacional de Articula\u00e7\u00e3o das Comunidades Negras Rurais Quilombolas (CONAQ), Coordena\u00e7\u00e3o das Organiza\u00e7\u00f5es Ind\u00edgenas da Amaz\u00f4nia Brasileira (COIAB) e Conselho Nacional das Popula\u00e7\u00f5es Extrativistas (CNS), em parceria com mais de 50 organiza\u00e7\u00f5es da sociedade civil, institui\u00e7\u00f5es p\u00fablicas e empresas.<\/p>\n\n\n\n<p>A pluralidade de vozes foi um dos pontos altos do encontro. \u201cPercebemos o quanto esse processo foi rico e produtivo. Agora \u00e9 implementar, fortalecer e expandir dentro dos nossos territ\u00f3rios, porque sabemos a import\u00e2ncia da conectividade para educa\u00e7\u00e3o, sa\u00fade, empreendedorismo e visibilidade\u201d, afirmou Jos\u00e9 Carlos Galiza, lideran\u00e7a quilombola da CONAQ.<\/p>\n\n\n<div class=\"wp-block-image\">\n<figure class=\"aligncenter size-large\"><img decoding=\"async\" width=\"1024\" height=\"682\" src=\"https:\/\/solved.eco.br\/intranet\/wp-content\/uploads\/2025\/08\/WhatsApp-Image-2025-08-13-at-11.24.03-1024x682.jpeg\" alt=\"\" class=\"wp-image-1546\" srcset=\"https:\/\/solved.eco.br\/intranet\/wp-content\/uploads\/2025\/08\/WhatsApp-Image-2025-08-13-at-11.24.03-1024x682.jpeg 1024w, https:\/\/solved.eco.br\/intranet\/wp-content\/uploads\/2025\/08\/WhatsApp-Image-2025-08-13-at-11.24.03-300x200.jpeg 300w, https:\/\/solved.eco.br\/intranet\/wp-content\/uploads\/2025\/08\/WhatsApp-Image-2025-08-13-at-11.24.03-768x511.jpeg 768w, https:\/\/solved.eco.br\/intranet\/wp-content\/uploads\/2025\/08\/WhatsApp-Image-2025-08-13-at-11.24.03.jpeg 1280w\" sizes=\"(max-width: 1024px) 100vw, 1024px\" \/><figcaption class=\"wp-element-caption\">Cr\u00e9dito: Nathalie Brasil<\/figcaption><\/figure>\n<\/div>\n\n\n<p>J\u00e1 Dione Torquato, secret\u00e1rio-geral do CNS, ressaltou a import\u00e2ncia da integra\u00e7\u00e3o entre todos os atores envolvidos para que a conectividade seja um instrumento de transforma\u00e7\u00e3o.<\/p>\n\n\n\n<p>\u201cO objetivo \u00e9 discutir e descobrir juntos como podemos avan\u00e7ar com a conectividade nos territ\u00f3rios da Amaz\u00f4nia, para gerar implementa\u00e7\u00e3o das pol\u00edticas p\u00fablicas em monitoramento territorial, empreendedorismo, sa\u00fade de qualidade. A gente espera que nesses di\u00e1logos a gente possa trilhar caminhos e abrir oportunidades para avan\u00e7ar na conectividade como oportunidade de trabalho, inclus\u00e3o e, acima de tudo, garantia de direitos para os povos da floresta, do campo e das \u00e1guas\u201d, pontuou Dione.<\/p>\n\n\n\n<p>\u201cUma das principais demandas dos povos origin\u00e1rios \u00e9 em rela\u00e7\u00e3o \u00e0 prote\u00e7\u00e3o de seus territ\u00f3rios, e os parentes necessitam muito dessa comunica\u00e7\u00e3o de uma maneira r\u00e1pida. Nesse sentido, a conex\u00e3o tem sido uma ferramenta importante que tem mostrado um bom resultado para o monitoramento territorial\u201d, complementou Alcebias Sapar\u00e1, vice-coordenador da COIAB.<\/p>\n\n\n\n<p><strong>Governo reconhece papel estrat\u00e9gico da rede nas pol\u00edticas p\u00fablicas<\/strong><\/p>\n\n\n<div class=\"wp-block-image\">\n<figure class=\"aligncenter size-large\"><img loading=\"lazy\" decoding=\"async\" width=\"1024\" height=\"682\" src=\"https:\/\/solved.eco.br\/intranet\/wp-content\/uploads\/2025\/08\/WhatsApp-Image-2025-08-13-at-11.16.48-1-1024x682.jpeg\" alt=\"\" class=\"wp-image-1547\" srcset=\"https:\/\/solved.eco.br\/intranet\/wp-content\/uploads\/2025\/08\/WhatsApp-Image-2025-08-13-at-11.16.48-1-1024x682.jpeg 1024w, https:\/\/solved.eco.br\/intranet\/wp-content\/uploads\/2025\/08\/WhatsApp-Image-2025-08-13-at-11.16.48-1-300x200.jpeg 300w, https:\/\/solved.eco.br\/intranet\/wp-content\/uploads\/2025\/08\/WhatsApp-Image-2025-08-13-at-11.16.48-1-768x512.jpeg 768w, https:\/\/solved.eco.br\/intranet\/wp-content\/uploads\/2025\/08\/WhatsApp-Image-2025-08-13-at-11.16.48-1.jpeg 1280w\" sizes=\"(max-width: 1024px) 100vw, 1024px\" \/><figcaption class=\"wp-element-caption\">Cr\u00e9dito: Nathalie Brasil<\/figcaption><\/figure>\n<\/div>\n\n\n<p>A presidenta da Funai, Jo\u00eania Wapichana, esteve presente no painel de encerramento do evento e chamou aten\u00e7\u00e3o para a import\u00e2ncia do di\u00e1logo permanente entre organiza\u00e7\u00f5es civis e o governo. \u201cA internet hoje \u00e9 uma necessidade, mas \u00e9 preciso haver cuidado com os impactos. A conectividade deve unir a articula\u00e7\u00e3o dos povos em torno das pol\u00edticas p\u00fablicas\u201d, refor\u00e7ou.<\/p>\n\n\n\n<p>Outros representantes do governo federal tamb\u00e9m refor\u00e7aram o compromisso com a iniciativa. Para Val\u00e9ria Benon, Coordenadora-Geral de Avalia\u00e7\u00e3o, Qualidade e Experi\u00eancia do Usu\u00e1rio no Minist\u00e9rio da Gest\u00e3o e da Inova\u00e7\u00e3o em Servi\u00e7os P\u00fablicos, o encontro permitiu uma escuta ativa dos cidad\u00e3os na Amaz\u00f4nia e potencializou a oferta de servi\u00e7os p\u00fablicos em territ\u00f3rios de dif\u00edcil acesso.<\/p>\n\n\n\n<p>Avanilson Karaj\u00e1, Diretor do Departamento de Media\u00e7\u00e3o e Concilia\u00e7\u00e3o de Conflitos Fundi\u00e1rios Ind\u00edgenas do Minist\u00e9rio dos Povos Ind\u00edgenas, destacou a import\u00e2ncia da integra\u00e7\u00e3o: \u201cQue possamos andar juntos para que as pol\u00edticas sociais cheguem com mais for\u00e7a aos territ\u00f3rios.\u201d&nbsp;<\/p>\n\n\n\n<p>O 2\u00ba Encontro da Rede reafirmou a Rede Conex\u00e3o Povos da Floresta como uma plataforma estrat\u00e9gica para garantir que a conectividade seja uma ferramenta de empoderamento e resist\u00eancia dos povos da Amaz\u00f4nia, diante dos desafios atuais e futuros, incluindo as mudan\u00e7as clim\u00e1ticas.<\/p>\n\n\n<div class=\"wp-block-image\">\n<figure class=\"aligncenter size-large\"><img loading=\"lazy\" decoding=\"async\" width=\"1024\" height=\"682\" src=\"https:\/\/solved.eco.br\/intranet\/wp-content\/uploads\/2025\/08\/WhatsApp-Image-2025-08-13-at-11.16.24-1024x682.jpeg\" alt=\"\" class=\"wp-image-1549\" srcset=\"https:\/\/solved.eco.br\/intranet\/wp-content\/uploads\/2025\/08\/WhatsApp-Image-2025-08-13-at-11.16.24-1024x682.jpeg 1024w, https:\/\/solved.eco.br\/intranet\/wp-content\/uploads\/2025\/08\/WhatsApp-Image-2025-08-13-at-11.16.24-300x200.jpeg 300w, https:\/\/solved.eco.br\/intranet\/wp-content\/uploads\/2025\/08\/WhatsApp-Image-2025-08-13-at-11.16.24-768x512.jpeg 768w, https:\/\/solved.eco.br\/intranet\/wp-content\/uploads\/2025\/08\/WhatsApp-Image-2025-08-13-at-11.16.24.jpeg 1280w\" sizes=\"(max-width: 1024px) 100vw, 1024px\" \/><figcaption class=\"wp-element-caption\">Cr\u00e9dito: Nathalie Brasil<\/figcaption><\/figure>\n<\/div>\n\n\n<p><strong>Sobre a Rede Conex\u00e3o Povos da Floresta<\/strong><\/p>\n\n\n\n<p>A Rede Conex\u00e3o Povos da Floresta \u00e9 uma iniciativa que busca levar internet banda larga a mais de 8 mil comunidades ind\u00edgenas, quilombolas, extrativistas e ribeirinhas da Amaz\u00f4nia Legal, aliando conectividade e energia a a\u00e7\u00f5es de inclus\u00e3o, seguran\u00e7a e fortalecimento comunit\u00e1rio.&nbsp;<\/p>\n\n\n\n<p>Liderado por CONAQ, COIAB e CNS, o projeto re\u00fane mais de 50 organiza\u00e7\u00f5es parceiras e atua sobre tr\u00eas pilares, infraestrutura, controle comunit\u00e1rio e inclus\u00e3o digital e empoderamento, para que a conectividade seja ferramenta de transforma\u00e7\u00e3o social, ampliando o acesso \u00e0 sa\u00fade, educa\u00e7\u00e3o e oportunidades, contribuindo tamb\u00e9m para a conserva\u00e7\u00e3o da floresta.<\/p>\n\n\n\n<p><\/p>\n","protected":false},"excerpt":{"rendered":"<p>Evento reuniu lideran\u00e7as de povos tradicionais, sociedade civil e governo em Manaus (AM) para debater solu\u00e7\u00f5es em pol\u00edticas p\u00fablicas para territ\u00f3rios da Amaz\u00f4nia Legal Mais de 200 participantes, entre lideran\u00e7as ind\u00edgenas, quilombolas, extrativistas e ribeirinhas e representantes de organiza\u00e7\u00f5es da sociedade civil e de \u00f3rg\u00e3os governamentais, estiveram reunidos entre os dias 6 e 8 de [&hellip;]<\/p>\n","protected":false},"author":1,"featured_media":1543,"comment_status":"open","ping_status":"open","sticky":false,"template":"","format":"standard","meta":{"inline_featured_image":false,"footnotes":""},"categories":[16,11],"tags":[39,38],"class_list":["post-1542","post","type-post","status-publish","format-standard","has-post-thumbnail","hentry","category-direitos-e-politicas-publicas","category-noticias","tag-conexao-povos-da-floresta","tag-ii-encontro-da-rede"],"_links":{"self":[{"href":"https:\/\/solved.eco.br\/intranet\/wp-json\/wp\/v2\/posts\/1542","targetHints":{"allow":["GET"]}}],"collection":[{"href":"https:\/\/solved.eco.br\/intranet\/wp-json\/wp\/v2\/posts"}],"about":[{"href":"https:\/\/solved.eco.br\/intranet\/wp-json\/wp\/v2\/types\/post"}],"author":[{"embeddable":true,"href":"https:\/\/solved.eco.br\/intranet\/wp-json\/wp\/v2\/users\/1"}],"replies":[{"embeddable":true,"href":"https:\/\/solved.eco.br\/intranet\/wp-json\/wp\/v2\/comments?post=1542"}],"version-history":[{"count":2,"href":"https:\/\/solved.eco.br\/intranet\/wp-json\/wp\/v2\/posts\/1542\/revisions"}],"predecessor-version":[{"id":1556,"href":"https:\/\/solved.eco.br\/intranet\/wp-json\/wp\/v2\/posts\/1542\/revisions\/1556"}],"wp:featuredmedia":[{"embeddable":true,"href":"https:\/\/solved.eco.br\/intranet\/wp-json\/wp\/v2\/media\/1543"}],"wp:attachment":[{"href":"https:\/\/solved.eco.br\/intranet\/wp-json\/wp\/v2\/media?parent=1542"}],"wp:term":[{"taxonomy":"category","embeddable":true,"href":"https:\/\/solved.eco.br\/intranet\/wp-json\/wp\/v2\/categories?post=1542"},{"taxonomy":"post_tag","embeddable":true,"href":"https:\/\/solved.eco.br\/intranet\/wp-json\/wp\/v2\/tags?post=1542"}],"curies":[{"name":"wp","href":"https:\/\/api.w.org\/{rel}","templated":true}]}}