{"id":1559,"date":"2025-08-29T16:57:52","date_gmt":"2025-08-29T19:57:52","guid":{"rendered":"https:\/\/solved.eco.br\/intranet\/?p=1559"},"modified":"2025-08-29T17:01:24","modified_gmt":"2025-08-29T20:01:24","slug":"voce-participou-da-i-formacao-de-sabedoria-digital-agora-e-hora-de-fortalecer-a-rede","status":"publish","type":"post","link":"https:\/\/solved.eco.br\/intranet\/voce-participou-da-i-formacao-de-sabedoria-digital-agora-e-hora-de-fortalecer-a-rede\/","title":{"rendered":"Voc\u00ea participou da I Forma\u00e7\u00e3o de Sabedoria Digital? Agora \u00e9 hora de fortalecer a Rede!"},"content":{"rendered":"\n<div class=\"wp-block-columns is-layout-flex wp-container-core-columns-is-layout-9d6595d7 wp-block-columns-is-layout-flex\">\n<div class=\"wp-block-column is-layout-flow wp-block-column-is-layout-flow\" style=\"flex-basis:100%\">\n<figure class=\"wp-block-image size-large\"><img fetchpriority=\"high\" decoding=\"async\" width=\"1024\" height=\"682\" src=\"https:\/\/solved.eco.br\/intranet\/wp-content\/uploads\/2025\/08\/54735643778_25171ab96d_h-1024x682.jpg\" alt=\"\" class=\"wp-image-1560\" srcset=\"https:\/\/solved.eco.br\/intranet\/wp-content\/uploads\/2025\/08\/54735643778_25171ab96d_h-1024x682.jpg 1024w, https:\/\/solved.eco.br\/intranet\/wp-content\/uploads\/2025\/08\/54735643778_25171ab96d_h-300x200.jpg 300w, https:\/\/solved.eco.br\/intranet\/wp-content\/uploads\/2025\/08\/54735643778_25171ab96d_h-768x512.jpg 768w, https:\/\/solved.eco.br\/intranet\/wp-content\/uploads\/2025\/08\/54735643778_25171ab96d_h-1536x1023.jpg 1536w, https:\/\/solved.eco.br\/intranet\/wp-content\/uploads\/2025\/08\/54735643778_25171ab96d_h.jpg 1600w\" sizes=\"(max-width: 1024px) 100vw, 1024px\" \/><figcaption class=\"wp-element-caption\">                                                               Cr\u00e9dito: Nathalie Brasil<\/figcaption><\/figure>\n<\/div>\n<\/div>\n\n\n\n<p>Mais de 250 representantes de comunidades ind\u00edgenas, quilombolas, ribeirinhas e extrativistas estiveram juntos, entre os dias <strong>4 e 6 de agosto<\/strong> de 2025, na<strong> I Forma\u00e7\u00e3o Presencial de Sabedoria Digital<\/strong>, em Manaus. Foram tr\u00eas dias de aprendizado, trocas e descobertas sobre <strong>seguran\u00e7a digital, uso estrat\u00e9gico da Internet e o papel da conectividade na defesa de direitos e territ\u00f3rios.<\/strong><\/p>\n\n\n\n<p>Agora, chegou a hora de dar um passo importante:<strong> a associa\u00e7\u00e3o da sua comunidade \u00e0 Rede Conex\u00e3o Povos da Floresta.<\/strong><\/p>\n\n\n\n<h3 class=\"wp-block-heading\">Por que se associar?<\/h3>\n\n\n\n<p>Se associar \u00e0 Rede \u00e9 o que <strong>garante oficialmente a participa\u00e7\u00e3o da sua comunidade no projeto<\/strong>. \u00c9 esse passo que permite:<\/p>\n\n\n\n<ul class=\"wp-block-list\">\n<li>o acesso cont\u00ednuo a <em>forma\u00e7\u00f5es, apoio t\u00e9cnico<\/em> e <em>a\u00e7\u00f5es de sa\u00fade, educa\u00e7\u00e3o e cultura<\/em>,<\/li>\n\n\n\n<li>e a <em>expans\u00e3o da Rede para mais comunidades da Amaz\u00f4nia<\/em>.<\/li>\n<\/ul>\n\n\n\n<h3 class=\"wp-block-heading\">Como funciona?<\/h3>\n\n\n\n<figure class=\"wp-block-gallery aligncenter has-nested-images columns-default is-cropped wp-block-gallery-1 is-layout-flex wp-block-gallery-is-layout-flex\">\n<figure class=\"wp-block-image size-full\"><img decoding=\"async\" width=\"640\" height=\"480\" data-id=\"1561\" src=\"https:\/\/solved.eco.br\/intranet\/wp-content\/uploads\/2025\/08\/54735652738_849e4af605_z.jpg\" alt=\"\" class=\"wp-image-1561\" srcset=\"https:\/\/solved.eco.br\/intranet\/wp-content\/uploads\/2025\/08\/54735652738_849e4af605_z.jpg 640w, https:\/\/solved.eco.br\/intranet\/wp-content\/uploads\/2025\/08\/54735652738_849e4af605_z-300x225.jpg 300w\" sizes=\"(max-width: 640px) 100vw, 640px\" \/><figcaption class=\"wp-element-caption\">Cr\u00e9dito: Nathalie Brasil<\/figcaption><\/figure>\n<\/figure>\n\n\n\n<p>O processo \u00e9 simples, e nosso time de Relacionamento Comunit\u00e1rio est\u00e1 pronto pra apoiar:<\/p>\n\n\n\n<ol class=\"wp-block-list\">\n<li><strong>Uma lideran\u00e7a da comunidade entra em contato com a equipe da Rede;<\/strong><\/li>\n\n\n\n<li><strong>Define se a associa\u00e7\u00e3o ser\u00e1 como pessoa f\u00edsica ou jur\u00eddica;<\/strong><\/li>\n\n\n\n<li><strong>Envia os documentos solicitados e assina o contrato digitalmente.<\/strong><\/li>\n<\/ol>\n\n\n\n<p><strong>Importante:<\/strong> O <em>primeiro ano de associa\u00e7\u00e3o \u00e9 gratuito<\/em>.<br><\/p>\n\n\n\n<p>Depois disso, <strong>a comunidade contribui com uma taxa mensal de R$ 290, que ajuda a manter e expandir a Rede.<\/strong> Se houver dificuldade, n\u00e3o se preocupe \u2014 <strong>buscamos solu\u00e7\u00f5es juntos!<\/strong><\/p>\n\n\n\n<h3 class=\"wp-block-heading\">Com a associa\u00e7\u00e3o, sua comunidade tem acesso a:<\/h3>\n\n\n\n<p>\u2714\ufe0f Internet segura e comunit\u00e1ria<br>\u2714\ufe0f Suporte t\u00e9cnico sempre que precisar<br>\u2714\ufe0f Forma\u00e7\u00f5es continuadas em seguran\u00e7a digital<br>\u2714\ufe0f Projetos em sa\u00fade, educa\u00e7\u00e3o, cultura e prote\u00e7\u00e3o do territ\u00f3rio<br>\u2714\ufe0f Trocas com outras comunidades da Rede<\/p>\n\n\n\n<p>Essa \u00e9 uma caminhada coletiva \u2014 e voc\u00ea j\u00e1 faz parte dela!<\/p>\n\n\n\n<h3 class=\"wp-block-heading\">J\u00e1 participou da forma\u00e7\u00e3o?<\/h3>\n\n\n\n<p><em>Essa \u00e9 a hora de iniciar ou concluir o processo de associa\u00e7\u00e3o.<\/em><\/p>\n\n\n\n<p><br>Fale com nossa equipe e <strong>fortale\u00e7a essa rede que conecta saberes, culturas e territ\u00f3rios por toda a Amaz\u00f4nia.<\/strong><\/p>\n\n\n\n<h3 class=\"wp-block-heading\"><strong>\ud83d\udcde Em d\u00favida? Quer saber mais?<\/strong> <\/h3>\n\n\n\n<div class=\"wp-block-columns alignwide is-layout-flex wp-container-core-columns-is-layout-9d6595d7 wp-block-columns-is-layout-flex\"><\/div>\n\n\n\n<p>Entre em contato com o time de Relacionamento Comunit\u00e1rio pelo WhatsApp:<\/p>\n\n\n\n<p><strong>Aldeias e Comunidades Ind\u00edgenas: <\/strong>Ludimar Kokama \u2013 (92) 99449-5132<br><strong>Quilombolas : <\/strong>Thais Cunha \u2013 (91) 98167-3218<br><strong>Ribeirinhas e Extrativistas : <\/strong>Gelson Lima \u2013 (91) 9810-6852<br><strong>Outras comunidades : <\/strong>Jamille Santos \u2013 (91) 98318-7041<\/p>\n\n\n\n<p><\/p>\n","protected":false},"excerpt":{"rendered":"<p>Mais de 250 representantes de comunidades ind\u00edgenas, quilombolas, ribeirinhas e extrativistas estiveram juntos, entre os dias 4 e 6 de agosto de 2025, na I Forma\u00e7\u00e3o Presencial de Sabedoria Digital, em Manaus. Foram tr\u00eas dias de aprendizado, trocas e descobertas sobre seguran\u00e7a digital, uso estrat\u00e9gico da Internet e o papel da conectividade na defesa de [&hellip;]<\/p>\n","protected":false},"author":1,"featured_media":1560,"comment_status":"open","ping_status":"open","sticky":false,"template":"","format":"standard","meta":{"inline_featured_image":false,"footnotes":""},"categories":[15,11],"tags":[40,39,37],"class_list":["post-1559","post","type-post","status-publish","format-standard","has-post-thumbnail","hentry","category-educacao-e-formacao","category-noticias","tag-associacao","tag-conexao-povos-da-floresta","tag-sabedoria-digital"],"_links":{"self":[{"href":"https:\/\/solved.eco.br\/intranet\/wp-json\/wp\/v2\/posts\/1559","targetHints":{"allow":["GET"]}}],"collection":[{"href":"https:\/\/solved.eco.br\/intranet\/wp-json\/wp\/v2\/posts"}],"about":[{"href":"https:\/\/solved.eco.br\/intranet\/wp-json\/wp\/v2\/types\/post"}],"author":[{"embeddable":true,"href":"https:\/\/solved.eco.br\/intranet\/wp-json\/wp\/v2\/users\/1"}],"replies":[{"embeddable":true,"href":"https:\/\/solved.eco.br\/intranet\/wp-json\/wp\/v2\/comments?post=1559"}],"version-history":[{"count":3,"href":"https:\/\/solved.eco.br\/intranet\/wp-json\/wp\/v2\/posts\/1559\/revisions"}],"predecessor-version":[{"id":1565,"href":"https:\/\/solved.eco.br\/intranet\/wp-json\/wp\/v2\/posts\/1559\/revisions\/1565"}],"wp:featuredmedia":[{"embeddable":true,"href":"https:\/\/solved.eco.br\/intranet\/wp-json\/wp\/v2\/media\/1560"}],"wp:attachment":[{"href":"https:\/\/solved.eco.br\/intranet\/wp-json\/wp\/v2\/media?parent=1559"}],"wp:term":[{"taxonomy":"category","embeddable":true,"href":"https:\/\/solved.eco.br\/intranet\/wp-json\/wp\/v2\/categories?post=1559"},{"taxonomy":"post_tag","embeddable":true,"href":"https:\/\/solved.eco.br\/intranet\/wp-json\/wp\/v2\/tags?post=1559"}],"curies":[{"name":"wp","href":"https:\/\/api.w.org\/{rel}","templated":true}]}}