{"id":1567,"date":"2025-09-17T12:45:03","date_gmt":"2025-09-17T15:45:03","guid":{"rendered":"https:\/\/solved.eco.br\/intranet\/?p=1567"},"modified":"2025-09-17T12:45:03","modified_gmt":"2025-09-17T15:45:03","slug":"aulao-introducao-ao-gov-br-17-e-18-09","status":"publish","type":"post","link":"https:\/\/solved.eco.br\/intranet\/aulao-introducao-ao-gov-br-17-e-18-09\/","title":{"rendered":"Aul\u00e3o &#8211; Introdu\u00e7\u00e3o ao Gov.br &#8211; 17 e 18\/09"},"content":{"rendered":"\n<p><\/p>\n\n\n<div class=\"wp-block-image\">\n<figure class=\"aligncenter size-large\"><img fetchpriority=\"high\" decoding=\"async\" width=\"819\" height=\"1024\" src=\"https:\/\/solved.eco.br\/intranet\/wp-content\/uploads\/2025\/09\/Card-Aulao-Introducao-ao-GOV.BR_-819x1024.jpg\" alt=\"\" class=\"wp-image-1568\" srcset=\"https:\/\/solved.eco.br\/intranet\/wp-content\/uploads\/2025\/09\/Card-Aulao-Introducao-ao-GOV.BR_-819x1024.jpg 819w, https:\/\/solved.eco.br\/intranet\/wp-content\/uploads\/2025\/09\/Card-Aulao-Introducao-ao-GOV.BR_-240x300.jpg 240w, https:\/\/solved.eco.br\/intranet\/wp-content\/uploads\/2025\/09\/Card-Aulao-Introducao-ao-GOV.BR_-768x960.jpg 768w, https:\/\/solved.eco.br\/intranet\/wp-content\/uploads\/2025\/09\/Card-Aulao-Introducao-ao-GOV.BR_.jpg 1080w\" sizes=\"(max-width: 819px) 100vw, 819px\" \/><\/figure>\n<\/div>\n\n\n<p><strong>Al\u00f4, facilitadoras e facilitadores da Rede Conex\u00e3o Povos da Floresta!<\/strong><\/p>\n\n\n\n<p>Temos um convite especial pra voc\u00ea: nesta semana, acontece o <strong>Aul\u00e3o \u2013 Introdu\u00e7\u00e3o ao Gov.br<\/strong>, um momento formativo pra fortalecer o acesso digital das comunidades aos servi\u00e7os p\u00fablicos online.<\/p>\n\n\n\n<p>A atividade ser\u00e1 conduzida pela equipe do <strong>Minist\u00e9rio da Gest\u00e3o e da Inova\u00e7\u00e3o em Servi\u00e7os P\u00fablicos (MGI)<\/strong>, que vai explicar como funciona a plataforma <strong>Gov.br<\/strong>, seus principais benef\u00edcios e como podemos apoiar o uso dessa ferramenta essencial nas regi\u00f5es onde atuamos.<\/p>\n\n\n\n<p>\ud83d\udda5\ufe0f O Gov.br \u00e9 hoje a principal porta de entrada para acessar servi\u00e7os como INSS, carteira digital, declara\u00e7\u00e3o do imposto de renda, benef\u00edcios sociais e muito mais. Compreender seu funcionamento \u00e9 um passo importante para garantir os <strong>direitos digitais<\/strong> de todas e todos!<\/p>\n\n\n\n<p><strong>Confira a programa\u00e7\u00e3o e participe:<\/strong><\/p>\n\n\n\n<p>\ud83d\udcc5 <strong>Hoje \u2013 17 de setembro<\/strong>, \u00e0s <strong>14h<\/strong> <strong>(hor\u00e1rio de Bras\u00edlia)<\/strong><br>\ud83d\udcc5 <strong>Amanh\u00e3 \u2013 18 de setembro<\/strong>, \u00e0s <strong>17h<\/strong> <strong>(hor\u00e1rio de Bras\u00edlia)<\/strong><\/p>\n\n\n\n<p>\ud83d\udccd <strong>Encontro online<\/strong> \u2014 os links ser\u00e3o enviados nos grupos de Facilitadores<\/p>\n\n\n\n<p>\ud83d\udd17 <strong>Inscreva-se aqui:<\/strong> <a href=\"https:\/\/bit.ly\/aulaosetembro2025\">https:\/\/bit.ly\/aulaosetembro2025<\/a><\/p>\n\n\n\n<p>\ud83d\udcac Vamos juntos ampliar o acesso aos servi\u00e7os p\u00fablicos e apoiar as comunidades na constru\u00e7\u00e3o de sua autonomia digital!<\/p>\n\n\n\n<p><br>Contamos com sua presen\u00e7a \ud83c\udf31\ud83d\udcbb<\/p>\n","protected":false},"excerpt":{"rendered":"<p>Al\u00f4, facilitadoras e facilitadores da Rede Conex\u00e3o Povos da Floresta! Temos um convite especial pra voc\u00ea: nesta semana, acontece o Aul\u00e3o \u2013 Introdu\u00e7\u00e3o ao Gov.br, um momento formativo pra fortalecer o acesso digital das comunidades aos servi\u00e7os p\u00fablicos online. A atividade ser\u00e1 conduzida pela equipe do Minist\u00e9rio da Gest\u00e3o e da Inova\u00e7\u00e3o em Servi\u00e7os P\u00fablicos [&hellip;]<\/p>\n","protected":false},"author":1,"featured_media":1568,"comment_status":"open","ping_status":"open","sticky":false,"template":"","format":"standard","meta":{"inline_featured_image":false,"footnotes":""},"categories":[15,11],"tags":[41,39,31],"class_list":["post-1567","post","type-post","status-publish","format-standard","has-post-thumbnail","hentry","category-educacao-e-formacao","category-noticias","tag-aulao","tag-conexao-povos-da-floresta","tag-educacao"],"_links":{"self":[{"href":"https:\/\/solved.eco.br\/intranet\/wp-json\/wp\/v2\/posts\/1567","targetHints":{"allow":["GET"]}}],"collection":[{"href":"https:\/\/solved.eco.br\/intranet\/wp-json\/wp\/v2\/posts"}],"about":[{"href":"https:\/\/solved.eco.br\/intranet\/wp-json\/wp\/v2\/types\/post"}],"author":[{"embeddable":true,"href":"https:\/\/solved.eco.br\/intranet\/wp-json\/wp\/v2\/users\/1"}],"replies":[{"embeddable":true,"href":"https:\/\/solved.eco.br\/intranet\/wp-json\/wp\/v2\/comments?post=1567"}],"version-history":[{"count":1,"href":"https:\/\/solved.eco.br\/intranet\/wp-json\/wp\/v2\/posts\/1567\/revisions"}],"predecessor-version":[{"id":1569,"href":"https:\/\/solved.eco.br\/intranet\/wp-json\/wp\/v2\/posts\/1567\/revisions\/1569"}],"wp:featuredmedia":[{"embeddable":true,"href":"https:\/\/solved.eco.br\/intranet\/wp-json\/wp\/v2\/media\/1568"}],"wp:attachment":[{"href":"https:\/\/solved.eco.br\/intranet\/wp-json\/wp\/v2\/media?parent=1567"}],"wp:term":[{"taxonomy":"category","embeddable":true,"href":"https:\/\/solved.eco.br\/intranet\/wp-json\/wp\/v2\/categories?post=1567"},{"taxonomy":"post_tag","embeddable":true,"href":"https:\/\/solved.eco.br\/intranet\/wp-json\/wp\/v2\/tags?post=1567"}],"curies":[{"name":"wp","href":"https:\/\/api.w.org\/{rel}","templated":true}]}}