{"id":1570,"date":"2025-09-17T12:54:50","date_gmt":"2025-09-17T15:54:50","guid":{"rendered":"https:\/\/solved.eco.br\/intranet\/?p=1570"},"modified":"2025-09-17T12:54:50","modified_gmt":"2025-09-17T15:54:50","slug":"tira-duvidas-conexao-saude","status":"publish","type":"post","link":"https:\/\/solved.eco.br\/intranet\/tira-duvidas-conexao-saude\/","title":{"rendered":"Tira-d\u00favidas &#8211; Conex\u00e3o Sa\u00fade"},"content":{"rendered":"<div class=\"wp-block-image\">\n<figure class=\"aligncenter size-large\"><img fetchpriority=\"high\" decoding=\"async\" width=\"819\" height=\"1024\" src=\"https:\/\/solved.eco.br\/intranet\/wp-content\/uploads\/2025\/09\/WhatsApp-Image-2025-09-15-at-10.29.59-819x1024.jpeg\" alt=\"\" class=\"wp-image-1571\" srcset=\"https:\/\/solved.eco.br\/intranet\/wp-content\/uploads\/2025\/09\/WhatsApp-Image-2025-09-15-at-10.29.59-819x1024.jpeg 819w, https:\/\/solved.eco.br\/intranet\/wp-content\/uploads\/2025\/09\/WhatsApp-Image-2025-09-15-at-10.29.59-240x300.jpeg 240w, https:\/\/solved.eco.br\/intranet\/wp-content\/uploads\/2025\/09\/WhatsApp-Image-2025-09-15-at-10.29.59-768x960.jpeg 768w, https:\/\/solved.eco.br\/intranet\/wp-content\/uploads\/2025\/09\/WhatsApp-Image-2025-09-15-at-10.29.59.jpeg 1080w\" sizes=\"(max-width: 819px) 100vw, 819px\" \/><\/figure>\n<\/div>\n\n\n<p><strong>Al\u00f4, facilitadoras e facilitadores da Rede Conex\u00e3o Povos da Floresta!<\/strong><\/p>\n\n\n\n<p>Voc\u00ea tem d\u00favidas sobre como usar o aplicativo <strong>Conex\u00e3o Sa\u00fade<\/strong>?<br>Ent\u00e3o anota a\u00ed: na pr\u00f3xima <strong>sexta-feira, dia 19 de setembro<\/strong>, \u00e0s <strong>17h<\/strong>, vamos ter um <strong>encontro virtual especial<\/strong> com a equipe de Sa\u00fade da Rede!<\/p>\n\n\n\n<p>Vamos mostrar <strong>passo a passo<\/strong> como usar o app para facilitar o cuidado nas comunidades:<\/p>\n\n\n\n<p>\ud83d\udcf2 Como marcar consultas<br>\ud83d\udcd1 Como acompanhar resultados de exames<br>\ud83d\ude4b\ud83c\udffd\u200d\u2640\ufe0f E responder suas d\u00favidas ao vivo!<\/p>\n\n\n\n<p>Essa \u00e9 uma \u00f3tima oportunidade para entender melhor o funcionamento do aplicativo e fortalecer o acesso \u00e0 sa\u00fade nas comunidades \ud83c\udf3f\ud83d\udc9a<\/p>\n\n\n\n<p>\ud83d\udccd O link para o encontro ser\u00e1 divulgado em breve por aqui e nos grupos de Facilitadores.<\/p>\n\n\n\n<p>Fique de olho e participe!<br>Vamos juntas e juntos cuidar de quem cuida \ud83d\udcbb\ud83e\udd1d<\/p>\n","protected":false},"excerpt":{"rendered":"<p>Al\u00f4, facilitadoras e facilitadores da Rede Conex\u00e3o Povos da Floresta! Voc\u00ea tem d\u00favidas sobre como usar o aplicativo Conex\u00e3o Sa\u00fade?Ent\u00e3o anota a\u00ed: na pr\u00f3xima sexta-feira, dia 19 de setembro, \u00e0s 17h, vamos ter um encontro virtual especial com a equipe de Sa\u00fade da Rede! Vamos mostrar passo a passo como usar o app para facilitar [&hellip;]<\/p>\n","protected":false},"author":1,"featured_media":1571,"comment_status":"open","ping_status":"open","sticky":false,"template":"","format":"standard","meta":{"inline_featured_image":false,"footnotes":""},"categories":[11,19],"tags":[39,25],"class_list":["post-1570","post","type-post","status-publish","format-standard","has-post-thumbnail","hentry","category-noticias","category-saude-e-bem-viver","tag-conexao-povos-da-floresta","tag-saude"],"_links":{"self":[{"href":"https:\/\/solved.eco.br\/intranet\/wp-json\/wp\/v2\/posts\/1570","targetHints":{"allow":["GET"]}}],"collection":[{"href":"https:\/\/solved.eco.br\/intranet\/wp-json\/wp\/v2\/posts"}],"about":[{"href":"https:\/\/solved.eco.br\/intranet\/wp-json\/wp\/v2\/types\/post"}],"author":[{"embeddable":true,"href":"https:\/\/solved.eco.br\/intranet\/wp-json\/wp\/v2\/users\/1"}],"replies":[{"embeddable":true,"href":"https:\/\/solved.eco.br\/intranet\/wp-json\/wp\/v2\/comments?post=1570"}],"version-history":[{"count":1,"href":"https:\/\/solved.eco.br\/intranet\/wp-json\/wp\/v2\/posts\/1570\/revisions"}],"predecessor-version":[{"id":1572,"href":"https:\/\/solved.eco.br\/intranet\/wp-json\/wp\/v2\/posts\/1570\/revisions\/1572"}],"wp:featuredmedia":[{"embeddable":true,"href":"https:\/\/solved.eco.br\/intranet\/wp-json\/wp\/v2\/media\/1571"}],"wp:attachment":[{"href":"https:\/\/solved.eco.br\/intranet\/wp-json\/wp\/v2\/media?parent=1570"}],"wp:term":[{"taxonomy":"category","embeddable":true,"href":"https:\/\/solved.eco.br\/intranet\/wp-json\/wp\/v2\/categories?post=1570"},{"taxonomy":"post_tag","embeddable":true,"href":"https:\/\/solved.eco.br\/intranet\/wp-json\/wp\/v2\/tags?post=1570"}],"curies":[{"name":"wp","href":"https:\/\/api.w.org\/{rel}","templated":true}]}}