{"id":1579,"date":"2025-09-22T17:35:55","date_gmt":"2025-09-22T20:35:55","guid":{"rendered":"https:\/\/solved.eco.br\/intranet\/?p=1579"},"modified":"2025-09-22T17:35:55","modified_gmt":"2025-09-22T20:35:55","slug":"aulao-minha-casa-minha-vida-rural","status":"publish","type":"post","link":"https:\/\/solved.eco.br\/intranet\/aulao-minha-casa-minha-vida-rural\/","title":{"rendered":"Aul\u00e3o &#8211; Minha Casa, Minha Vida Rural"},"content":{"rendered":"<div class=\"wp-block-image\">\n<figure class=\"aligncenter size-large\"><img fetchpriority=\"high\" decoding=\"async\" width=\"819\" height=\"1024\" src=\"https:\/\/solved.eco.br\/intranet\/wp-content\/uploads\/2025\/09\/Card-Aulao-Minha-Casa-Minha-Vida-Rural-24.09-819x1024.jpg\" alt=\"\" class=\"wp-image-1580\" srcset=\"https:\/\/solved.eco.br\/intranet\/wp-content\/uploads\/2025\/09\/Card-Aulao-Minha-Casa-Minha-Vida-Rural-24.09-819x1024.jpg 819w, https:\/\/solved.eco.br\/intranet\/wp-content\/uploads\/2025\/09\/Card-Aulao-Minha-Casa-Minha-Vida-Rural-24.09-240x300.jpg 240w, https:\/\/solved.eco.br\/intranet\/wp-content\/uploads\/2025\/09\/Card-Aulao-Minha-Casa-Minha-Vida-Rural-24.09-768x960.jpg 768w, https:\/\/solved.eco.br\/intranet\/wp-content\/uploads\/2025\/09\/Card-Aulao-Minha-Casa-Minha-Vida-Rural-24.09.jpg 1080w\" sizes=\"(max-width: 819px) 100vw, 819px\" \/><\/figure>\n<\/div>\n\n\n<p><strong>\ud83d\udce3<\/strong><strong> Facilitadores e facilitadoras, aten\u00e7\u00e3o!<\/strong><\/p>\n\n\n\n<p><strong>Nessa quarta-feira (24\/09) <\/strong>vamos ter um<strong> encontro especial sobre o programa Minha Casa, Minha Vida Rural <\/strong>\u2014 uma oportunidade importante para entender como esse benef\u00edcio pode chegar \u00e0s comunidades.<\/p>\n\n\n\n<p><strong>\ud83c\udf10<\/strong><strong> Aul\u00e3o sobre o Minha Casa, Minha Vida Rural<\/strong><\/p>\n\n\n\n<p><strong>\ud83d\udc65<\/strong><strong> Com a equipe do IDR Sem Fronteiras<\/strong><\/p>\n\n\n\n<p><strong>\ud83d\udcc5<\/strong><strong> Dia: <\/strong>24 de setembro (quarta-feira)<\/p>\n\n\n\n<p><strong>\ud83d\udd51<\/strong><strong> Hor\u00e1rios: <\/strong>14h e 18h (hor\u00e1rio de Bras\u00edlia)<\/p>\n\n\n\n<p><strong>\ud83d\udccd<\/strong><strong> Online <\/strong>\u2014 Os links v\u00e3o ser enviados nos grupos de facilitadores<\/p>\n\n\n\n<p><strong>Inscri\u00e7\u00f5es aqui: <\/strong><a href=\"https:\/\/bit.ly\/aulaosetembro2025\">https:\/\/bit.ly\/aulaosetembro2025<\/a><\/p>\n\n\n\n<p>Esse \u00e9 um momento<strong> pra tirar d\u00favidas e fortalecer o acesso das fam\u00edlias rurais ao programa <\/strong><strong>\ud83c\udfe1\u2728<\/strong><strong><\/strong><\/p>\n\n\n\n<p><strong>Contamos com sua presen\u00e7a para levar informa\u00e7\u00e3o e apoio \u00e0s comunidades! <\/strong><strong>\ud83e\udd1d<\/strong><strong><\/strong><\/p>\n\n\n\n<p><\/p>\n","protected":false},"excerpt":{"rendered":"<p>\ud83d\udce3 Facilitadores e facilitadoras, aten\u00e7\u00e3o! Nessa quarta-feira (24\/09) vamos ter um encontro especial sobre o programa Minha Casa, Minha Vida Rural \u2014 uma oportunidade importante para entender como esse benef\u00edcio pode chegar \u00e0s comunidades. \ud83c\udf10 Aul\u00e3o sobre o Minha Casa, Minha Vida Rural \ud83d\udc65 Com a equipe do IDR Sem Fronteiras \ud83d\udcc5 Dia: 24 de [&hellip;]<\/p>\n","protected":false},"author":1,"featured_media":1580,"comment_status":"open","ping_status":"open","sticky":false,"template":"","format":"standard","meta":{"inline_featured_image":false,"footnotes":""},"categories":[15,11],"tags":[42,39],"class_list":["post-1579","post","type-post","status-publish","format-standard","has-post-thumbnail","hentry","category-educacao-e-formacao","category-noticias","tag-aulas","tag-conexao-povos-da-floresta"],"_links":{"self":[{"href":"https:\/\/solved.eco.br\/intranet\/wp-json\/wp\/v2\/posts\/1579","targetHints":{"allow":["GET"]}}],"collection":[{"href":"https:\/\/solved.eco.br\/intranet\/wp-json\/wp\/v2\/posts"}],"about":[{"href":"https:\/\/solved.eco.br\/intranet\/wp-json\/wp\/v2\/types\/post"}],"author":[{"embeddable":true,"href":"https:\/\/solved.eco.br\/intranet\/wp-json\/wp\/v2\/users\/1"}],"replies":[{"embeddable":true,"href":"https:\/\/solved.eco.br\/intranet\/wp-json\/wp\/v2\/comments?post=1579"}],"version-history":[{"count":1,"href":"https:\/\/solved.eco.br\/intranet\/wp-json\/wp\/v2\/posts\/1579\/revisions"}],"predecessor-version":[{"id":1581,"href":"https:\/\/solved.eco.br\/intranet\/wp-json\/wp\/v2\/posts\/1579\/revisions\/1581"}],"wp:featuredmedia":[{"embeddable":true,"href":"https:\/\/solved.eco.br\/intranet\/wp-json\/wp\/v2\/media\/1580"}],"wp:attachment":[{"href":"https:\/\/solved.eco.br\/intranet\/wp-json\/wp\/v2\/media?parent=1579"}],"wp:term":[{"taxonomy":"category","embeddable":true,"href":"https:\/\/solved.eco.br\/intranet\/wp-json\/wp\/v2\/categories?post=1579"},{"taxonomy":"post_tag","embeddable":true,"href":"https:\/\/solved.eco.br\/intranet\/wp-json\/wp\/v2\/tags?post=1579"}],"curies":[{"name":"wp","href":"https:\/\/api.w.org\/{rel}","templated":true}]}}