{"id":1583,"date":"2025-09-22T17:40:34","date_gmt":"2025-09-22T20:40:34","guid":{"rendered":"https:\/\/solved.eco.br\/intranet\/?p=1583"},"modified":"2025-09-22T17:44:19","modified_gmt":"2025-09-22T20:44:19","slug":"bolsa-verde-beneficia-70-mil-familias-em-setembro-e-antecipa-meta-prevista-para-2025","status":"publish","type":"post","link":"https:\/\/solved.eco.br\/intranet\/bolsa-verde-beneficia-70-mil-familias-em-setembro-e-antecipa-meta-prevista-para-2025\/","title":{"rendered":"Bolsa Verde beneficia 70 mil fam\u00edlias em setembro e antecipa meta prevista para 2025"},"content":{"rendered":"<div class=\"wp-block-image\">\n<figure class=\"aligncenter size-full\"><img fetchpriority=\"high\" decoding=\"async\" width=\"768\" height=\"530\" src=\"https:\/\/solved.eco.br\/intranet\/wp-content\/uploads\/2025\/09\/b5a3f559-0508-4ba0-ae18-5f45bd1a5f79.png\" alt=\"\" class=\"wp-image-1584\" srcset=\"https:\/\/solved.eco.br\/intranet\/wp-content\/uploads\/2025\/09\/b5a3f559-0508-4ba0-ae18-5f45bd1a5f79.png 768w, https:\/\/solved.eco.br\/intranet\/wp-content\/uploads\/2025\/09\/b5a3f559-0508-4ba0-ae18-5f45bd1a5f79-300x207.png 300w\" sizes=\"(max-width: 768px) 100vw, 768px\" \/><figcaption class=\"wp-element-caption\">Al\u00e9m dos 70 mil benefici\u00e1rios, programa mant\u00e9m 150 mil fam\u00edlias cadastradas e registra 470 \u00e1reas contempladas, somando mais de 30 milh\u00f5es de hectares preservados em todo o pa\u00eds &#8211; Foto: Marcelo Camargo\/Ag\u00eancia Brasil<\/figcaption><\/figure>\n<\/div>\n\n\n<p>Com o pagamento esta semana da folha de setembro, o programa Bolsa Verde, do governo federal, alcan\u00e7a, a partir deste m\u00eas, a marca de 70 mil fam\u00edlias benefici\u00e1rias. Assim, a iniciativa atinge, antecipadamente, a meta prevista para o final do ano, de acordo com o Plano Plurianial (PPA) de 2025. O \u00edndice \u00e9 recorde na atual gest\u00e3o. At\u00e9 o semestre passado, o n\u00famero de benefici\u00e1rios era de 50 mil.<br><br>Criado em 2011 e retomado em 2023, ap\u00f3s ficar suspenso durante os dois governos anteriores, o programa \u00e9 gerido pelo Minist\u00e9rio do Meio Ambiente e Mudan\u00e7a do Clima (MMA) e une distribui\u00e7\u00e3o de renda e conserva\u00e7\u00e3o ambiental. A cada trimestre, paga R$ 600 a moradores de \u00e1reas rurais que se comprometem a preservar a natureza.<br><br>Para se tornar eleg\u00edveis, as \u00e1reas indicadas devem ser aprovadas na avalia\u00e7\u00e3o de conformidade ambiental realizada pela Secretaria Nacional de Povos e Comunidades Tradicionais e Desenvolvimento Rural Sustent\u00e1vel do MMA, devendo apresentar uma taxa m\u00ednima de 80% da cobertura vegetal.&nbsp;<br><br>Al\u00e9m dos 70 mil benefici\u00e1rios, o Bolsa Verde mant\u00e9m, atualmente, 150 mil fam\u00edlias cadastradas e registra 470 \u00e1reas contempladas, entre unidades de conserva\u00e7\u00e3o (UCs) de uso sustent\u00e1vel e projetos de assentamento ambientalmente diferenciados, somando mais de 30 milh\u00f5es de hectares preservados em todo o pa\u00eds.<br><br>Nos \u00faltimos dois anos, o governo federal investiu R$ 280 milh\u00f5es no programa, sendo R$ 224 milh\u00f5es destinados exclusivamente ao pagamento de benef\u00edcios. Os demais recursos foram aplicados em a\u00e7\u00f5es de assist\u00eancia t\u00e9cnica rural (Ater), apoio \u00e0 gest\u00e3o nos territ\u00f3rios e desenvolvimento e manuten\u00e7\u00e3o do sistema de gest\u00e3o e do portal do cidad\u00e3o, que oferece informa\u00e7\u00f5es aos usu\u00e1rios.<br><br>A secret\u00e1ria Nacional dos Povos e Comunidades Tradicionais e Desenvolvimento Rural Sustent\u00e1vel do MMA, Edel de Moraes, respons\u00e1vel pela gest\u00e3o do programa, atribui o desempenho do Bolsa Verde, entre outras coisas, \u00e0 a\u00e7\u00e3o permanente na busca ativa das fam\u00edlias nos territ\u00f3rios.<br><br>Essa a\u00e7\u00e3o, frisou, busca incrementar a taxa de ades\u00e3o das pessoas aptas a obter os benef\u00edcios e mobilizar os munic\u00edpios para inclus\u00e3o das fam\u00edlias no Cadastro \u00danico (Cad\u00danico), requisito obrigat\u00f3rio para receber o pagamento trimestral. \u201cO Bolsa Verde \u00e9 um programa de car\u00e1ter socioecon\u00f4mico e ambiental que busca unir cidadania, preserva\u00e7\u00e3o do meio ambiente, mas principalmente enxergar e dar visibilidade aos trabalhadores da conserva\u00e7\u00e3o espalhados pelas florestas, manguezais, territ\u00f3rios do Brasil\u201d, enfatizou.<br><br>A diretora do Departamento de Gest\u00e3o Socioambiental e Povos e Comunidades Tradicionais da SNPCT\/MMA, Claudia Pinho, destacou, por sua vez, a parceria com o Instituto Chico Mendes de Conserva\u00e7\u00e3o da Biodiversidade (ICMBio), autarquia do MMA que gerencia as UCs federais, no apoio \u00e0 gest\u00e3o nos territ\u00f3rios.<br><br>A colabora\u00e7\u00e3o, explicou a diretora, possibilitou o levantamento de informa\u00e7\u00f5es de fam\u00edlias em 66 unidades de conserva\u00e7\u00e3o de uso sustent\u00e1vel em v\u00e1rios pontos do pa\u00eds. No trabalho de campo, foram atendidas 75 mil fam\u00edlias, sendo 60 mil indicadas ao Bolsa Verde. \u201cO Programa Bolsa Verde \u00e9 o reconhecimento de fam\u00edlias de comunidades tradicionais e agricultores familiares que realizam a conserva\u00e7\u00e3o ambiental dos ecossistemas, por meio de seus modos de vida, identidade, cultura e conhecimentos tradicionais no uso sustent\u00e1vel dos recursos naturais. Localizar essas fam\u00edlias e viabilizar o benef\u00edcio \u00e9 um ato de cidadania social e ambiental\u201d, afirmou.<br><br>J\u00e1 o coordenador-geral de Gest\u00e3o Socioambiental da SNPCT\/MMA e coordenador operacional do programa, Gabriel Domingues, ressaltou que, al\u00e9m da busca ativa e do reconhecimento de fam\u00edlias, foram tomadas v\u00e1rias medidas de reestrutura\u00e7\u00e3o que tornaram mais seletivo e, ao mesmo tempo, mais \u00e1gil o acesso das pessoas ao Bolsa Verde.<br><br>Entre elas, citou atua\u00e7\u00e3o conjunta com o ICMBio para a cria\u00e7\u00e3o das c\u00e2maras tem\u00e1ticas, a implementa\u00e7\u00e3o do perfil da fam\u00edlia benefici\u00e1ria, as assinaturas de termo de ades\u00e3o, a capacita\u00e7\u00e3o de mais de 160 servidores e agentes tempor\u00e1rios ambientais, a elabora\u00e7\u00e3o de plano de a\u00e7\u00e3o para unidades e as melhorias evolutivas da Plataforma SIS Fam\u00edlias, que re\u00fane dados sobre as popula\u00e7\u00f5es tradicionais nas UCs.<\/p>\n\n\n\n<p>\u201cO Bolsa Verde ganhou um novo modelo de gest\u00e3o a partir de 2023, mais encorpado e eficiente, tornando-se mais do que um programa de distribui\u00e7\u00e3o de renda. \u00c9 uma a\u00e7\u00e3o estruturante para a gest\u00e3o das unidades de conserva\u00e7\u00e3o de uso sustent\u00e1vel e para a melhoria de vida das comunidades e popula\u00e7\u00f5es tradicionais, representando a maior a\u00e7\u00e3o socioambiental em curso no pa\u00eds\u201d, garantiu Domingues.<br><br><strong>O programa<\/strong><br><br>Institu\u00eddo pela Lei 12.512\/2011, o Programa de Apoio \u00e0 Conserva\u00e7\u00e3o Ambiental \u2013 Bolsa Verde foi desativado em 2016, com a retirada de dota\u00e7\u00e3o or\u00e7ament\u00e1ria ao final daquele ano.<br><br>Nessa primeira fase (2011-2016), o programa atendia prioritariamente pessoas em situa\u00e7\u00e3o de extrema pobreza, com pagamentos de R$ 300 trimestrais a cerca de 100 mil fam\u00edlias, a maioria moradora de reservas extrativistas na Amaz\u00f4nia.<br><br>Reativado logo no in\u00edcio do governo do presidente Lula, a primeira medida da nova gest\u00e3o foi elevar o benef\u00edcio para R$ 600 trimestrais e definir crit\u00e9rios mais r\u00edgidos de participa\u00e7\u00e3o. O programa foi tamb\u00e9m modernizado com a cria\u00e7\u00e3o de um aplicativo, desenvolvido pela Dataprev, que facilita o contato com os benefici\u00e1rios.<br><br>Desse modo, o governo federal conseguiu, de setembro de 2023 para c\u00e1, viabilizar o pagamento do benef\u00edcio a 70 mil fam\u00edlias cadastradas. A meta \u00e9 dobrar esse n\u00famero at\u00e9 o final do governo. Para isso, o MMA tem intensificado as a\u00e7\u00f5es de busca ativa nos territ\u00f3rios, identificando fam\u00edlias aptas a aderir ao Bolsa Verde.<br><br>Para participar do programa, as fam\u00edlias t\u00eam que estar inscritas no Cad\u00danico, do Minist\u00e9rio do Desenvolvimento Social e Combate \u00e0 Fome (MDS), e ter renda per capita familiar de at\u00e9 meio sal\u00e1rio-m\u00ednimo.<\/p>\n\n\n\n<p><strong>Saiba mais sobre o Bolsa Verde\u00a0<a href=\"https:\/\/www.gov.br\/mma\/pt-br\/composicao\/snpct\/dpct\/bolsa-verde\" target=\"_blank\" rel=\"noreferrer noopener\">aqui<\/a>.<\/strong><\/p>\n\n\n\n<p><strong>Fonte: <\/strong><a href=\"https:\/\/www.gov.br\/mma\/pt-br\/noticias\/bolsa-verde-beneficia-70-mil-familias-em-setembro-e-antecipa-meta-prevista-para-2025\">Minist\u00e9rio do Meio Ambiente e Mudan\u00e7a do Clima (MMA)<\/a><\/p>\n\n\n\n<div class=\"wp-block-columns is-layout-flex wp-container-core-columns-is-layout-9d6595d7 wp-block-columns-is-layout-flex\"><\/div>\n\n\n\n<p><\/p>\n","protected":false},"excerpt":{"rendered":"<p>Com o pagamento esta semana da folha de setembro, o programa Bolsa Verde, do governo federal, alcan\u00e7a, a partir deste m\u00eas, a marca de 70 mil fam\u00edlias benefici\u00e1rias. Assim, a iniciativa atinge, antecipadamente, a meta prevista para o final do ano, de acordo com o Plano Plurianial (PPA) de 2025. O \u00edndice \u00e9 recorde na [&hellip;]<\/p>\n","protected":false},"author":1,"featured_media":1584,"comment_status":"open","ping_status":"open","sticky":false,"template":"","format":"standard","meta":{"inline_featured_image":false,"footnotes":""},"categories":[16,11],"tags":[],"class_list":["post-1583","post","type-post","status-publish","format-standard","has-post-thumbnail","hentry","category-direitos-e-politicas-publicas","category-noticias"],"_links":{"self":[{"href":"https:\/\/solved.eco.br\/intranet\/wp-json\/wp\/v2\/posts\/1583","targetHints":{"allow":["GET"]}}],"collection":[{"href":"https:\/\/solved.eco.br\/intranet\/wp-json\/wp\/v2\/posts"}],"about":[{"href":"https:\/\/solved.eco.br\/intranet\/wp-json\/wp\/v2\/types\/post"}],"author":[{"embeddable":true,"href":"https:\/\/solved.eco.br\/intranet\/wp-json\/wp\/v2\/users\/1"}],"replies":[{"embeddable":true,"href":"https:\/\/solved.eco.br\/intranet\/wp-json\/wp\/v2\/comments?post=1583"}],"version-history":[{"count":3,"href":"https:\/\/solved.eco.br\/intranet\/wp-json\/wp\/v2\/posts\/1583\/revisions"}],"predecessor-version":[{"id":1587,"href":"https:\/\/solved.eco.br\/intranet\/wp-json\/wp\/v2\/posts\/1583\/revisions\/1587"}],"wp:featuredmedia":[{"embeddable":true,"href":"https:\/\/solved.eco.br\/intranet\/wp-json\/wp\/v2\/media\/1584"}],"wp:attachment":[{"href":"https:\/\/solved.eco.br\/intranet\/wp-json\/wp\/v2\/media?parent=1583"}],"wp:term":[{"taxonomy":"category","embeddable":true,"href":"https:\/\/solved.eco.br\/intranet\/wp-json\/wp\/v2\/categories?post=1583"},{"taxonomy":"post_tag","embeddable":true,"href":"https:\/\/solved.eco.br\/intranet\/wp-json\/wp\/v2\/tags?post=1583"}],"curies":[{"name":"wp","href":"https:\/\/api.w.org\/{rel}","templated":true}]}}