{"id":1588,"date":"2025-09-22T17:50:56","date_gmt":"2025-09-22T20:50:56","guid":{"rendered":"https:\/\/solved.eco.br\/intranet\/?p=1588"},"modified":"2025-09-22T17:50:56","modified_gmt":"2025-09-22T20:50:56","slug":"radio-nacional-dos-povos-fortalece-vozes-indigenas-e-tradicionais-pelo-brasil","status":"publish","type":"post","link":"https:\/\/solved.eco.br\/intranet\/radio-nacional-dos-povos-fortalece-vozes-indigenas-e-tradicionais-pelo-brasil\/","title":{"rendered":"R\u00e1dio Nacional dos Povos fortalece vozes ind\u00edgenas e tradicionais pelo Brasil"},"content":{"rendered":"\n<p>A diversidade cultural e lingu\u00edstica dos povos origin\u00e1rios e comunidades tradicionais do Brasil agora tem um novo canal de express\u00e3o: a <strong>R\u00e1dio Nacional dos Povos<\/strong>, uma iniciativa pioneira de comunicadores ind\u00edgenas e quilombolas da APIB (Articula\u00e7\u00e3o dos Povos Ind\u00edgenas do Brasil) e da CONAQ (Coordena\u00e7\u00e3o Nacional de Articula\u00e7\u00e3o das Comunidades Negras Rurais Quilombolas), com apoio da produtora Vem de \u00c1udio.. <\/p>\n\n\n<div class=\"wp-block-image\">\n<figure class=\"aligncenter size-large\"><img fetchpriority=\"high\" decoding=\"async\" width=\"1024\" height=\"683\" src=\"https:\/\/solved.eco.br\/intranet\/wp-content\/uploads\/2025\/09\/WhatsApp-Image-2025-08-13-at-07.56.01-1-1024x683.jpeg\" alt=\"\" class=\"wp-image-1589\" srcset=\"https:\/\/solved.eco.br\/intranet\/wp-content\/uploads\/2025\/09\/WhatsApp-Image-2025-08-13-at-07.56.01-1-1024x683.jpeg 1024w, https:\/\/solved.eco.br\/intranet\/wp-content\/uploads\/2025\/09\/WhatsApp-Image-2025-08-13-at-07.56.01-1-300x200.jpeg 300w, https:\/\/solved.eco.br\/intranet\/wp-content\/uploads\/2025\/09\/WhatsApp-Image-2025-08-13-at-07.56.01-1-768x512.jpeg 768w, https:\/\/solved.eco.br\/intranet\/wp-content\/uploads\/2025\/09\/WhatsApp-Image-2025-08-13-at-07.56.01-1.jpeg 1500w\" sizes=\"(max-width: 1024px) 100vw, 1024px\" \/><figcaption class=\"wp-element-caption\">Cr\u00e9ditos: Divulga\u00e7\u00e3o R\u00e1dio Nacional dos Povos<\/figcaption><\/figure>\n<\/div>\n\n\n<p>Com uma programa\u00e7\u00e3o voltada para a valoriza\u00e7\u00e3o das culturas ind\u00edgenas, quilombolas, ribeirinhas e outras comunidades tradicionais, a r\u00e1dio promove informa\u00e7\u00e3o, educa\u00e7\u00e3o e entretenimento a partir de uma perspectiva plural e inclusiva.<\/p>\n\n\n\n<p>A emissora transmite conte\u00fados produzidos com a participa\u00e7\u00e3o direta das comunidades, em portugu\u00eas e em l\u00ednguas origin\u00e1rias, abordando temas como direitos territoriais, sa\u00fade, meio ambiente, educa\u00e7\u00e3o, cultura e espiritualidade. A proposta \u00e9 construir um espa\u00e7o de di\u00e1logo intercultural e visibilidade para os saberes e modos de vida desses povos, historicamente marginalizados na m\u00eddia convencional.<\/p>\n\n\n\n<p>Com alcance nacional por meio da internet, a R\u00e1dio Nacional dos Povos tamb\u00e9m est\u00e1 dispon\u00edvel em parceria com r\u00e1dios comunit\u00e1rias e p\u00fablicas, promovendo o interc\u00e2mbio de conte\u00fados e fortalecendo redes de comunica\u00e7\u00e3o popular. A programa\u00e7\u00e3o inclui entrevistas, reportagens, m\u00fasica tradicional, narrativas orais e programas especiais voltados para o fortalecimento da identidade cultural dos povos do campo, das florestas e das \u00e1guas.<\/p>\n\n\n\n<p>A <strong>R\u00e1dio Nacional dos Povos<\/strong>, nasce como um canal direto entre os territ\u00f3rios e Bras\u00edlia, comprometida com a defesa da justi\u00e7a clim\u00e1tica e do enfrentamento ao racismo ambiental \u2014 temas urgentes para os povos ind\u00edgenas, quilombolas e comunidades tradicionais.<\/p>\n\n\n\n<p>A R\u00e1dio Nacional dos Povos \u00e9 mais do que um canal de r\u00e1dio \u2014 \u00e9 um espa\u00e7o de resist\u00eancia, educa\u00e7\u00e3o e celebra\u00e7\u00e3o da pluralidade brasileira.<\/p>\n\n\n\n<p>\ud83d\udcfb <strong>Ou\u00e7a agora a R\u00e1dio Nacional dos Povos e conhe\u00e7a a programa\u00e7\u00e3o completa:<\/strong><br>\ud83d\udc49<a href=\"https:\/\/radionacionaldospovos.com.br\/\">https:\/\/radionacionaldospovos.com.br\/<\/a><\/p>\n\n\n\n<p><strong>Fonte:<\/strong> <a href=\"https:\/\/radionacionaldospovos.com.br\/sobre-nos\/\">Site da R\u00e1dio Nacional dos Povos<\/a><\/p>\n","protected":false},"excerpt":{"rendered":"<p>A diversidade cultural e lingu\u00edstica dos povos origin\u00e1rios e comunidades tradicionais do Brasil agora tem um novo canal de express\u00e3o: a R\u00e1dio Nacional dos Povos, uma iniciativa pioneira de comunicadores ind\u00edgenas e quilombolas da APIB (Articula\u00e7\u00e3o dos Povos Ind\u00edgenas do Brasil) e da CONAQ (Coordena\u00e7\u00e3o Nacional de Articula\u00e7\u00e3o das Comunidades Negras Rurais Quilombolas), com apoio [&hellip;]<\/p>\n","protected":false},"author":1,"featured_media":1589,"comment_status":"open","ping_status":"open","sticky":false,"template":"","format":"standard","meta":{"inline_featured_image":false,"footnotes":""},"categories":[14,11],"tags":[],"class_list":["post-1588","post","type-post","status-publish","format-standard","has-post-thumbnail","hentry","category-cultura-e-ancestralidade","category-noticias"],"_links":{"self":[{"href":"https:\/\/solved.eco.br\/intranet\/wp-json\/wp\/v2\/posts\/1588","targetHints":{"allow":["GET"]}}],"collection":[{"href":"https:\/\/solved.eco.br\/intranet\/wp-json\/wp\/v2\/posts"}],"about":[{"href":"https:\/\/solved.eco.br\/intranet\/wp-json\/wp\/v2\/types\/post"}],"author":[{"embeddable":true,"href":"https:\/\/solved.eco.br\/intranet\/wp-json\/wp\/v2\/users\/1"}],"replies":[{"embeddable":true,"href":"https:\/\/solved.eco.br\/intranet\/wp-json\/wp\/v2\/comments?post=1588"}],"version-history":[{"count":1,"href":"https:\/\/solved.eco.br\/intranet\/wp-json\/wp\/v2\/posts\/1588\/revisions"}],"predecessor-version":[{"id":1590,"href":"https:\/\/solved.eco.br\/intranet\/wp-json\/wp\/v2\/posts\/1588\/revisions\/1590"}],"wp:featuredmedia":[{"embeddable":true,"href":"https:\/\/solved.eco.br\/intranet\/wp-json\/wp\/v2\/media\/1589"}],"wp:attachment":[{"href":"https:\/\/solved.eco.br\/intranet\/wp-json\/wp\/v2\/media?parent=1588"}],"wp:term":[{"taxonomy":"category","embeddable":true,"href":"https:\/\/solved.eco.br\/intranet\/wp-json\/wp\/v2\/categories?post=1588"},{"taxonomy":"post_tag","embeddable":true,"href":"https:\/\/solved.eco.br\/intranet\/wp-json\/wp\/v2\/tags?post=1588"}],"curies":[{"name":"wp","href":"https:\/\/api.w.org\/{rel}","templated":true}]}}