{"id":1597,"date":"2025-09-25T14:38:19","date_gmt":"2025-09-25T17:38:19","guid":{"rendered":"https:\/\/solved.eco.br\/intranet\/?p=1597"},"modified":"2025-09-25T14:38:19","modified_gmt":"2025-09-25T17:38:19","slug":"conta-de-luz-gratuita-vai-beneficiar-familias-de-baixa-renda-indigenas-e-quilombolas-saiba-como-solicitar-isencao-2","status":"publish","type":"post","link":"https:\/\/solved.eco.br\/intranet\/conta-de-luz-gratuita-vai-beneficiar-familias-de-baixa-renda-indigenas-e-quilombolas-saiba-como-solicitar-isencao-2\/","title":{"rendered":"Conta de luz gratuita vai beneficiar fam\u00edlias de baixa renda, ind\u00edgenas e quilombolas; saiba como solicitar isen\u00e7\u00e3o"},"content":{"rendered":"\n<p>A partir de 2026, fam\u00edlias de baixa renda, ind\u00edgenas e quilombolas inscritas no Cad\u00danico ter\u00e3o direito \u00e0 conta de luz gratuita, desde que o consumo mensal seja de at\u00e9 80 kWh. O benef\u00edcio tamb\u00e9m alcan\u00e7a fam\u00edlias atendidas em sistemas isolados no Acre, Amap\u00e1, Amazonas, Mato Grosso, Maranh\u00e3o, Par\u00e1, Rond\u00f4nia, Roraima e Tocantins.<\/p>\n\n\n\n<p>A medida amplia a Tarifa Social de Energia El\u00e9trica, que antes oferecia apenas descontos parciais, e passa a garantir isen\u00e7\u00e3o total para quem se enquadrar nos crit\u00e9rios. O objetivo \u00e9 aliviar o or\u00e7amento das fam\u00edlias, reduzindo gastos com energia e permitindo que recursos sejam direcionados a outras necessidades, como alimenta\u00e7\u00e3o, educa\u00e7\u00e3o e sa\u00fade.<\/p>\n\n\n\n<p>Para solicitar a gratuidade, \u00e9 necess\u00e1rio estar cadastrado no Cad\u00danico e verificar a situa\u00e7\u00e3o junto \u00e0 distribuidora de energia local. Caso o consumo da resid\u00eancia ultrapasse 80 kWh por m\u00eas, apenas o valor dentro desse limite ser\u00e1 isento; o excedente ser\u00e1 cobrado normalmente.<\/p>\n\n\n\n<p>Com a nova regra, a medida atende diretamente milh\u00f5es de brasileiros, incluindo comunidades ind\u00edgenas, quilombolas e moradores de \u00e1reas isoladas, garantindo acesso \u00e0 energia el\u00e9trica de forma inclusiva e justa.<\/p>\n\n\n\n<h3 class=\"wp-block-heading\">Como solicitar a conta de luz gratuita<\/h3>\n\n\n\n<p>Para ter direito \u00e0 isen\u00e7\u00e3o da conta de luz, as fam\u00edlias devem seguir alguns passos simples:<\/p>\n\n\n\n<p><strong>Verifique o cadastro no Cad\u00danico:<\/strong> A resid\u00eancia precisa estar inscrita no Cadastro \u00danico para Programas Sociais do governo federal, com a renda per capita exigida.<\/p>\n\n\n\n<p><strong>Confirme junto \u00e0 distribuidora de energia:<\/strong> Entre em contato com a empresa respons\u00e1vel pelo fornecimento para confirmar se o cadastro j\u00e1 garante a tarifa gratuita ou se \u00e9 necess\u00e1rio apresentar documenta\u00e7\u00e3o adicional.<\/p>\n\n\n\n<p><strong>Atente-se ao consumo mensal: <\/strong>A gratuidade vale para resid\u00eancias com consumo de at\u00e9 80 kWh\/m\u00eas. O que ultrapassar esse limite ser\u00e1 cobrado normalmente.<\/p>\n\n\n\n<p><strong>Benefici\u00e1rios espec\u00edficos: <\/strong>Fam\u00edlias ind\u00edgenas, quilombolas e aquelas atendidas em sistemas isolados da regi\u00e3o Norte tamb\u00e9m podem solicitar o benef\u00edcio, seguindo os mesmos procedimentos.<\/p>\n","protected":false},"excerpt":{"rendered":"<p>A partir de 2026, fam\u00edlias de baixa renda, ind\u00edgenas e quilombolas inscritas no Cad\u00danico ter\u00e3o direito \u00e0 conta de luz gratuita, desde que o consumo mensal seja de at\u00e9 80 kWh. O benef\u00edcio tamb\u00e9m alcan\u00e7a fam\u00edlias atendidas em sistemas isolados no Acre, Amap\u00e1, Amazonas, Mato Grosso, Maranh\u00e3o, Par\u00e1, Rond\u00f4nia, Roraima e Tocantins. A medida amplia [&hellip;]<\/p>\n","protected":false},"author":3,"featured_media":1596,"comment_status":"open","ping_status":"open","sticky":false,"template":"","format":"standard","meta":{"inline_featured_image":false,"footnotes":""},"categories":[16],"tags":[39,43,47],"class_list":["post-1597","post","type-post","status-publish","format-standard","has-post-thumbnail","hentry","category-direitos-e-politicas-publicas","tag-conexao-povos-da-floresta","tag-energia-eletrica","tag-luz-gratuita"],"_links":{"self":[{"href":"https:\/\/solved.eco.br\/intranet\/wp-json\/wp\/v2\/posts\/1597","targetHints":{"allow":["GET"]}}],"collection":[{"href":"https:\/\/solved.eco.br\/intranet\/wp-json\/wp\/v2\/posts"}],"about":[{"href":"https:\/\/solved.eco.br\/intranet\/wp-json\/wp\/v2\/types\/post"}],"author":[{"embeddable":true,"href":"https:\/\/solved.eco.br\/intranet\/wp-json\/wp\/v2\/users\/3"}],"replies":[{"embeddable":true,"href":"https:\/\/solved.eco.br\/intranet\/wp-json\/wp\/v2\/comments?post=1597"}],"version-history":[{"count":1,"href":"https:\/\/solved.eco.br\/intranet\/wp-json\/wp\/v2\/posts\/1597\/revisions"}],"predecessor-version":[{"id":1598,"href":"https:\/\/solved.eco.br\/intranet\/wp-json\/wp\/v2\/posts\/1597\/revisions\/1598"}],"wp:featuredmedia":[{"embeddable":true,"href":"https:\/\/solved.eco.br\/intranet\/wp-json\/wp\/v2\/media\/1596"}],"wp:attachment":[{"href":"https:\/\/solved.eco.br\/intranet\/wp-json\/wp\/v2\/media?parent=1597"}],"wp:term":[{"taxonomy":"category","embeddable":true,"href":"https:\/\/solved.eco.br\/intranet\/wp-json\/wp\/v2\/categories?post=1597"},{"taxonomy":"post_tag","embeddable":true,"href":"https:\/\/solved.eco.br\/intranet\/wp-json\/wp\/v2\/tags?post=1597"}],"curies":[{"name":"wp","href":"https:\/\/api.w.org\/{rel}","templated":true}]}}