{"id":1606,"date":"2025-10-17T10:10:04","date_gmt":"2025-10-17T13:10:04","guid":{"rendered":"https:\/\/solved.eco.br\/intranet\/?p=1606"},"modified":"2025-10-17T10:10:04","modified_gmt":"2025-10-17T13:10:04","slug":"segunda-live-da-pre-cop-dos-povos-e-comunidades-tradicionais-acontece-nesta-sexta-17","status":"publish","type":"post","link":"https:\/\/solved.eco.br\/intranet\/segunda-live-da-pre-cop-dos-povos-e-comunidades-tradicionais-acontece-nesta-sexta-17\/","title":{"rendered":"Segunda live da \u201cPr\u00e9-COP dos Povos e Comunidades Tradicionais\u201d acontece nesta sexta (17)"},"content":{"rendered":"\n<figure class=\"wp-block-image size-large is-style-default\"><img fetchpriority=\"high\" decoding=\"async\" width=\"819\" height=\"1024\" src=\"https:\/\/solved.eco.br\/intranet\/wp-content\/uploads\/2025\/10\/WhatsApp-Image-2025-10-16-at-18.37.53-819x1024.jpeg\" alt=\"\" class=\"wp-image-1607\" srcset=\"https:\/\/solved.eco.br\/intranet\/wp-content\/uploads\/2025\/10\/WhatsApp-Image-2025-10-16-at-18.37.53-819x1024.jpeg 819w, https:\/\/solved.eco.br\/intranet\/wp-content\/uploads\/2025\/10\/WhatsApp-Image-2025-10-16-at-18.37.53-240x300.jpeg 240w, https:\/\/solved.eco.br\/intranet\/wp-content\/uploads\/2025\/10\/WhatsApp-Image-2025-10-16-at-18.37.53-768x960.jpeg 768w, https:\/\/solved.eco.br\/intranet\/wp-content\/uploads\/2025\/10\/WhatsApp-Image-2025-10-16-at-18.37.53.jpeg 1080w\" sizes=\"(max-width: 819px) 100vw, 819px\" \/><\/figure>\n\n\n\n<p>Nesta sexta-feira, 17 de outubro, \u00e0s 17h (hor\u00e1rio de Bras\u00edlia), acontece a segunda live da <strong>\u201cPr\u00e9-COP dos Povos e Comunidades Tradicionais\u201d<\/strong>, evento que re\u00fane lideran\u00e7as, juventudes e organiza\u00e7\u00f5es comunit\u00e1rias das Reservas Costeiras e Marinhas de todo o Brasil.<\/p>\n\n\n\n<p>A live faz parte da constru\u00e7\u00e3o da <strong>Carta Nacional dos Extrativistas \u00e0 COP30<\/strong>, documento que ser\u00e1 entregue a autoridades e representantes internacionais durante a Confer\u00eancia da ONU sobre Mudan\u00e7a do Clima (COP30), em Bel\u00e9m (PA).<\/p>\n\n\n\n<p>\ud83d\udcc5 <strong>Data:<\/strong> 17 de outubro (sexta-feira)<br>\ud83d\udd54 <strong>Hor\u00e1rio:<\/strong> 17h (Bras\u00edlia)<br>\ud83d\udccd <strong>Onde assistir:<\/strong> Canal do CNS no YouTube<br>\ud83d\udd17 <a href=\"https:\/\/www.youtube.com\/watch?v=l5Sn3P2_x84\">Acesse a live aqui<\/a><\/p>\n\n\n\n<p>A iniciativa \u00e9 uma realiza\u00e7\u00e3o do <strong>Conselho Nacional das Popula\u00e7\u00f5es Extrativistas (CNS)<\/strong>, em parceria com o <strong>Comit\u00ea Chico Mendes<\/strong>, <strong>Funda\u00e7\u00e3o Banco do Brasil<\/strong>, <strong>Museu Goeldi<\/strong>, <strong>Minist\u00e9rio do Meio Ambiente e Mudan\u00e7a do Clima (MMA)<\/strong>, <strong>Revista Xapuri<\/strong> e <strong>Fundo Puxirum<\/strong>.<\/p>\n","protected":false},"excerpt":{"rendered":"<p>Nesta sexta-feira, 17 de outubro, \u00e0s 17h (hor\u00e1rio de Bras\u00edlia), acontece a segunda live da \u201cPr\u00e9-COP dos Povos e Comunidades Tradicionais\u201d, evento que re\u00fane lideran\u00e7as, juventudes e organiza\u00e7\u00f5es comunit\u00e1rias das Reservas Costeiras e Marinhas de todo o Brasil. A live faz parte da constru\u00e7\u00e3o da Carta Nacional dos Extrativistas \u00e0 COP30, documento que ser\u00e1 entregue [&hellip;]<\/p>\n","protected":false},"author":1,"featured_media":1607,"comment_status":"open","ping_status":"open","sticky":false,"template":"","format":"standard","meta":{"inline_featured_image":false,"footnotes":""},"categories":[17,11],"tags":[54,39,55],"class_list":["post-1606","post","type-post","status-publish","format-standard","has-post-thumbnail","hentry","category-bioeconomia-e-conservacao","category-noticias","tag-cns","tag-conexao-povos-da-floresta","tag-conservacao"],"_links":{"self":[{"href":"https:\/\/solved.eco.br\/intranet\/wp-json\/wp\/v2\/posts\/1606","targetHints":{"allow":["GET"]}}],"collection":[{"href":"https:\/\/solved.eco.br\/intranet\/wp-json\/wp\/v2\/posts"}],"about":[{"href":"https:\/\/solved.eco.br\/intranet\/wp-json\/wp\/v2\/types\/post"}],"author":[{"embeddable":true,"href":"https:\/\/solved.eco.br\/intranet\/wp-json\/wp\/v2\/users\/1"}],"replies":[{"embeddable":true,"href":"https:\/\/solved.eco.br\/intranet\/wp-json\/wp\/v2\/comments?post=1606"}],"version-history":[{"count":1,"href":"https:\/\/solved.eco.br\/intranet\/wp-json\/wp\/v2\/posts\/1606\/revisions"}],"predecessor-version":[{"id":1608,"href":"https:\/\/solved.eco.br\/intranet\/wp-json\/wp\/v2\/posts\/1606\/revisions\/1608"}],"wp:featuredmedia":[{"embeddable":true,"href":"https:\/\/solved.eco.br\/intranet\/wp-json\/wp\/v2\/media\/1607"}],"wp:attachment":[{"href":"https:\/\/solved.eco.br\/intranet\/wp-json\/wp\/v2\/media?parent=1606"}],"wp:term":[{"taxonomy":"category","embeddable":true,"href":"https:\/\/solved.eco.br\/intranet\/wp-json\/wp\/v2\/categories?post=1606"},{"taxonomy":"post_tag","embeddable":true,"href":"https:\/\/solved.eco.br\/intranet\/wp-json\/wp\/v2\/tags?post=1606"}],"curies":[{"name":"wp","href":"https:\/\/api.w.org\/{rel}","templated":true}]}}