{"id":1609,"date":"2025-10-17T10:34:45","date_gmt":"2025-10-17T13:34:45","guid":{"rendered":"https:\/\/solved.eco.br\/intranet\/?p=1609"},"modified":"2025-10-17T10:34:45","modified_gmt":"2025-10-17T13:34:45","slug":"museu-da-pessoa-lanca-iniciativa-educativa-com-historias-indigenas","status":"publish","type":"post","link":"https:\/\/solved.eco.br\/intranet\/museu-da-pessoa-lanca-iniciativa-educativa-com-historias-indigenas\/","title":{"rendered":"Museu da Pessoa lan\u00e7a iniciativa educativa com hist\u00f3rias ind\u00edgenas"},"content":{"rendered":"\n<figure class=\"wp-block-image size-large\"><img fetchpriority=\"high\" decoding=\"async\" width=\"1024\" height=\"1024\" src=\"https:\/\/solved.eco.br\/intranet\/wp-content\/uploads\/2025\/10\/WhatsApp-Image-2025-10-17-at-09.26.08-1024x1024.jpeg\" alt=\"\" class=\"wp-image-1610\" srcset=\"https:\/\/solved.eco.br\/intranet\/wp-content\/uploads\/2025\/10\/WhatsApp-Image-2025-10-17-at-09.26.08-1024x1024.jpeg 1024w, https:\/\/solved.eco.br\/intranet\/wp-content\/uploads\/2025\/10\/WhatsApp-Image-2025-10-17-at-09.26.08-300x300.jpeg 300w, https:\/\/solved.eco.br\/intranet\/wp-content\/uploads\/2025\/10\/WhatsApp-Image-2025-10-17-at-09.26.08-150x150.jpeg 150w, https:\/\/solved.eco.br\/intranet\/wp-content\/uploads\/2025\/10\/WhatsApp-Image-2025-10-17-at-09.26.08-768x768.jpeg 768w, https:\/\/solved.eco.br\/intranet\/wp-content\/uploads\/2025\/10\/WhatsApp-Image-2025-10-17-at-09.26.08.jpeg 1080w\" sizes=\"(max-width: 1024px) 100vw, 1024px\" \/><\/figure>\n\n\n\n<p>O Museu da Pessoa, integrante da Rede Conex\u00e3o Povos da Floresta, est\u00e1 com uma nova iniciativa voltada para educadores e educadoras de todo o pa\u00eds. <\/p>\n\n\n\n<p>A proposta \u00e9 realizar atividades com estudantes a partir de hist\u00f3rias de vida j\u00e1 contadas por ind\u00edgenas de diferentes povos, dispon\u00edveis no acervo digital do museu.<\/p>\n\n\n\n<p>A a\u00e7\u00e3o busca transformar essas narrativas em conte\u00fados pedag\u00f3gicos que valorizem a mem\u00f3ria, o protagonismo ind\u00edgena e a diversidade cultural nas escolas.<\/p>\n\n\n\n<p>Educadores interessados podem acessar o site da Mostra Educativa do Museu da Pessoa para saber mais e se inscrever:<br>\ud83d\udd17 https:\/\/mostraeducativa.museudapessoa.org\/<\/p>\n","protected":false},"excerpt":{"rendered":"<p>O Museu da Pessoa, integrante da Rede Conex\u00e3o Povos da Floresta, est\u00e1 com uma nova iniciativa voltada para educadores e educadoras de todo o pa\u00eds. A proposta \u00e9 realizar atividades com estudantes a partir de hist\u00f3rias de vida j\u00e1 contadas por ind\u00edgenas de diferentes povos, dispon\u00edveis no acervo digital do museu. A a\u00e7\u00e3o busca transformar [&hellip;]<\/p>\n","protected":false},"author":1,"featured_media":1610,"comment_status":"open","ping_status":"open","sticky":false,"template":"","format":"standard","meta":{"inline_featured_image":false,"footnotes":""},"categories":[13,11],"tags":[39,49],"class_list":["post-1609","post","type-post","status-publish","format-standard","has-post-thumbnail","hentry","category-editais-e-oportunidades","category-noticias","tag-conexao-povos-da-floresta","tag-editais"],"_links":{"self":[{"href":"https:\/\/solved.eco.br\/intranet\/wp-json\/wp\/v2\/posts\/1609","targetHints":{"allow":["GET"]}}],"collection":[{"href":"https:\/\/solved.eco.br\/intranet\/wp-json\/wp\/v2\/posts"}],"about":[{"href":"https:\/\/solved.eco.br\/intranet\/wp-json\/wp\/v2\/types\/post"}],"author":[{"embeddable":true,"href":"https:\/\/solved.eco.br\/intranet\/wp-json\/wp\/v2\/users\/1"}],"replies":[{"embeddable":true,"href":"https:\/\/solved.eco.br\/intranet\/wp-json\/wp\/v2\/comments?post=1609"}],"version-history":[{"count":1,"href":"https:\/\/solved.eco.br\/intranet\/wp-json\/wp\/v2\/posts\/1609\/revisions"}],"predecessor-version":[{"id":1611,"href":"https:\/\/solved.eco.br\/intranet\/wp-json\/wp\/v2\/posts\/1609\/revisions\/1611"}],"wp:featuredmedia":[{"embeddable":true,"href":"https:\/\/solved.eco.br\/intranet\/wp-json\/wp\/v2\/media\/1610"}],"wp:attachment":[{"href":"https:\/\/solved.eco.br\/intranet\/wp-json\/wp\/v2\/media?parent=1609"}],"wp:term":[{"taxonomy":"category","embeddable":true,"href":"https:\/\/solved.eco.br\/intranet\/wp-json\/wp\/v2\/categories?post=1609"},{"taxonomy":"post_tag","embeddable":true,"href":"https:\/\/solved.eco.br\/intranet\/wp-json\/wp\/v2\/tags?post=1609"}],"curies":[{"name":"wp","href":"https:\/\/api.w.org\/{rel}","templated":true}]}}