{"id":1632,"date":"2025-10-23T17:11:34","date_gmt":"2025-10-23T20:11:34","guid":{"rendered":"https:\/\/solved.eco.br\/intranet\/?p=1632"},"modified":"2025-10-23T17:11:58","modified_gmt":"2025-10-23T20:11:58","slug":"rede-conexao-povos-da-floresta-alcanca-2-mil-comunidades-conectadas-na-amazonia-legal","status":"publish","type":"post","link":"https:\/\/solved.eco.br\/intranet\/rede-conexao-povos-da-floresta-alcanca-2-mil-comunidades-conectadas-na-amazonia-legal\/","title":{"rendered":"Rede Conex\u00e3o Povos da Floresta alcan\u00e7a 2 mil comunidades conectadas na Amaz\u00f4nia Legal"},"content":{"rendered":"\n<p><em>Em pouco mais de dois anos, projeto em rede j\u00e1 beneficiou mais de 160 mil pessoas, fortalecendo a conserva\u00e7\u00e3o de 120 milh\u00f5es de hectares de floresta<\/em><\/p>\n\n\n\n<figure class=\"wp-block-image size-large\"><img fetchpriority=\"high\" decoding=\"async\" width=\"819\" height=\"1024\" src=\"https:\/\/solved.eco.br\/intranet\/wp-content\/uploads\/2025\/10\/WhatsApp-Image-2025-10-23-at-16.07.37-819x1024.jpeg\" alt=\"\" class=\"wp-image-1634\" srcset=\"https:\/\/solved.eco.br\/intranet\/wp-content\/uploads\/2025\/10\/WhatsApp-Image-2025-10-23-at-16.07.37-819x1024.jpeg 819w, https:\/\/solved.eco.br\/intranet\/wp-content\/uploads\/2025\/10\/WhatsApp-Image-2025-10-23-at-16.07.37-240x300.jpeg 240w, https:\/\/solved.eco.br\/intranet\/wp-content\/uploads\/2025\/10\/WhatsApp-Image-2025-10-23-at-16.07.37-768x960.jpeg 768w, https:\/\/solved.eco.br\/intranet\/wp-content\/uploads\/2025\/10\/WhatsApp-Image-2025-10-23-at-16.07.37.jpeg 1024w\" sizes=\"(max-width: 819px) 100vw, 819px\" \/><\/figure>\n\n\n\n<p>A <strong>Rede Conex\u00e3o Povos da Floresta<\/strong> alcan\u00e7ou nesta quarta-feira, 22\/10, a marca de 2 mil comunidades ind\u00edgenas, quilombolas, extrativistas e ribeirinhas conectadas em toda a Amaz\u00f4nia Legal. A iniciativa, formada por mais de 50 organiza\u00e7\u00f5es e liderada pela Coordena\u00e7\u00e3o das Organiza\u00e7\u00f5es Ind\u00edgenas da Amaz\u00f4nia Brasileira (COIAB), Coordena\u00e7\u00e3o Nacional de Articula\u00e7\u00e3o das Comunidades Negras Rurais Quilombolas (CONAQ) e Conselho Nacional das Popula\u00e7\u00f5es Extrativistas (CNS), j\u00e1 beneficiou mais de 160 mil pessoas nos territ\u00f3rios tradicionais da regi\u00e3o.<\/p>\n\n\n\n<p>Mais um territ\u00f3rio da floresta se conectou com a instala\u00e7\u00e3o de um kit de conectividade do projeto na comunidade Piquiazal, localizada no Assentamento Extrativista Piquiazal, em Mazag\u00e3o (AP). Cada nova comunidade beneficiada vai al\u00e9m da conex\u00e3o \u00e0 internet, e fortalece tamb\u00e9m o acesso \u00e0 sa\u00fade, \u00e0 educa\u00e7\u00e3o, a ferramentas de prote\u00e7\u00e3o territorial, entre outras a\u00e7\u00f5es da rede.<\/p>\n\n\n\n<p>\u201cA chegada do projeto \u00e9 um marco importante na nossa comunidade, porque agora podemos melhorar a qualidade do nosso atendimento de sa\u00fade e tamb\u00e9m agora podemos trabalhar com eletrocardiograma (ECG) e com a telemedicina, que antes n\u00e3o era poss\u00edvel porque n\u00e3o tinha internet\u201d, afirmou Suzan Rayra, moradora e diretora da unidade de sa\u00fade da comunidade.<\/p>\n\n\n\n<p><strong>Rede constru\u00edda a muitas m\u00e3os<\/strong><\/p>\n\n\n\n<p>A Rede Conex\u00e3o Povos da Floresta \u00e9 uma iniciativa conjunta constru\u00edda por mais de 50 parceiros, entre organiza\u00e7\u00f5es da sociedade civil, institui\u00e7\u00f5es, funda\u00e7\u00f5es e empresas. A meta \u00e9 conectar em rede, por meio da internet banda larga, mais de 1 milh\u00e3o de pessoas em 9,5 mil comunidades mapeadas em territ\u00f3rios protegidos na Amaz\u00f4nia Legal. Mais do que conex\u00e3o \u00e0 internet, a Rede promove a inclus\u00e3o digital, fortalecimento comunit\u00e1rio e o protagonismo dos povos da floresta.<\/p>\n\n\n\n<p>\u201cConectar os povos da floresta \u00e9 fortalecer quem mais protege a Amaz\u00f4nia\u201d, destaca Toya Manchineri, coordenador-geral da COIAB. \u201cAs comunidades ind\u00edgenas, quilombolas e extrativistas s\u00e3o respons\u00e1veis por conservar mais de 120 milh\u00f5es de hectares de floresta. A conectividade potencializa esse papel e amplia o acesso a direitos b\u00e1sicos.\u201d<\/p>\n\n\n\n<p>Para Jos\u00e9 Carlos Galiza, lideran\u00e7a da CONAQ, a expans\u00e3o da rede representa tamb\u00e9m a consolida\u00e7\u00e3o de uma alian\u00e7a hist\u00f3rica entre os povos da floresta. \u201cA Rede Conex\u00e3o tem criado pontes entre territ\u00f3rios e organiza\u00e7\u00f5es, gerando forma\u00e7\u00e3o, empreendedorismo e uni\u00e3o entre os guardi\u00f5es da floresta.\u201d<\/p>\n\n\n\n<p>\u201cCada nova comunidade conectada \u00e9 tamb\u00e9m um territ\u00f3rio mais fortalecido na defesa da floresta. A conectividade tem permitido ampliar o acesso \u00e0 pol\u00edticas p\u00fablicas e a direitos entre os povos da floresta\u201d, ressalta Joaquim Belo, secret\u00e1rio do CNS.<\/p>\n\n\n\n<h3 class=\"wp-block-heading\"><strong>Conectividade significativa<\/strong><\/h3>\n\n\n\n<p>Mais do que levar internet, a Rede Conex\u00e3o Povos da Floresta trabalha para que a conectividade seja uma ferramenta de transforma\u00e7\u00e3o social. Para isso, o projeto atua com base em tr\u00eas pilares: o primeiro pilar \u00e9 a instala\u00e7\u00e3o dos equipamentos de conectividade e energia necess\u00e1rios para criar redes locais conectadas \u00e0 internet de banda larga; o segundo pilar, de controle comunit\u00e1rio, envolve a implementa\u00e7\u00e3o de sistemas de gest\u00e3o da rede em cada comunidade, respeitando suas realidades, demandas e modos de vida; e o terceiro pilar, de inclus\u00e3o digital, conta com programas voltados para \u00e1reas como sa\u00fade, educa\u00e7\u00e3o, empreendedorismo, prote\u00e7\u00e3o territorial, energia, cultura e ancestralidade, protagonismo feminino e outras prioridades definidas pelas pr\u00f3prias comunidades.<\/p>\n\n\n\n<p>Na frente de inclus\u00e3o digital, os programas se organizam em grupos de trabalho e oferecem diversas a\u00e7\u00f5es para as comunidades, como a telessa\u00fade, que possibilita a realiza\u00e7\u00e3o de consultas online, e o curso de Sabedoria Digital, que forma facilitadores locais para usar a tecnologia de forma segura e consciente.<\/p>\n\n\n\n<p><\/p>\n","protected":false},"excerpt":{"rendered":"<p>Em pouco mais de dois anos, projeto em rede j\u00e1 beneficiou mais de 160 mil pessoas, fortalecendo a conserva\u00e7\u00e3o de 120 milh\u00f5es de hectares de floresta A Rede Conex\u00e3o Povos da Floresta alcan\u00e7ou nesta quarta-feira, 22\/10, a marca de 2 mil comunidades ind\u00edgenas, quilombolas, extrativistas e ribeirinhas conectadas em toda a Amaz\u00f4nia Legal. A iniciativa, [&hellip;]<\/p>\n","protected":false},"author":1,"featured_media":1634,"comment_status":"open","ping_status":"open","sticky":false,"template":"","format":"standard","meta":{"inline_featured_image":false,"footnotes":""},"categories":[11,1],"tags":[],"class_list":["post-1632","post","type-post","status-publish","format-standard","has-post-thumbnail","hentry","category-noticias","category-sem-categoria"],"_links":{"self":[{"href":"https:\/\/solved.eco.br\/intranet\/wp-json\/wp\/v2\/posts\/1632","targetHints":{"allow":["GET"]}}],"collection":[{"href":"https:\/\/solved.eco.br\/intranet\/wp-json\/wp\/v2\/posts"}],"about":[{"href":"https:\/\/solved.eco.br\/intranet\/wp-json\/wp\/v2\/types\/post"}],"author":[{"embeddable":true,"href":"https:\/\/solved.eco.br\/intranet\/wp-json\/wp\/v2\/users\/1"}],"replies":[{"embeddable":true,"href":"https:\/\/solved.eco.br\/intranet\/wp-json\/wp\/v2\/comments?post=1632"}],"version-history":[{"count":1,"href":"https:\/\/solved.eco.br\/intranet\/wp-json\/wp\/v2\/posts\/1632\/revisions"}],"predecessor-version":[{"id":1635,"href":"https:\/\/solved.eco.br\/intranet\/wp-json\/wp\/v2\/posts\/1632\/revisions\/1635"}],"wp:featuredmedia":[{"embeddable":true,"href":"https:\/\/solved.eco.br\/intranet\/wp-json\/wp\/v2\/media\/1634"}],"wp:attachment":[{"href":"https:\/\/solved.eco.br\/intranet\/wp-json\/wp\/v2\/media?parent=1632"}],"wp:term":[{"taxonomy":"category","embeddable":true,"href":"https:\/\/solved.eco.br\/intranet\/wp-json\/wp\/v2\/categories?post=1632"},{"taxonomy":"post_tag","embeddable":true,"href":"https:\/\/solved.eco.br\/intranet\/wp-json\/wp\/v2\/tags?post=1632"}],"curies":[{"name":"wp","href":"https:\/\/api.w.org\/{rel}","templated":true}]}}