{"id":1641,"date":"2025-10-27T09:48:58","date_gmt":"2025-10-27T12:48:58","guid":{"rendered":"https:\/\/solved.eco.br\/intranet\/?p=1641"},"modified":"2025-10-27T09:48:58","modified_gmt":"2025-10-27T12:48:58","slug":"conexao-apresenta-entre-nos-um-papo-sobre-cancer-de-mama-27-10","status":"publish","type":"post","link":"https:\/\/solved.eco.br\/intranet\/conexao-apresenta-entre-nos-um-papo-sobre-cancer-de-mama-27-10\/","title":{"rendered":"Conex\u00e3o Apresenta &#8211; &#8220;Entre n\u00f3s, um papo sobre c\u00e2ncer de mama&#8221; &#8211; 27\/10"},"content":{"rendered":"\n<figure class=\"wp-block-image size-large\"><img fetchpriority=\"high\" decoding=\"async\" width=\"819\" height=\"1024\" src=\"https:\/\/solved.eco.br\/intranet\/wp-content\/uploads\/2025\/10\/WhatsApp-Image-2025-10-27-at-08.38.10-819x1024.jpeg\" alt=\"\" class=\"wp-image-1642\" srcset=\"https:\/\/solved.eco.br\/intranet\/wp-content\/uploads\/2025\/10\/WhatsApp-Image-2025-10-27-at-08.38.10-819x1024.jpeg 819w, https:\/\/solved.eco.br\/intranet\/wp-content\/uploads\/2025\/10\/WhatsApp-Image-2025-10-27-at-08.38.10-240x300.jpeg 240w, https:\/\/solved.eco.br\/intranet\/wp-content\/uploads\/2025\/10\/WhatsApp-Image-2025-10-27-at-08.38.10-768x960.jpeg 768w, https:\/\/solved.eco.br\/intranet\/wp-content\/uploads\/2025\/10\/WhatsApp-Image-2025-10-27-at-08.38.10.jpeg 1080w\" sizes=\"(max-width: 819px) 100vw, 819px\" \/><\/figure>\n\n\n\n<p>Outubro \u00e9 o m\u00eas da conscientiza\u00e7\u00e3o sobre o c\u00e2ncer de mama. \u00c9 neste clima de cuidado e aten\u00e7\u00e3o com a sa\u00fade que te convidamos para mais uma edi\u00e7\u00e3o do Conex\u00e3o ApresentaUm espa\u00e7o de escuta, troca e fortalecimento, promovido pela Rede Conex\u00e3o Povos da Floresta<\/p>\n\n\n\n<p>\ud83d\udde3\ufe0f <strong>Tema:<\/strong> \u201cEntre n\u00f3s, um papo sobre o c\u00e2ncer de mama\u201d<br>\ud83d\udc69\ud83c\udffd\u200d\u2695<strong> Com Joventina Julita<\/strong><br>Enfermeira obstetra e mestre em administra\u00e7\u00e3o e gest\u00e3o em sa\u00fade p\u00fablica.<\/p>\n\n\n\n<p>\ud83d\udcc5<strong> Dia:<\/strong> 27 de outubro (segunda-feira)<br>\ud83d\udd54 <strong>Hora:<\/strong> 17h (hor\u00e1rio de Bras\u00edlia)<br>\ud83d\udccd <strong>Acesse pelo link:<\/strong> <a href=\"https:\/\/meet.google.com\/fnb-eyut-wah\">https:\/\/meet.google.com\/fnb-eyut-wah<\/a><\/p>\n\n\n\n<p>\ud83c\udf97\ufe0f Vamos conversar sobre preven\u00e7\u00e3o, acolhimento e os caminhos para cuidar de quem cuida.<\/p>\n\n\n\n<p>\ud83d\udce2 <strong>Convide mulheres, agentes de sa\u00fade, lideran\u00e7as e quem mais quiser se somar a essa roda de conversa<\/strong><\/p>\n","protected":false},"excerpt":{"rendered":"<p>Outubro \u00e9 o m\u00eas da conscientiza\u00e7\u00e3o sobre o c\u00e2ncer de mama. \u00c9 neste clima de cuidado e aten\u00e7\u00e3o com a sa\u00fade que te convidamos para mais uma edi\u00e7\u00e3o do Conex\u00e3o ApresentaUm espa\u00e7o de escuta, troca e fortalecimento, promovido pela Rede Conex\u00e3o Povos da Floresta \ud83d\udde3\ufe0f Tema: \u201cEntre n\u00f3s, um papo sobre o c\u00e2ncer de mama\u201d\ud83d\udc69\ud83c\udffd\u200d\u2695 [&hellip;]<\/p>\n","protected":false},"author":1,"featured_media":1642,"comment_status":"open","ping_status":"open","sticky":false,"template":"","format":"standard","meta":{"inline_featured_image":false,"footnotes":""},"categories":[11,19],"tags":[39],"class_list":["post-1641","post","type-post","status-publish","format-standard","has-post-thumbnail","hentry","category-noticias","category-saude-e-bem-viver","tag-conexao-povos-da-floresta"],"_links":{"self":[{"href":"https:\/\/solved.eco.br\/intranet\/wp-json\/wp\/v2\/posts\/1641","targetHints":{"allow":["GET"]}}],"collection":[{"href":"https:\/\/solved.eco.br\/intranet\/wp-json\/wp\/v2\/posts"}],"about":[{"href":"https:\/\/solved.eco.br\/intranet\/wp-json\/wp\/v2\/types\/post"}],"author":[{"embeddable":true,"href":"https:\/\/solved.eco.br\/intranet\/wp-json\/wp\/v2\/users\/1"}],"replies":[{"embeddable":true,"href":"https:\/\/solved.eco.br\/intranet\/wp-json\/wp\/v2\/comments?post=1641"}],"version-history":[{"count":1,"href":"https:\/\/solved.eco.br\/intranet\/wp-json\/wp\/v2\/posts\/1641\/revisions"}],"predecessor-version":[{"id":1643,"href":"https:\/\/solved.eco.br\/intranet\/wp-json\/wp\/v2\/posts\/1641\/revisions\/1643"}],"wp:featuredmedia":[{"embeddable":true,"href":"https:\/\/solved.eco.br\/intranet\/wp-json\/wp\/v2\/media\/1642"}],"wp:attachment":[{"href":"https:\/\/solved.eco.br\/intranet\/wp-json\/wp\/v2\/media?parent=1641"}],"wp:term":[{"taxonomy":"category","embeddable":true,"href":"https:\/\/solved.eco.br\/intranet\/wp-json\/wp\/v2\/categories?post=1641"},{"taxonomy":"post_tag","embeddable":true,"href":"https:\/\/solved.eco.br\/intranet\/wp-json\/wp\/v2\/tags?post=1641"}],"curies":[{"name":"wp","href":"https:\/\/api.w.org\/{rel}","templated":true}]}}