{"id":1644,"date":"2025-10-15T09:59:37","date_gmt":"2025-10-15T12:59:37","guid":{"rendered":"https:\/\/solved.eco.br\/intranet\/?p=1644"},"modified":"2025-10-27T10:05:53","modified_gmt":"2025-10-27T13:05:53","slug":"aulao-introducao-ao-uso-de-notebook-21-e-23-10","status":"publish","type":"post","link":"https:\/\/solved.eco.br\/intranet\/aulao-introducao-ao-uso-de-notebook-21-e-23-10\/","title":{"rendered":"Aul\u00e3o &#8211; Introdu\u00e7\u00e3o ao Uso de Notebook &#8211; 21 e 23\/10"},"content":{"rendered":"\n<figure class=\"wp-block-image size-large\"><img fetchpriority=\"high\" decoding=\"async\" width=\"819\" height=\"1024\" src=\"https:\/\/solved.eco.br\/intranet\/wp-content\/uploads\/2025\/10\/WhatsApp-Image-2025-10-27-at-09.03.01-819x1024.jpeg\" alt=\"\" class=\"wp-image-1645\" srcset=\"https:\/\/solved.eco.br\/intranet\/wp-content\/uploads\/2025\/10\/WhatsApp-Image-2025-10-27-at-09.03.01-819x1024.jpeg 819w, https:\/\/solved.eco.br\/intranet\/wp-content\/uploads\/2025\/10\/WhatsApp-Image-2025-10-27-at-09.03.01-240x300.jpeg 240w, https:\/\/solved.eco.br\/intranet\/wp-content\/uploads\/2025\/10\/WhatsApp-Image-2025-10-27-at-09.03.01-768x960.jpeg 768w, https:\/\/solved.eco.br\/intranet\/wp-content\/uploads\/2025\/10\/WhatsApp-Image-2025-10-27-at-09.03.01.jpeg 1080w\" sizes=\"(max-width: 819px) 100vw, 819px\" \/><\/figure>\n\n\n\n<p>Vem a\u00ed dois aul\u00f5es sobre <strong>Introdu\u00e7\u00e3o ao Uso de Notebook<\/strong>, conduzidos pela <strong>equipe da ReUrbi! <\/strong>\ud83d\udcbb\ud83c\udf31<\/p>\n\n\n\n<p>Uma \u00f3tima oportunidade para quem quer se familiarizar com o uso do computador no dia a dia.<\/p>\n\n\n\n<p>\ud83d\udcc5 Datas:<\/p>\n\n\n\n<p>\u2714\ufe0f<strong> 21 de outubro, \u00e0s 14h (hor\u00e1rio de Bras\u00edlia)<\/strong><br>\u2714\ufe0f<strong> 23 de outubro, \u00e0s 18h (hor\u00e1rio de Bras\u00edlia)<\/strong><\/p>\n\n\n\n<p>\ud83d\udccd <strong>Inscreva-se aqui: <\/strong><a href=\"https:\/\/bit.ly\/aulaooutubro2025\">https:\/\/bit.ly\/aulaooutubro2025<\/a><\/p>\n\n\n\n<p>Esperamos voc\u00eas! \u2728<\/p>\n","protected":false},"excerpt":{"rendered":"<p>Vem a\u00ed dois aul\u00f5es sobre Introdu\u00e7\u00e3o ao Uso de Notebook, conduzidos pela equipe da ReUrbi! \ud83d\udcbb\ud83c\udf31 Uma \u00f3tima oportunidade para quem quer se familiarizar com o uso do computador no dia a dia. \ud83d\udcc5 Datas: \u2714\ufe0f 21 de outubro, \u00e0s 14h (hor\u00e1rio de Bras\u00edlia)\u2714\ufe0f 23 de outubro, \u00e0s 18h (hor\u00e1rio de Bras\u00edlia) \ud83d\udccd Inscreva-se aqui: [&hellip;]<\/p>\n","protected":false},"author":1,"featured_media":1645,"comment_status":"open","ping_status":"open","sticky":false,"template":"","format":"standard","meta":{"inline_featured_image":false,"footnotes":""},"categories":[15,11],"tags":[39],"class_list":["post-1644","post","type-post","status-publish","format-standard","has-post-thumbnail","hentry","category-educacao-e-formacao","category-noticias","tag-conexao-povos-da-floresta"],"_links":{"self":[{"href":"https:\/\/solved.eco.br\/intranet\/wp-json\/wp\/v2\/posts\/1644","targetHints":{"allow":["GET"]}}],"collection":[{"href":"https:\/\/solved.eco.br\/intranet\/wp-json\/wp\/v2\/posts"}],"about":[{"href":"https:\/\/solved.eco.br\/intranet\/wp-json\/wp\/v2\/types\/post"}],"author":[{"embeddable":true,"href":"https:\/\/solved.eco.br\/intranet\/wp-json\/wp\/v2\/users\/1"}],"replies":[{"embeddable":true,"href":"https:\/\/solved.eco.br\/intranet\/wp-json\/wp\/v2\/comments?post=1644"}],"version-history":[{"count":1,"href":"https:\/\/solved.eco.br\/intranet\/wp-json\/wp\/v2\/posts\/1644\/revisions"}],"predecessor-version":[{"id":1646,"href":"https:\/\/solved.eco.br\/intranet\/wp-json\/wp\/v2\/posts\/1644\/revisions\/1646"}],"wp:featuredmedia":[{"embeddable":true,"href":"https:\/\/solved.eco.br\/intranet\/wp-json\/wp\/v2\/media\/1645"}],"wp:attachment":[{"href":"https:\/\/solved.eco.br\/intranet\/wp-json\/wp\/v2\/media?parent=1644"}],"wp:term":[{"taxonomy":"category","embeddable":true,"href":"https:\/\/solved.eco.br\/intranet\/wp-json\/wp\/v2\/categories?post=1644"},{"taxonomy":"post_tag","embeddable":true,"href":"https:\/\/solved.eco.br\/intranet\/wp-json\/wp\/v2\/tags?post=1644"}],"curies":[{"name":"wp","href":"https:\/\/api.w.org\/{rel}","templated":true}]}}