{"id":1665,"date":"2025-11-03T15:10:14","date_gmt":"2025-11-03T18:10:14","guid":{"rendered":"https:\/\/solved.eco.br\/intranet\/?p=1665"},"modified":"2025-11-03T15:10:14","modified_gmt":"2025-11-03T18:10:14","slug":"novos-materiais-fortalecem-a-inclusao-digital-e-o-monitoramento-territorial-na-amazonia","status":"publish","type":"post","link":"https:\/\/solved.eco.br\/intranet\/novos-materiais-fortalecem-a-inclusao-digital-e-o-monitoramento-territorial-na-amazonia\/","title":{"rendered":"Novos materiais fortalecem a inclus\u00e3o digital e o monitoramento territorial na Amaz\u00f4nia"},"content":{"rendered":"\n<figure class=\"wp-block-image size-large\"><img fetchpriority=\"high\" decoding=\"async\" width=\"1024\" height=\"763\" src=\"https:\/\/solved.eco.br\/intranet\/wp-content\/uploads\/2025\/11\/WhatsApp-Image-2025-11-03-at-13.55.03-1-1024x763.jpeg\" alt=\"\" class=\"wp-image-1667\" srcset=\"https:\/\/solved.eco.br\/intranet\/wp-content\/uploads\/2025\/11\/WhatsApp-Image-2025-11-03-at-13.55.03-1-1024x763.jpeg 1024w, https:\/\/solved.eco.br\/intranet\/wp-content\/uploads\/2025\/11\/WhatsApp-Image-2025-11-03-at-13.55.03-1-300x224.jpeg 300w, https:\/\/solved.eco.br\/intranet\/wp-content\/uploads\/2025\/11\/WhatsApp-Image-2025-11-03-at-13.55.03-1-768x572.jpeg 768w, https:\/\/solved.eco.br\/intranet\/wp-content\/uploads\/2025\/11\/WhatsApp-Image-2025-11-03-at-13.55.03-1-1536x1144.jpeg 1536w, https:\/\/solved.eco.br\/intranet\/wp-content\/uploads\/2025\/11\/WhatsApp-Image-2025-11-03-at-13.55.03-1.jpeg 1600w\" sizes=\"(max-width: 1024px) 100vw, 1024px\" \/><\/figure>\n\n\n\n<p>J\u00e1 est\u00e3o dispon\u00edveis os <strong>materiais do projeto Indica Tapaj\u00f3s<\/strong>, desenvolvidos para <strong>fortalecer a inclus\u00e3o digital e o monitoramento territorial na bacia do Tapaj\u00f3s e em outros territ\u00f3rios da Amaz\u00f4nia Brasileira.<\/strong><\/p>\n\n\n\n<p>Os conte\u00fados \u2014 elaborados pelo <strong>FGVces e SAPOPEMA, com apoio da Uni\u00e3o Europeia<\/strong> \u2014 re\u00fanem orienta\u00e7\u00f5es pr\u00e1ticas, metodologias e ferramentas voltadas a comunidades, lideran\u00e7as e organiza\u00e7\u00f5es locais que atuam na defesa dos territ\u00f3rios e na gest\u00e3o sustent\u00e1vel da floresta.<\/p>\n\n\n\n<p>\ud83d\udcd8 <strong>Guias R\u00e1pidos dispon\u00edveis:<\/strong><\/p>\n\n\n\n<p>\ud83d\udef0\ufe0f<strong> Internet e Seguran\u00e7a Digital na Amaz\u00f4nia<\/strong><br>Traz recomenda\u00e7\u00f5es sobre conectividade, seguran\u00e7a da informa\u00e7\u00e3o e boas pr\u00e1ticas para o uso respons\u00e1vel da internet em contextos comunit\u00e1rios. O guia \u00e9 voltado especialmente a <em>lideran\u00e7as, comunicadores e organiza\u00e7\u00f5es locais<\/em>.<\/p>\n\n\n\n<p>\ud83c\udf0e <strong>Monitoramento Territorial Independente e Tecnologias Digitais<\/strong><br>Apresenta conceitos, m\u00e9todos e ferramentas para o uso de tecnologias digitais em processos de *mapeamento e vigil\u00e2ncia territorial aut\u00f4noma, com exemplos inspiradores de experi\u00eancias na *<em>bacia do Tapaj\u00f3s<\/em>.<\/p>\n\n\n\n<p>\u27a1\ufe0f <strong>Acesse os materiais:<\/strong> <a href=\"https:\/\/sapopema.org\/relatorios\">sapopema.org\/relatorios<\/a><br>(As vers\u00f5es em PDF est\u00e3o dispon\u00edveis para leitura e download.)<\/p>\n\n\n\n<div data-wp-interactive=\"core\/file\" class=\"wp-block-file\"><object data-wp-bind--hidden=\"!state.hasPdfPreview\" hidden class=\"wp-block-file__embed\" data=\"https:\/\/solved.eco.br\/intranet\/wp-content\/uploads\/2025\/11\/Guia-rapido_Monitoramento-territorial-independente-e-tecnologias-digitais-1.pdf\" type=\"application\/pdf\" style=\"width:100%;height:600px\" aria-label=\"Incorporado de Guia r\u00e1pido_Monitoramento territorial independente e tecnologias digitais (1).\"><\/object><a id=\"wp-block-file--media-daf63909-a7db-425d-8f7f-00a78c287d6c\" href=\"https:\/\/solved.eco.br\/intranet\/wp-content\/uploads\/2025\/11\/Guia-rapido_Monitoramento-territorial-independente-e-tecnologias-digitais-1.pdf\">Guia r\u00e1pido_Monitoramento territorial independente e tecnologias digitais (1)<\/a><a href=\"https:\/\/solved.eco.br\/intranet\/wp-content\/uploads\/2025\/11\/Guia-rapido_Monitoramento-territorial-independente-e-tecnologias-digitais-1.pdf\" class=\"wp-block-file__button wp-element-button\" download aria-describedby=\"wp-block-file--media-daf63909-a7db-425d-8f7f-00a78c287d6c\">Baixar<\/a><\/div>\n\n\n\n<div data-wp-interactive=\"core\/file\" class=\"wp-block-file\"><object data-wp-bind--hidden=\"!state.hasPdfPreview\" hidden class=\"wp-block-file__embed\" data=\"https:\/\/solved.eco.br\/intranet\/wp-content\/uploads\/2025\/11\/Guia-rapido_Internet-e-seguranca-digital-na-Amazonia-1.pdf\" type=\"application\/pdf\" style=\"width:100%;height:600px\" aria-label=\"Incorporado de Guia r\u00e1pido_Internet e seguran\u00e7a digital na Amaz\u00f4nia (1).\"><\/object><a id=\"wp-block-file--media-f592e134-c3aa-4be7-8642-4893542a07d1\" href=\"https:\/\/solved.eco.br\/intranet\/wp-content\/uploads\/2025\/11\/Guia-rapido_Internet-e-seguranca-digital-na-Amazonia-1.pdf\">Guia r\u00e1pido_Internet e seguran\u00e7a digital na Amaz\u00f4nia (1)<\/a><a href=\"https:\/\/solved.eco.br\/intranet\/wp-content\/uploads\/2025\/11\/Guia-rapido_Internet-e-seguranca-digital-na-Amazonia-1.pdf\" class=\"wp-block-file__button wp-element-button\" download aria-describedby=\"wp-block-file--media-f592e134-c3aa-4be7-8642-4893542a07d1\">Baixar<\/a><\/div>\n","protected":false},"excerpt":{"rendered":"<p>J\u00e1 est\u00e3o dispon\u00edveis os materiais do projeto Indica Tapaj\u00f3s, desenvolvidos para fortalecer a inclus\u00e3o digital e o monitoramento territorial na bacia do Tapaj\u00f3s e em outros territ\u00f3rios da Amaz\u00f4nia Brasileira. Os conte\u00fados \u2014 elaborados pelo FGVces e SAPOPEMA, com apoio da Uni\u00e3o Europeia \u2014 re\u00fanem orienta\u00e7\u00f5es pr\u00e1ticas, metodologias e ferramentas voltadas a comunidades, lideran\u00e7as e [&hellip;]<\/p>\n","protected":false},"author":1,"featured_media":1666,"comment_status":"open","ping_status":"open","sticky":false,"template":"","format":"standard","meta":{"inline_featured_image":false,"footnotes":""},"categories":[15,11],"tags":[39],"class_list":["post-1665","post","type-post","status-publish","format-standard","has-post-thumbnail","hentry","category-educacao-e-formacao","category-noticias","tag-conexao-povos-da-floresta"],"_links":{"self":[{"href":"https:\/\/solved.eco.br\/intranet\/wp-json\/wp\/v2\/posts\/1665","targetHints":{"allow":["GET"]}}],"collection":[{"href":"https:\/\/solved.eco.br\/intranet\/wp-json\/wp\/v2\/posts"}],"about":[{"href":"https:\/\/solved.eco.br\/intranet\/wp-json\/wp\/v2\/types\/post"}],"author":[{"embeddable":true,"href":"https:\/\/solved.eco.br\/intranet\/wp-json\/wp\/v2\/users\/1"}],"replies":[{"embeddable":true,"href":"https:\/\/solved.eco.br\/intranet\/wp-json\/wp\/v2\/comments?post=1665"}],"version-history":[{"count":1,"href":"https:\/\/solved.eco.br\/intranet\/wp-json\/wp\/v2\/posts\/1665\/revisions"}],"predecessor-version":[{"id":1670,"href":"https:\/\/solved.eco.br\/intranet\/wp-json\/wp\/v2\/posts\/1665\/revisions\/1670"}],"wp:featuredmedia":[{"embeddable":true,"href":"https:\/\/solved.eco.br\/intranet\/wp-json\/wp\/v2\/media\/1666"}],"wp:attachment":[{"href":"https:\/\/solved.eco.br\/intranet\/wp-json\/wp\/v2\/media?parent=1665"}],"wp:term":[{"taxonomy":"category","embeddable":true,"href":"https:\/\/solved.eco.br\/intranet\/wp-json\/wp\/v2\/categories?post=1665"},{"taxonomy":"post_tag","embeddable":true,"href":"https:\/\/solved.eco.br\/intranet\/wp-json\/wp\/v2\/tags?post=1665"}],"curies":[{"name":"wp","href":"https:\/\/api.w.org\/{rel}","templated":true}]}}