{"id":1674,"date":"2025-11-20T11:35:18","date_gmt":"2025-11-20T14:35:18","guid":{"rendered":"https:\/\/solved.eco.br\/intranet\/?p=1674"},"modified":"2025-12-04T11:39:47","modified_gmt":"2025-12-04T14:39:47","slug":"conexao-apresenta-especial-novembro-azul-participe","status":"publish","type":"post","link":"https:\/\/solved.eco.br\/intranet\/conexao-apresenta-especial-novembro-azul-participe\/","title":{"rendered":"Conex\u00e3o Apresenta \u2013 Especial Novembro Azul. Participe!"},"content":{"rendered":"\n<figure class=\"wp-block-image size-large\"><img fetchpriority=\"high\" decoding=\"async\" width=\"819\" height=\"1024\" src=\"https:\/\/solved.eco.br\/intranet\/wp-content\/uploads\/2025\/12\/WhatsApp-Image-2025-12-04-at-11.36.34-819x1024.jpeg\" alt=\"\" class=\"wp-image-1675\" srcset=\"https:\/\/solved.eco.br\/intranet\/wp-content\/uploads\/2025\/12\/WhatsApp-Image-2025-12-04-at-11.36.34-819x1024.jpeg 819w, https:\/\/solved.eco.br\/intranet\/wp-content\/uploads\/2025\/12\/WhatsApp-Image-2025-12-04-at-11.36.34-240x300.jpeg 240w, https:\/\/solved.eco.br\/intranet\/wp-content\/uploads\/2025\/12\/WhatsApp-Image-2025-12-04-at-11.36.34-768x960.jpeg 768w, https:\/\/solved.eco.br\/intranet\/wp-content\/uploads\/2025\/12\/WhatsApp-Image-2025-12-04-at-11.36.34.jpeg 1080w\" sizes=\"(max-width: 819px) 100vw, 819px\" \/><\/figure>\n\n\n\n<p>No esp\u00edrito de cuidado e conscientiza\u00e7\u00e3o do Novembro Azul, te convidamos para mais uma edi\u00e7\u00e3o do Conex\u00e3o Apresenta!<\/p>\n\n\n\n<p>\ud83c\udf3f Um espa\u00e7o de di\u00e1logo, acolhimento e fortalecimento, promovido pela Rede Conex\u00e3o Povos da Floresta.<\/p>\n\n\n\n<p>\ud83d\udde3\ufe0f Tema: <strong>\u201cHomem que se Cuida Vive Mais: Vamos Conversar?\u201d<\/strong><br>\ud83d\udc68\ud83c\udffd\u200d\u2695 Com Adailton de Jesus Gomes Costa &#8211; Sanitarista.<\/p>\n\n\n\n<p>\ud83d\udcc5<strong> Dia: <\/strong>27 de novembro<br>\ud83d\udd54<strong> Hora: <\/strong>17h (hor\u00e1rio de Bras\u00edlia)<br>\ud83d\udccd<strong> Acesse pelo link: <\/strong><a href=\"https:\/\/meet.google.com\/xyg-aiez-chc\">https:\/\/meet.google.com\/xyg-aiez-chc<\/a><\/p>\n\n\n\n<p>\ud83c\udf97\ufe0f Vamos conversar sobre preven\u00e7\u00e3o, autocuidado e caminhos poss\u00edveis para fortalecer a sa\u00fade dos homens em nossas comunidades.<\/p>\n\n\n\n<p>\ud83d\udce2 Convide homens, agentes de sa\u00fade, lideran\u00e7as e todos que queiram participar dessa roda de di\u00e1logo<\/p>\n","protected":false},"excerpt":{"rendered":"<p>No esp\u00edrito de cuidado e conscientiza\u00e7\u00e3o do Novembro Azul, te convidamos para mais uma edi\u00e7\u00e3o do Conex\u00e3o Apresenta! \ud83c\udf3f Um espa\u00e7o de di\u00e1logo, acolhimento e fortalecimento, promovido pela Rede Conex\u00e3o Povos da Floresta. \ud83d\udde3\ufe0f Tema: \u201cHomem que se Cuida Vive Mais: Vamos Conversar?\u201d\ud83d\udc68\ud83c\udffd\u200d\u2695 Com Adailton de Jesus Gomes Costa &#8211; Sanitarista. \ud83d\udcc5 Dia: 27 de [&hellip;]<\/p>\n","protected":false},"author":1,"featured_media":1676,"comment_status":"open","ping_status":"open","sticky":false,"template":"","format":"standard","meta":{"inline_featured_image":false,"footnotes":""},"categories":[11,19],"tags":[39,25],"class_list":["post-1674","post","type-post","status-publish","format-standard","has-post-thumbnail","hentry","category-noticias","category-saude-e-bem-viver","tag-conexao-povos-da-floresta","tag-saude"],"_links":{"self":[{"href":"https:\/\/solved.eco.br\/intranet\/wp-json\/wp\/v2\/posts\/1674","targetHints":{"allow":["GET"]}}],"collection":[{"href":"https:\/\/solved.eco.br\/intranet\/wp-json\/wp\/v2\/posts"}],"about":[{"href":"https:\/\/solved.eco.br\/intranet\/wp-json\/wp\/v2\/types\/post"}],"author":[{"embeddable":true,"href":"https:\/\/solved.eco.br\/intranet\/wp-json\/wp\/v2\/users\/1"}],"replies":[{"embeddable":true,"href":"https:\/\/solved.eco.br\/intranet\/wp-json\/wp\/v2\/comments?post=1674"}],"version-history":[{"count":1,"href":"https:\/\/solved.eco.br\/intranet\/wp-json\/wp\/v2\/posts\/1674\/revisions"}],"predecessor-version":[{"id":1677,"href":"https:\/\/solved.eco.br\/intranet\/wp-json\/wp\/v2\/posts\/1674\/revisions\/1677"}],"wp:featuredmedia":[{"embeddable":true,"href":"https:\/\/solved.eco.br\/intranet\/wp-json\/wp\/v2\/media\/1676"}],"wp:attachment":[{"href":"https:\/\/solved.eco.br\/intranet\/wp-json\/wp\/v2\/media?parent=1674"}],"wp:term":[{"taxonomy":"category","embeddable":true,"href":"https:\/\/solved.eco.br\/intranet\/wp-json\/wp\/v2\/categories?post=1674"},{"taxonomy":"post_tag","embeddable":true,"href":"https:\/\/solved.eco.br\/intranet\/wp-json\/wp\/v2\/tags?post=1674"}],"curies":[{"name":"wp","href":"https:\/\/api.w.org\/{rel}","templated":true}]}}