{"id":1678,"date":"2025-11-21T11:40:04","date_gmt":"2025-11-21T14:40:04","guid":{"rendered":"https:\/\/solved.eco.br\/intranet\/?p=1678"},"modified":"2025-12-04T11:42:04","modified_gmt":"2025-12-04T14:42:04","slug":"roda-de-conversa-depois-da-cop30-caminhos-da-floresta","status":"publish","type":"post","link":"https:\/\/solved.eco.br\/intranet\/roda-de-conversa-depois-da-cop30-caminhos-da-floresta\/","title":{"rendered":"Roda de Conversa\u2013 Depois da COP30: Caminhos da Floresta"},"content":{"rendered":"\n<figure class=\"wp-block-image size-large\"><img fetchpriority=\"high\" decoding=\"async\" width=\"819\" height=\"1024\" src=\"https:\/\/solved.eco.br\/intranet\/wp-content\/uploads\/2025\/12\/WhatsApp-Image-2025-12-04-at-10.52.47-819x1024.jpeg\" alt=\"\" class=\"wp-image-1679\" srcset=\"https:\/\/solved.eco.br\/intranet\/wp-content\/uploads\/2025\/12\/WhatsApp-Image-2025-12-04-at-10.52.47-819x1024.jpeg 819w, https:\/\/solved.eco.br\/intranet\/wp-content\/uploads\/2025\/12\/WhatsApp-Image-2025-12-04-at-10.52.47-240x300.jpeg 240w, https:\/\/solved.eco.br\/intranet\/wp-content\/uploads\/2025\/12\/WhatsApp-Image-2025-12-04-at-10.52.47-768x960.jpeg 768w, https:\/\/solved.eco.br\/intranet\/wp-content\/uploads\/2025\/12\/WhatsApp-Image-2025-12-04-at-10.52.47.jpeg 1080w\" sizes=\"(max-width: 819px) 100vw, 819px\" \/><\/figure>\n\n\n\n<p>Em sintonia com os aprendizados e reflex\u00f5es deixados pela COP30, te convidamos para uma roda de conversa especial!<\/p>\n\n\n\n<p>\ud83c\udf3f Um espa\u00e7o de escuta, troca e fortalecimento, promovido pela Rede Conex\u00e3o Povos da Floresta, para aproximar as discuss\u00f5es globais das realidades vividas nas comunidades tradicionais da Amaz\u00f4nia.<\/p>\n\n\n\n<p>\ud83d\udde3\ufe0f Tema: \u201cDepois da COP30: Caminhos da Floresta\u201d<br>\ud83d\udc68\ud83c\udffd\u200d\ud83d\udcbc Com media\u00e7\u00e3o de Caetano Scannavino<br>Projeto Sa\u00fade e Alegria.<\/p>\n\n\n\n<p>\ud83d\udcc5 Dia: 25 de novembro (ter\u00e7a-feira)<br>\ud83d\udd5a Hora: 11h (hor\u00e1rio de Bras\u00edlia)<br>\ud83d\udccd Acesse pelo link: https:\/\/bit.ly\/conexaodepoiscop30<\/p>\n\n\n\n<p>\ud83c\udf31 Vamos conversar sobre os resultados da COP30, os impactos para os povos da floresta e os caminhos poss\u00edveis para um futuro mais justo e sustent\u00e1vel.<\/p>\n\n\n\n<p>\ud83d\udce2 Convide comunit\u00e1rios, lideran\u00e7as, jovens, agentes de sa\u00fade e todos que queiram se somar a essa conversa fundamental para o presente e o futuro da Amaz\u00f4nia.<\/p>\n","protected":false},"excerpt":{"rendered":"<p>Em sintonia com os aprendizados e reflex\u00f5es deixados pela COP30, te convidamos para uma roda de conversa especial! \ud83c\udf3f Um espa\u00e7o de escuta, troca e fortalecimento, promovido pela Rede Conex\u00e3o Povos da Floresta, para aproximar as discuss\u00f5es globais das realidades vividas nas comunidades tradicionais da Amaz\u00f4nia. \ud83d\udde3\ufe0f Tema: \u201cDepois da COP30: Caminhos da Floresta\u201d\ud83d\udc68\ud83c\udffd\u200d\ud83d\udcbc Com [&hellip;]<\/p>\n","protected":false},"author":1,"featured_media":1680,"comment_status":"open","ping_status":"open","sticky":false,"template":"","format":"standard","meta":{"inline_featured_image":false,"footnotes":""},"categories":[15,11],"tags":[39],"class_list":["post-1678","post","type-post","status-publish","format-standard","has-post-thumbnail","hentry","category-educacao-e-formacao","category-noticias","tag-conexao-povos-da-floresta"],"_links":{"self":[{"href":"https:\/\/solved.eco.br\/intranet\/wp-json\/wp\/v2\/posts\/1678","targetHints":{"allow":["GET"]}}],"collection":[{"href":"https:\/\/solved.eco.br\/intranet\/wp-json\/wp\/v2\/posts"}],"about":[{"href":"https:\/\/solved.eco.br\/intranet\/wp-json\/wp\/v2\/types\/post"}],"author":[{"embeddable":true,"href":"https:\/\/solved.eco.br\/intranet\/wp-json\/wp\/v2\/users\/1"}],"replies":[{"embeddable":true,"href":"https:\/\/solved.eco.br\/intranet\/wp-json\/wp\/v2\/comments?post=1678"}],"version-history":[{"count":1,"href":"https:\/\/solved.eco.br\/intranet\/wp-json\/wp\/v2\/posts\/1678\/revisions"}],"predecessor-version":[{"id":1681,"href":"https:\/\/solved.eco.br\/intranet\/wp-json\/wp\/v2\/posts\/1678\/revisions\/1681"}],"wp:featuredmedia":[{"embeddable":true,"href":"https:\/\/solved.eco.br\/intranet\/wp-json\/wp\/v2\/media\/1680"}],"wp:attachment":[{"href":"https:\/\/solved.eco.br\/intranet\/wp-json\/wp\/v2\/media?parent=1678"}],"wp:term":[{"taxonomy":"category","embeddable":true,"href":"https:\/\/solved.eco.br\/intranet\/wp-json\/wp\/v2\/categories?post=1678"},{"taxonomy":"post_tag","embeddable":true,"href":"https:\/\/solved.eco.br\/intranet\/wp-json\/wp\/v2\/tags?post=1678"}],"curies":[{"name":"wp","href":"https:\/\/api.w.org\/{rel}","templated":true}]}}