{"id":1686,"date":"2025-12-04T11:49:05","date_gmt":"2025-12-04T14:49:05","guid":{"rendered":"https:\/\/solved.eco.br\/intranet\/?p=1686"},"modified":"2025-12-04T11:49:05","modified_gmt":"2025-12-04T14:49:05","slug":"edital-prospera-sociobio-saiba-mais","status":"publish","type":"post","link":"https:\/\/solved.eco.br\/intranet\/edital-prospera-sociobio-saiba-mais\/","title":{"rendered":"Edital Prospera SocioBio &#8211; Saiba mais!"},"content":{"rendered":"\n<figure class=\"wp-block-image size-large\"><img fetchpriority=\"high\" decoding=\"async\" width=\"819\" height=\"1024\" src=\"https:\/\/solved.eco.br\/intranet\/wp-content\/uploads\/2025\/12\/WhatsApp-Image-2025-12-04-at-11.46.25-819x1024.jpeg\" alt=\"\" class=\"wp-image-1687\" srcset=\"https:\/\/solved.eco.br\/intranet\/wp-content\/uploads\/2025\/12\/WhatsApp-Image-2025-12-04-at-11.46.25-819x1024.jpeg 819w, https:\/\/solved.eco.br\/intranet\/wp-content\/uploads\/2025\/12\/WhatsApp-Image-2025-12-04-at-11.46.25-240x300.jpeg 240w, https:\/\/solved.eco.br\/intranet\/wp-content\/uploads\/2025\/12\/WhatsApp-Image-2025-12-04-at-11.46.25-768x960.jpeg 768w, https:\/\/solved.eco.br\/intranet\/wp-content\/uploads\/2025\/12\/WhatsApp-Image-2025-12-04-at-11.46.25.jpeg 1024w\" sizes=\"(max-width: 819px) 100vw, 819px\" \/><\/figure>\n\n\n\n<p>O&nbsp;<strong>Projeto Conserva\u00e7\u00e3o Florestal na Amaz\u00f4nia Legal \u2013 Sociobioeconomia na Amaz\u00f4nia<\/strong>&nbsp;\u00e9 uma iniciativa fruto da parceria entre o Governo Federal do Brasil, por meio do Minist\u00e9rio do Meio Ambiente e Mudan\u00e7a do Clima (MMA), e o Governo da Alemanha, por meio do Minist\u00e9rio Federal de Coopera\u00e7\u00e3o e Desenvolvimento Econ\u00f4mico da Alemanha (BMZ), voltada \u00e0 implementa\u00e7\u00e3o da Estrat\u00e9gia Nacional de Bioeconomia (ENBio), que estabelece como diretriz o est\u00edmulo a atividades econ\u00f4micas sustent\u00e1veis que valorizem a biodiversidade e os servi\u00e7os ecossist\u00eamicos da floresta.<\/p>\n\n\n\n<p>A iniciativa piloto tem o objetivo de criar os seis primeiros N\u00facleos de Desenvolvimento da Sociobioeconomia na regi\u00e3o Amaz\u00f4nica para implementar territorialmente as a\u00e7\u00f5es do Programa Nacional de Sociobioeconomia \u2013 Prospera Sociobio.<\/p>\n\n\n\n<p>O projeto \u00e9 coordenado politicamente pelo Minist\u00e9rio do Meio Ambiente e Mudan\u00e7a do Clima (MMA), por meio da Secretaria Nacional de Bioeconomia (SBC), e implementada pela Funda\u00e7\u00e3o Amaz\u00f4nia Sustent\u00e1vel (FAS), com financiamento do Banco Alem\u00e3o de Desenvolvimento (KFW).<\/p>\n\n\n\n<p><strong><a href=\"https:\/\/fas-amazonia.org\/sociobio\/\">Acesse o site e participe<\/a><\/strong><\/p>\n","protected":false},"excerpt":{"rendered":"<p>O&nbsp;Projeto Conserva\u00e7\u00e3o Florestal na Amaz\u00f4nia Legal \u2013 Sociobioeconomia na Amaz\u00f4nia&nbsp;\u00e9 uma iniciativa fruto da parceria entre o Governo Federal do Brasil, por meio do Minist\u00e9rio do Meio Ambiente e Mudan\u00e7a do Clima (MMA), e o Governo da Alemanha, por meio do Minist\u00e9rio Federal de Coopera\u00e7\u00e3o e Desenvolvimento Econ\u00f4mico da Alemanha (BMZ), voltada \u00e0 implementa\u00e7\u00e3o da [&hellip;]<\/p>\n","protected":false},"author":1,"featured_media":1688,"comment_status":"open","ping_status":"open","sticky":false,"template":"","format":"standard","meta":{"inline_featured_image":false,"footnotes":""},"categories":[13,11],"tags":[39],"class_list":["post-1686","post","type-post","status-publish","format-standard","has-post-thumbnail","hentry","category-editais-e-oportunidades","category-noticias","tag-conexao-povos-da-floresta"],"_links":{"self":[{"href":"https:\/\/solved.eco.br\/intranet\/wp-json\/wp\/v2\/posts\/1686","targetHints":{"allow":["GET"]}}],"collection":[{"href":"https:\/\/solved.eco.br\/intranet\/wp-json\/wp\/v2\/posts"}],"about":[{"href":"https:\/\/solved.eco.br\/intranet\/wp-json\/wp\/v2\/types\/post"}],"author":[{"embeddable":true,"href":"https:\/\/solved.eco.br\/intranet\/wp-json\/wp\/v2\/users\/1"}],"replies":[{"embeddable":true,"href":"https:\/\/solved.eco.br\/intranet\/wp-json\/wp\/v2\/comments?post=1686"}],"version-history":[{"count":1,"href":"https:\/\/solved.eco.br\/intranet\/wp-json\/wp\/v2\/posts\/1686\/revisions"}],"predecessor-version":[{"id":1689,"href":"https:\/\/solved.eco.br\/intranet\/wp-json\/wp\/v2\/posts\/1686\/revisions\/1689"}],"wp:featuredmedia":[{"embeddable":true,"href":"https:\/\/solved.eco.br\/intranet\/wp-json\/wp\/v2\/media\/1688"}],"wp:attachment":[{"href":"https:\/\/solved.eco.br\/intranet\/wp-json\/wp\/v2\/media?parent=1686"}],"wp:term":[{"taxonomy":"category","embeddable":true,"href":"https:\/\/solved.eco.br\/intranet\/wp-json\/wp\/v2\/categories?post=1686"},{"taxonomy":"post_tag","embeddable":true,"href":"https:\/\/solved.eco.br\/intranet\/wp-json\/wp\/v2\/tags?post=1686"}],"curies":[{"name":"wp","href":"https:\/\/api.w.org\/{rel}","templated":true}]}}