{"id":1705,"date":"2025-12-12T09:13:14","date_gmt":"2025-12-12T12:13:14","guid":{"rendered":"https:\/\/solved.eco.br\/intranet\/?p=1705"},"modified":"2025-12-12T09:13:14","modified_gmt":"2025-12-12T12:13:14","slug":"participe-da-iii-jornada-virtual-de-empreendedorismo","status":"publish","type":"post","link":"https:\/\/solved.eco.br\/intranet\/participe-da-iii-jornada-virtual-de-empreendedorismo\/","title":{"rendered":"Participe da III Jornada Virtual de Empreendedorismo"},"content":{"rendered":"\n<figure class=\"wp-block-image size-large\"><img fetchpriority=\"high\" decoding=\"async\" width=\"819\" height=\"1024\" src=\"https:\/\/solved.eco.br\/intranet\/wp-content\/uploads\/2025\/12\/Card-2-_-Terceira-Jornada-de-Empreendedorismo-Dezembro-2025-819x1024.jpg\" alt=\"\" class=\"wp-image-1706\" srcset=\"https:\/\/solved.eco.br\/intranet\/wp-content\/uploads\/2025\/12\/Card-2-_-Terceira-Jornada-de-Empreendedorismo-Dezembro-2025-819x1024.jpg 819w, https:\/\/solved.eco.br\/intranet\/wp-content\/uploads\/2025\/12\/Card-2-_-Terceira-Jornada-de-Empreendedorismo-Dezembro-2025-240x300.jpg 240w, https:\/\/solved.eco.br\/intranet\/wp-content\/uploads\/2025\/12\/Card-2-_-Terceira-Jornada-de-Empreendedorismo-Dezembro-2025-768x960.jpg 768w, https:\/\/solved.eco.br\/intranet\/wp-content\/uploads\/2025\/12\/Card-2-_-Terceira-Jornada-de-Empreendedorismo-Dezembro-2025.jpg 1080w\" sizes=\"(max-width: 819px) 100vw, 819px\" \/><\/figure>\n\n\n\n<p>Vem a\u00ed a<strong> 3\u00aa Jornada Virtual de Empreendedorismo<\/strong> \u2014 uma sequ\u00eancia de encontros pensada para quem quer empreender com produtos da floresta e fortalecer iniciativas comunit\u00e1rias! \ud83c\udf3f\ud83d\udcbc<\/p>\n\n\n\n<p>\u2728<strong> 3\u00aa Jornada Virtual de Empreendedorismo<\/strong><br>\ud83d\udc65 Com especialistas em neg\u00f3cios da sociobiodiversidade<\/p>\n\n\n\n<p>\ud83d\udcc5<strong> NOVAS DATAS:<\/strong><\/p>\n\n\n\n<ul class=\"wp-block-list\">\n<li>15 de dezembro<\/li>\n\n\n\n<li>16 de dezembro<\/li>\n\n\n\n<li>17 de dezembro<\/li>\n<\/ul>\n\n\n\n<p>\ud83d\udd53 <em>ATEN\u00c7\u00c3O: os hor\u00e1rios da Jornada foram atualizados!<\/em><br>Agora ser\u00e1 sempre das 16h \u00e0s 18h (hor\u00e1rio de Bras\u00edlia).<\/p>\n\n\n\n<p>\ud83d\udccd<em> Online<\/em> \u2014 O link de acesso ser\u00e1 enviado nos grupos de facilitadores.<\/p>\n\n\n\n<p>\ud83d\udc49 <strong>INSCRI\u00c7\u00d5ES AQUI:<\/strong><a href=\" https:\/\/bit.ly\/3jornadaempreendedorismo\"> https:\/\/bit.ly\/3jornadaempreendedorismo<\/a><\/p>\n\n\n\n<p>Ser\u00e3o 3 encontros virtuais, de at\u00e9 2h cada, com conte\u00fados pr\u00e1ticos para apoiar a cria\u00e7\u00e3o, organiza\u00e7\u00e3o e fortalecimento de neg\u00f3cios sustent\u00e1veis nos territ\u00f3rios.<\/p>\n\n\n\n<p>\ud83c\udf31\ud83d\udcbb<strong> Participe e fortale\u00e7a o empreendedorismo sustent\u00e1vel nas comunidades da floresta!<\/strong><\/p>\n\n\n\n<p><\/p>\n","protected":false},"excerpt":{"rendered":"<p>Vem a\u00ed a 3\u00aa Jornada Virtual de Empreendedorismo \u2014 uma sequ\u00eancia de encontros pensada para quem quer empreender com produtos da floresta e fortalecer iniciativas comunit\u00e1rias! \ud83c\udf3f\ud83d\udcbc \u2728 3\u00aa Jornada Virtual de Empreendedorismo\ud83d\udc65 Com especialistas em neg\u00f3cios da sociobiodiversidade \ud83d\udcc5 NOVAS DATAS: \ud83d\udd53 ATEN\u00c7\u00c3O: os hor\u00e1rios da Jornada foram atualizados!Agora ser\u00e1 sempre das 16h \u00e0s [&hellip;]<\/p>\n","protected":false},"author":1,"featured_media":1707,"comment_status":"open","ping_status":"open","sticky":false,"template":"","format":"standard","meta":{"inline_featured_image":false,"footnotes":""},"categories":[15,11],"tags":[39],"class_list":["post-1705","post","type-post","status-publish","format-standard","has-post-thumbnail","hentry","category-educacao-e-formacao","category-noticias","tag-conexao-povos-da-floresta"],"_links":{"self":[{"href":"https:\/\/solved.eco.br\/intranet\/wp-json\/wp\/v2\/posts\/1705","targetHints":{"allow":["GET"]}}],"collection":[{"href":"https:\/\/solved.eco.br\/intranet\/wp-json\/wp\/v2\/posts"}],"about":[{"href":"https:\/\/solved.eco.br\/intranet\/wp-json\/wp\/v2\/types\/post"}],"author":[{"embeddable":true,"href":"https:\/\/solved.eco.br\/intranet\/wp-json\/wp\/v2\/users\/1"}],"replies":[{"embeddable":true,"href":"https:\/\/solved.eco.br\/intranet\/wp-json\/wp\/v2\/comments?post=1705"}],"version-history":[{"count":1,"href":"https:\/\/solved.eco.br\/intranet\/wp-json\/wp\/v2\/posts\/1705\/revisions"}],"predecessor-version":[{"id":1708,"href":"https:\/\/solved.eco.br\/intranet\/wp-json\/wp\/v2\/posts\/1705\/revisions\/1708"}],"wp:featuredmedia":[{"embeddable":true,"href":"https:\/\/solved.eco.br\/intranet\/wp-json\/wp\/v2\/media\/1707"}],"wp:attachment":[{"href":"https:\/\/solved.eco.br\/intranet\/wp-json\/wp\/v2\/media?parent=1705"}],"wp:term":[{"taxonomy":"category","embeddable":true,"href":"https:\/\/solved.eco.br\/intranet\/wp-json\/wp\/v2\/categories?post=1705"},{"taxonomy":"post_tag","embeddable":true,"href":"https:\/\/solved.eco.br\/intranet\/wp-json\/wp\/v2\/tags?post=1705"}],"curies":[{"name":"wp","href":"https:\/\/api.w.org\/{rel}","templated":true}]}}