{"id":1709,"date":"2025-12-08T09:13:33","date_gmt":"2025-12-08T12:13:33","guid":{"rendered":"https:\/\/solved.eco.br\/intranet\/?p=1709"},"modified":"2025-12-12T09:24:37","modified_gmt":"2025-12-12T12:24:37","slug":"rede-conexao-povos-da-floresta-realiza-a-1a-edicao-do-curso-agentes-comunitarios-de-energia-no-para","status":"publish","type":"post","link":"https:\/\/solved.eco.br\/intranet\/rede-conexao-povos-da-floresta-realiza-a-1a-edicao-do-curso-agentes-comunitarios-de-energia-no-para\/","title":{"rendered":"Rede Conex\u00e3o Povos da Floresta realiza a 1\u00aa edi\u00e7\u00e3o do curso \u201cAgentes Comunit\u00e1rios de Energia\u201d no Par\u00e1"},"content":{"rendered":"\n<figure class=\"wp-block-image size-full\"><img fetchpriority=\"high\" decoding=\"async\" width=\"768\" height=\"398\" src=\"https:\/\/solved.eco.br\/intranet\/wp-content\/uploads\/2025\/12\/0a07fd0f-5b14-45dc-be33-cc84599db782.jpeg\" alt=\"\" class=\"wp-image-1710\" srcset=\"https:\/\/solved.eco.br\/intranet\/wp-content\/uploads\/2025\/12\/0a07fd0f-5b14-45dc-be33-cc84599db782.jpeg 768w, https:\/\/solved.eco.br\/intranet\/wp-content\/uploads\/2025\/12\/0a07fd0f-5b14-45dc-be33-cc84599db782-300x155.jpeg 300w\" sizes=\"(max-width: 768px) 100vw, 768px\" \/><\/figure>\n\n\n\n<p>A <strong>Rede Conex\u00e3o Povos da Floresta<\/strong> conduziu, entre 1\u00ba e 5 de dezembro, a fase presencial da <strong>1\u00aa Forma\u00e7\u00e3o de Agentes Comunit\u00e1rios de Energia<\/strong>, realizada no Centro Experimental Floresta Ativa (Cefa), na comunidade Car\u00e3o, no Par\u00e1 (PA), dentro da Reserva Extrativista (Resex) Tapaj\u00f3s-Arapiuns. A iniciativa integra um conjunto de a\u00e7\u00f5es voltadas ao fortalecimento de solu\u00e7\u00f5es comunit\u00e1rias de acesso \u00e0 energia limpa e segura em regi\u00f5es remotas da Amaz\u00f4nia Legal.<\/p>\n\n\n\n<p>O curso \u00e9 promovido pela Rede Conex\u00e3o Povos da Floresta em parceria com o Projeto Sa\u00fade e Alegria (PSA), o Instituto de Energia e Meio Ambiente (IEMA) e o WWF-Brasil. Seu objetivo \u00e9 capacitar moradores para atuar na gest\u00e3o, manuten\u00e7\u00e3o e uso sustent\u00e1vel de sistemas de energia solar em comunidades amaz\u00f4nicas. Nesta edi\u00e7\u00e3o, 15 comunit\u00e1rios \u2014 ind\u00edgenas, quilombolas, extrativistas e ribeirinhos \u2014 de diferentes territ\u00f3rios participaram da forma\u00e7\u00e3o.<\/p>\n\n\n\n<p>A jornada formativa combinou atividades de <strong>Educa\u00e7\u00e3o a Dist\u00e2ncia (EaD)<\/strong> e uma etapa <strong>presencial pr\u00e1tica<\/strong>. O m\u00f3dulo online, iniciado em outubro, tratou de temas como universaliza\u00e7\u00e3o da energia na Amaz\u00f4nia, direitos dos consumidores, fundamentos de eletricidade, efici\u00eancia energ\u00e9tica e conceitos b\u00e1sicos de sistemas fotovoltaicos off-grid. Na etapa presencial, os participantes puderam aprofundar o conte\u00fado por meio de exerc\u00edcios pr\u00e1ticos, incluindo montagem de circuitos, instala\u00e7\u00e3o e dimensionamento de sistemas solares off-grid, leitura de carga e orienta\u00e7\u00f5es de seguran\u00e7a.<\/p>\n\n\n\n<p>A forma\u00e7\u00e3o tamb\u00e9m contou com contribui\u00e7\u00f5es de institui\u00e7\u00f5es convidadas, entre elas a <strong>ANEEL<\/strong>, que apresentou panorama sobre o setor el\u00e9trico e aspectos de regula\u00e7\u00e3o e fiscaliza\u00e7\u00e3o do fornecimento de energia. Representantes da Energisa, da Amazonas Energia, do ICMBio e do Senai\/RN tamb\u00e9m participaram como convidados.<\/p>\n\n\n\n<p>Durante a programa\u00e7\u00e3o, foi realizada uma reuni\u00e3o com lideran\u00e7as da Resex Tapaj\u00f3s-Arapiuns para identificar demandas locais relacionadas ao servi\u00e7o de energia. As solicita\u00e7\u00f5es registradas ser\u00e3o encaminhadas \u00e0s institui\u00e7\u00f5es respons\u00e1veis.<\/p>\n\n\n\n<p>Ao centrar o processo formativo nas viv\u00eancias e conhecimentos das comunidades, a Rede Conex\u00e3o Povos da Floresta refor\u00e7a o compromisso de construir solu\u00e7\u00f5es energ\u00e9ticas seguras, sustent\u00e1veis e culturalmente adequadas, fortalecendo a autonomia dos povos tradicionais da Amaz\u00f4nia e contribuindo para o avan\u00e7o de iniciativas como o Projeto Energias da Floresta.<\/p>\n\n\n\n<p>Fonte: <a href=\"https:\/\/www.gov.br\/aneel\/pt-br\/assuntos\/noticias\/2025\/aneel-participa-de-turma-piloto-do-curso-201cagentes-comunitarios-de-energia201d-no-para\">ANEEL<\/a><\/p>\n\n\n\n<p><\/p>\n","protected":false},"excerpt":{"rendered":"<p>A Rede Conex\u00e3o Povos da Floresta conduziu, entre 1\u00ba e 5 de dezembro, a fase presencial da 1\u00aa Forma\u00e7\u00e3o de Agentes Comunit\u00e1rios de Energia, realizada no Centro Experimental Floresta Ativa (Cefa), na comunidade Car\u00e3o, no Par\u00e1 (PA), dentro da Reserva Extrativista (Resex) Tapaj\u00f3s-Arapiuns. A iniciativa integra um conjunto de a\u00e7\u00f5es voltadas ao fortalecimento de solu\u00e7\u00f5es [&hellip;]<\/p>\n","protected":false},"author":1,"featured_media":1711,"comment_status":"open","ping_status":"open","sticky":false,"template":"","format":"standard","meta":{"inline_featured_image":false,"footnotes":""},"categories":[15,11],"tags":[39],"class_list":["post-1709","post","type-post","status-publish","format-standard","has-post-thumbnail","hentry","category-educacao-e-formacao","category-noticias","tag-conexao-povos-da-floresta"],"_links":{"self":[{"href":"https:\/\/solved.eco.br\/intranet\/wp-json\/wp\/v2\/posts\/1709","targetHints":{"allow":["GET"]}}],"collection":[{"href":"https:\/\/solved.eco.br\/intranet\/wp-json\/wp\/v2\/posts"}],"about":[{"href":"https:\/\/solved.eco.br\/intranet\/wp-json\/wp\/v2\/types\/post"}],"author":[{"embeddable":true,"href":"https:\/\/solved.eco.br\/intranet\/wp-json\/wp\/v2\/users\/1"}],"replies":[{"embeddable":true,"href":"https:\/\/solved.eco.br\/intranet\/wp-json\/wp\/v2\/comments?post=1709"}],"version-history":[{"count":3,"href":"https:\/\/solved.eco.br\/intranet\/wp-json\/wp\/v2\/posts\/1709\/revisions"}],"predecessor-version":[{"id":1714,"href":"https:\/\/solved.eco.br\/intranet\/wp-json\/wp\/v2\/posts\/1709\/revisions\/1714"}],"wp:featuredmedia":[{"embeddable":true,"href":"https:\/\/solved.eco.br\/intranet\/wp-json\/wp\/v2\/media\/1711"}],"wp:attachment":[{"href":"https:\/\/solved.eco.br\/intranet\/wp-json\/wp\/v2\/media?parent=1709"}],"wp:term":[{"taxonomy":"category","embeddable":true,"href":"https:\/\/solved.eco.br\/intranet\/wp-json\/wp\/v2\/categories?post=1709"},{"taxonomy":"post_tag","embeddable":true,"href":"https:\/\/solved.eco.br\/intranet\/wp-json\/wp\/v2\/tags?post=1709"}],"curies":[{"name":"wp","href":"https:\/\/api.w.org\/{rel}","templated":true}]}}