{"id":1724,"date":"2025-12-12T10:43:12","date_gmt":"2025-12-12T13:43:12","guid":{"rendered":"https:\/\/solved.eco.br\/intranet\/?p=1724"},"modified":"2025-12-12T10:43:12","modified_gmt":"2025-12-12T13:43:12","slug":"treinamento-mobilizadores-de-saude-19-12","status":"publish","type":"post","link":"https:\/\/solved.eco.br\/intranet\/treinamento-mobilizadores-de-saude-19-12\/","title":{"rendered":"Treinamento &#8211; Mobilizadores de Sa\u00fade &#8211; 19\/12"},"content":{"rendered":"\n<figure class=\"wp-block-image size-large\"><img fetchpriority=\"high\" decoding=\"async\" width=\"819\" height=\"1024\" src=\"https:\/\/solved.eco.br\/intranet\/wp-content\/uploads\/2025\/12\/Card-_-Treinamento-Mobilizadores-de-Saude-Dezembro-2025-819x1024.jpg\" alt=\"\" class=\"wp-image-1725\" srcset=\"https:\/\/solved.eco.br\/intranet\/wp-content\/uploads\/2025\/12\/Card-_-Treinamento-Mobilizadores-de-Saude-Dezembro-2025-819x1024.jpg 819w, https:\/\/solved.eco.br\/intranet\/wp-content\/uploads\/2025\/12\/Card-_-Treinamento-Mobilizadores-de-Saude-Dezembro-2025-240x300.jpg 240w, https:\/\/solved.eco.br\/intranet\/wp-content\/uploads\/2025\/12\/Card-_-Treinamento-Mobilizadores-de-Saude-Dezembro-2025-768x960.jpg 768w, https:\/\/solved.eco.br\/intranet\/wp-content\/uploads\/2025\/12\/Card-_-Treinamento-Mobilizadores-de-Saude-Dezembro-2025.jpg 1080w\" sizes=\"(max-width: 819px) 100vw, 819px\" \/><\/figure>\n\n\n\n<p>\ud83c\udf3f <strong>Voc\u00ea come\u00e7ou a atuar como mobilizador de sa\u00fade na Rede Conex\u00e3o Povos da Floresta?<\/strong><\/p>\n\n\n\n<p>Ent\u00e3o este convite \u00e9 pra voc\u00ea!<\/p>\n\n\n\n<p>\ud83d\udcc5 No dia <strong>19 de dezembro (sexta-feira)<\/strong>, <strong>\u00e0s 17h (hor\u00e1rio de Bras\u00edlia) <\/strong>teremos um treinamento especial para os novos mobilizadores de sa\u00fade!<\/p>\n\n\n\n<p>Durante o encontro, nossa equipe vai apresentar:<\/p>\n\n\n\n<p><strong>\ud83d\udc63 Os primeiros passos do papel do mobilizador<br>\ud83d\udcf2 Como orientar o uso do aplicativo Conex\u00e3o Sa\u00fade<br>\ud83e\udd1d Como apoiar as comunidades no acesso aos servi\u00e7os<br>\ud83d\ude4b\ud83c\udffd E teremos um espa\u00e7o aberto para tirar d\u00favidas ao vivo!<\/strong><\/p>\n\n\n\n<p>\u2728 P\u00fablico: Novos mobilizadores de sa\u00fade vinculados \u00e0 Rede Conex\u00e3o Povos da Floresta.<\/p>\n\n\n\n<p>Venha se preparar para fortalecer o cuidado nas comunidades! \ud83c\udf1f<\/p>\n\n\n\n<p><strong>\ud83d\udccc N\u00e3o fique de fora! Em breve vamos divulgar o link no grupo de Mobilizadores de Sa\u00fade da rede<\/strong><\/p>\n\n\n\n<p><\/p>\n","protected":false},"excerpt":{"rendered":"<p>\ud83c\udf3f Voc\u00ea come\u00e7ou a atuar como mobilizador de sa\u00fade na Rede Conex\u00e3o Povos da Floresta? Ent\u00e3o este convite \u00e9 pra voc\u00ea! \ud83d\udcc5 No dia 19 de dezembro (sexta-feira), \u00e0s 17h (hor\u00e1rio de Bras\u00edlia) teremos um treinamento especial para os novos mobilizadores de sa\u00fade! Durante o encontro, nossa equipe vai apresentar: \ud83d\udc63 Os primeiros passos do [&hellip;]<\/p>\n","protected":false},"author":1,"featured_media":1726,"comment_status":"open","ping_status":"open","sticky":false,"template":"","format":"standard","meta":{"inline_featured_image":false,"footnotes":""},"categories":[11,19],"tags":[],"class_list":["post-1724","post","type-post","status-publish","format-standard","has-post-thumbnail","hentry","category-noticias","category-saude-e-bem-viver"],"_links":{"self":[{"href":"https:\/\/solved.eco.br\/intranet\/wp-json\/wp\/v2\/posts\/1724","targetHints":{"allow":["GET"]}}],"collection":[{"href":"https:\/\/solved.eco.br\/intranet\/wp-json\/wp\/v2\/posts"}],"about":[{"href":"https:\/\/solved.eco.br\/intranet\/wp-json\/wp\/v2\/types\/post"}],"author":[{"embeddable":true,"href":"https:\/\/solved.eco.br\/intranet\/wp-json\/wp\/v2\/users\/1"}],"replies":[{"embeddable":true,"href":"https:\/\/solved.eco.br\/intranet\/wp-json\/wp\/v2\/comments?post=1724"}],"version-history":[{"count":1,"href":"https:\/\/solved.eco.br\/intranet\/wp-json\/wp\/v2\/posts\/1724\/revisions"}],"predecessor-version":[{"id":1727,"href":"https:\/\/solved.eco.br\/intranet\/wp-json\/wp\/v2\/posts\/1724\/revisions\/1727"}],"wp:featuredmedia":[{"embeddable":true,"href":"https:\/\/solved.eco.br\/intranet\/wp-json\/wp\/v2\/media\/1726"}],"wp:attachment":[{"href":"https:\/\/solved.eco.br\/intranet\/wp-json\/wp\/v2\/media?parent=1724"}],"wp:term":[{"taxonomy":"category","embeddable":true,"href":"https:\/\/solved.eco.br\/intranet\/wp-json\/wp\/v2\/categories?post=1724"},{"taxonomy":"post_tag","embeddable":true,"href":"https:\/\/solved.eco.br\/intranet\/wp-json\/wp\/v2\/tags?post=1724"}],"curies":[{"name":"wp","href":"https:\/\/api.w.org\/{rel}","templated":true}]}}