{"id":1729,"date":"2026-01-22T15:11:52","date_gmt":"2026-01-22T18:11:52","guid":{"rendered":"https:\/\/solved.eco.br\/intranet\/?p=1729"},"modified":"2026-01-22T15:11:52","modified_gmt":"2026-01-22T18:11:52","slug":"treinamento-mobilizadores-de-saude-27-01","status":"publish","type":"post","link":"https:\/\/solved.eco.br\/intranet\/treinamento-mobilizadores-de-saude-27-01\/","title":{"rendered":"Treinamento &#8211; Mobilizadores de Sa\u00fade &#8211; 27\/01"},"content":{"rendered":"\n<p>\ud83c\udf3f<strong> Voc\u00ea come\u00e7ou a atuar como mobilizador de sa\u00fade na Rede Conex\u00e3o Povos da Floresta?<\/strong><\/p>\n\n\n\n<figure class=\"wp-block-image size-large\"><img fetchpriority=\"high\" decoding=\"async\" width=\"819\" height=\"1024\" src=\"https:\/\/solved.eco.br\/intranet\/wp-content\/uploads\/2026\/01\/Card-Treinamento_Mobilizadores-de-Saude-27.01.26-819x1024.jpg\" alt=\"\" class=\"wp-image-1730\" srcset=\"https:\/\/solved.eco.br\/intranet\/wp-content\/uploads\/2026\/01\/Card-Treinamento_Mobilizadores-de-Saude-27.01.26-819x1024.jpg 819w, https:\/\/solved.eco.br\/intranet\/wp-content\/uploads\/2026\/01\/Card-Treinamento_Mobilizadores-de-Saude-27.01.26-240x300.jpg 240w, https:\/\/solved.eco.br\/intranet\/wp-content\/uploads\/2026\/01\/Card-Treinamento_Mobilizadores-de-Saude-27.01.26-768x960.jpg 768w, https:\/\/solved.eco.br\/intranet\/wp-content\/uploads\/2026\/01\/Card-Treinamento_Mobilizadores-de-Saude-27.01.26.jpg 1080w\" sizes=\"(max-width: 819px) 100vw, 819px\" \/><\/figure>\n\n\n\n<p>Ent\u00e3o este convite \u00e9 pra voc\u00ea! \ud83d\udc99<\/p>\n\n\n\n<p>\ud83d\udcc5 Na ter\u00e7a-feira, dia 27 de janeiro, teremos um treinamento especial para os novos mobilizadores de sa\u00fade, pensado para apoiar seus primeiros passos e fortalecer sua atua\u00e7\u00e3o nos territ\u00f3rios.<\/p>\n\n\n\n<p>\u23f0 <strong>Hor\u00e1rios:<\/strong><br>\ud83d\udd55 18h \u2013 Bras\u00edlia<br>\ud83d\udd54 17h \u2013 Amazonas<br>\ud83d\udd53 16h \u2013 Acre<\/p>\n\n\n\n<p>Durante o encontro, nossa equipe vai apresentar:<\/p>\n\n\n\n<p>\ud83d\udc63 Os primeiros passos do papel do mobilizador<br>\ud83d\udcf2 Como orientar o uso do aplicativo Conex\u00e3o Sa\u00fade<br>\ud83e\udd1d Como apoiar as comunidades no acesso aos servi\u00e7os<br>\ud83d\ude4b\ud83c\udffd E um espa\u00e7o aberto para tirar d\u00favidas ao vivo!<\/p>\n\n\n\n<p>\u2728 P\u00fablico: Novos mobilizadores de sa\u00fade vinculados \u00e0 Rede Conex\u00e3o Povos da Floresta.<\/p>\n\n\n\n<p>Venha se preparar para fortalecer o cuidado nas comunidades! \ud83c\udf1f<\/p>\n\n\n\n<p>\ud83d\udccc N\u00e3o fique de fora! Em breve vamos divulgar o link por aqui.<\/p>\n\n\n\n<p><\/p>\n","protected":false},"excerpt":{"rendered":"<p>\ud83c\udf3f Voc\u00ea come\u00e7ou a atuar como mobilizador de sa\u00fade na Rede Conex\u00e3o Povos da Floresta? Ent\u00e3o este convite \u00e9 pra voc\u00ea! \ud83d\udc99 \ud83d\udcc5 Na ter\u00e7a-feira, dia 27 de janeiro, teremos um treinamento especial para os novos mobilizadores de sa\u00fade, pensado para apoiar seus primeiros passos e fortalecer sua atua\u00e7\u00e3o nos territ\u00f3rios. \u23f0 Hor\u00e1rios:\ud83d\udd55 18h \u2013 [&hellip;]<\/p>\n","protected":false},"author":1,"featured_media":1731,"comment_status":"open","ping_status":"open","sticky":false,"template":"","format":"standard","meta":{"inline_featured_image":false,"footnotes":""},"categories":[15,11,19],"tags":[39,25],"class_list":["post-1729","post","type-post","status-publish","format-standard","has-post-thumbnail","hentry","category-educacao-e-formacao","category-noticias","category-saude-e-bem-viver","tag-conexao-povos-da-floresta","tag-saude"],"_links":{"self":[{"href":"https:\/\/solved.eco.br\/intranet\/wp-json\/wp\/v2\/posts\/1729","targetHints":{"allow":["GET"]}}],"collection":[{"href":"https:\/\/solved.eco.br\/intranet\/wp-json\/wp\/v2\/posts"}],"about":[{"href":"https:\/\/solved.eco.br\/intranet\/wp-json\/wp\/v2\/types\/post"}],"author":[{"embeddable":true,"href":"https:\/\/solved.eco.br\/intranet\/wp-json\/wp\/v2\/users\/1"}],"replies":[{"embeddable":true,"href":"https:\/\/solved.eco.br\/intranet\/wp-json\/wp\/v2\/comments?post=1729"}],"version-history":[{"count":1,"href":"https:\/\/solved.eco.br\/intranet\/wp-json\/wp\/v2\/posts\/1729\/revisions"}],"predecessor-version":[{"id":1732,"href":"https:\/\/solved.eco.br\/intranet\/wp-json\/wp\/v2\/posts\/1729\/revisions\/1732"}],"wp:featuredmedia":[{"embeddable":true,"href":"https:\/\/solved.eco.br\/intranet\/wp-json\/wp\/v2\/media\/1731"}],"wp:attachment":[{"href":"https:\/\/solved.eco.br\/intranet\/wp-json\/wp\/v2\/media?parent=1729"}],"wp:term":[{"taxonomy":"category","embeddable":true,"href":"https:\/\/solved.eco.br\/intranet\/wp-json\/wp\/v2\/categories?post=1729"},{"taxonomy":"post_tag","embeddable":true,"href":"https:\/\/solved.eco.br\/intranet\/wp-json\/wp\/v2\/tags?post=1729"}],"curies":[{"name":"wp","href":"https:\/\/api.w.org\/{rel}","templated":true}]}}