{"id":1733,"date":"2026-01-22T15:13:59","date_gmt":"2026-01-22T18:13:59","guid":{"rendered":"https:\/\/solved.eco.br\/intranet\/?p=1733"},"modified":"2026-01-22T15:13:59","modified_gmt":"2026-01-22T18:13:59","slug":"tira-duvidas-conexao-saude-29-01","status":"publish","type":"post","link":"https:\/\/solved.eco.br\/intranet\/tira-duvidas-conexao-saude-29-01\/","title":{"rendered":"Tira-D\u00favidas &#8211; Conex\u00e3o Sa\u00fade &#8211; 29.01"},"content":{"rendered":"\n<figure class=\"wp-block-image size-large\"><img fetchpriority=\"high\" decoding=\"async\" width=\"819\" height=\"1024\" src=\"https:\/\/solved.eco.br\/intranet\/wp-content\/uploads\/2026\/01\/Card-Tira-Duvidas_Conexao-Saude-29.01.26-819x1024.jpg\" alt=\"\" class=\"wp-image-1734\" srcset=\"https:\/\/solved.eco.br\/intranet\/wp-content\/uploads\/2026\/01\/Card-Tira-Duvidas_Conexao-Saude-29.01.26-819x1024.jpg 819w, https:\/\/solved.eco.br\/intranet\/wp-content\/uploads\/2026\/01\/Card-Tira-Duvidas_Conexao-Saude-29.01.26-240x300.jpg 240w, https:\/\/solved.eco.br\/intranet\/wp-content\/uploads\/2026\/01\/Card-Tira-Duvidas_Conexao-Saude-29.01.26-768x960.jpg 768w, https:\/\/solved.eco.br\/intranet\/wp-content\/uploads\/2026\/01\/Card-Tira-Duvidas_Conexao-Saude-29.01.26.jpg 1080w\" sizes=\"(max-width: 819px) 100vw, 819px\" \/><\/figure>\n\n\n\n<p>\ud83c\udf1f <strong>Voc\u00ea tem d\u00favidas sobre como usar o aplicativo Conex\u00e3o Sa\u00fade?<\/strong><\/p>\n\n\n\n<p>Ent\u00e3o se prepare! \ud83d\udc99 No pr\u00f3ximo dia 29 de janeiro (quinta-feira), teremos um encontro virtual especial de Tira D\u00favidas com a nossa equipe de Sa\u00fade, pensado para apoiar voc\u00ea no uso do aplicativo no dia a dia.<\/p>\n\n\n\n<p>\u23f0<strong> Hor\u00e1rios:<\/strong><br>\ud83d\udd55 18h \u2013 Bras\u00edlia<br>\ud83d\udd54 17h \u2013 Amazonas<br>\ud83d\udd53 16h \u2013 Acre<\/p>\n\n\n\n<p>Vamos explicar passo a passo como:<br>\ud83d\udcf2 Marcar consultas<br>\ud83d\udcd1 Acompanhar exames<br>\ud83d\ude4b\ud83c\udffd\u200d\u2640\ufe0f E responder \u00e0s suas perguntas ao vivo!<\/p>\n\n\n\n<p>\u2728 P\u00fablico: Mobilizadores de sa\u00fade e pessoas usu\u00e1rias do aplicativo Conex\u00e3o Sa\u00fade da Rede Conex\u00e3o Povos da Floresta.<\/p>\n\n\n\n<p>\ud83d\udccc N\u00e3o fique de fora! Em breve vamos divulgar o link por aqui.<\/p>\n\n\n\n<p><\/p>\n","protected":false},"excerpt":{"rendered":"<p>\ud83c\udf1f Voc\u00ea tem d\u00favidas sobre como usar o aplicativo Conex\u00e3o Sa\u00fade? Ent\u00e3o se prepare! \ud83d\udc99 No pr\u00f3ximo dia 29 de janeiro (quinta-feira), teremos um encontro virtual especial de Tira D\u00favidas com a nossa equipe de Sa\u00fade, pensado para apoiar voc\u00ea no uso do aplicativo no dia a dia. \u23f0 Hor\u00e1rios:\ud83d\udd55 18h \u2013 Bras\u00edlia\ud83d\udd54 17h \u2013 [&hellip;]<\/p>\n","protected":false},"author":1,"featured_media":1735,"comment_status":"open","ping_status":"open","sticky":false,"template":"","format":"standard","meta":{"inline_featured_image":false,"footnotes":""},"categories":[11,19],"tags":[39,25],"class_list":["post-1733","post","type-post","status-publish","format-standard","has-post-thumbnail","hentry","category-noticias","category-saude-e-bem-viver","tag-conexao-povos-da-floresta","tag-saude"],"_links":{"self":[{"href":"https:\/\/solved.eco.br\/intranet\/wp-json\/wp\/v2\/posts\/1733","targetHints":{"allow":["GET"]}}],"collection":[{"href":"https:\/\/solved.eco.br\/intranet\/wp-json\/wp\/v2\/posts"}],"about":[{"href":"https:\/\/solved.eco.br\/intranet\/wp-json\/wp\/v2\/types\/post"}],"author":[{"embeddable":true,"href":"https:\/\/solved.eco.br\/intranet\/wp-json\/wp\/v2\/users\/1"}],"replies":[{"embeddable":true,"href":"https:\/\/solved.eco.br\/intranet\/wp-json\/wp\/v2\/comments?post=1733"}],"version-history":[{"count":1,"href":"https:\/\/solved.eco.br\/intranet\/wp-json\/wp\/v2\/posts\/1733\/revisions"}],"predecessor-version":[{"id":1736,"href":"https:\/\/solved.eco.br\/intranet\/wp-json\/wp\/v2\/posts\/1733\/revisions\/1736"}],"wp:featuredmedia":[{"embeddable":true,"href":"https:\/\/solved.eco.br\/intranet\/wp-json\/wp\/v2\/media\/1735"}],"wp:attachment":[{"href":"https:\/\/solved.eco.br\/intranet\/wp-json\/wp\/v2\/media?parent=1733"}],"wp:term":[{"taxonomy":"category","embeddable":true,"href":"https:\/\/solved.eco.br\/intranet\/wp-json\/wp\/v2\/categories?post=1733"},{"taxonomy":"post_tag","embeddable":true,"href":"https:\/\/solved.eco.br\/intranet\/wp-json\/wp\/v2\/tags?post=1733"}],"curies":[{"name":"wp","href":"https:\/\/api.w.org\/{rel}","templated":true}]}}