{"id":1737,"date":"2026-01-22T15:16:23","date_gmt":"2026-01-22T18:16:23","guid":{"rendered":"https:\/\/solved.eco.br\/intranet\/?p=1737"},"modified":"2026-01-22T15:16:23","modified_gmt":"2026-01-22T18:16:23","slug":"conexao-apresenta-janeiro-branco-30-01","status":"publish","type":"post","link":"https:\/\/solved.eco.br\/intranet\/conexao-apresenta-janeiro-branco-30-01\/","title":{"rendered":"Conex\u00e3o Apresenta &#8211; Janeiro Branco &#8211; 30.01"},"content":{"rendered":"\n<figure class=\"wp-block-image size-large\"><img fetchpriority=\"high\" decoding=\"async\" width=\"819\" height=\"1024\" src=\"https:\/\/solved.eco.br\/intranet\/wp-content\/uploads\/2026\/01\/Card-_-Conexao-Apresenta_Janeiro-Branco-2026-819x1024.jpg\" alt=\"\" class=\"wp-image-1738\" srcset=\"https:\/\/solved.eco.br\/intranet\/wp-content\/uploads\/2026\/01\/Card-_-Conexao-Apresenta_Janeiro-Branco-2026-819x1024.jpg 819w, https:\/\/solved.eco.br\/intranet\/wp-content\/uploads\/2026\/01\/Card-_-Conexao-Apresenta_Janeiro-Branco-2026-240x300.jpg 240w, https:\/\/solved.eco.br\/intranet\/wp-content\/uploads\/2026\/01\/Card-_-Conexao-Apresenta_Janeiro-Branco-2026-768x960.jpg 768w, https:\/\/solved.eco.br\/intranet\/wp-content\/uploads\/2026\/01\/Card-_-Conexao-Apresenta_Janeiro-Branco-2026.jpg 1080w\" sizes=\"(max-width: 819px) 100vw, 819px\" \/><\/figure>\n\n\n\n<p>\ud83d\udc99 <strong>Cuidar de quem cuida tamb\u00e9m \u00e9 prioridade!<\/strong><\/p>\n\n\n\n<p>O <strong>Conex\u00e3o Apresenta<\/strong> inicia 2026 com uma edi\u00e7\u00e3o para o <strong>GT T\u00e9cnico da Rede Conex\u00e3o Povos da Floresta. <\/strong>Um espa\u00e7o de di\u00e1logo sobre sa\u00fade mental no cotidiano de quem atua nos territ\u00f3rios.<\/p>\n\n\n\n<p>\ud83d\udde3\ufe0f<strong> Tema:<\/strong> \u201cRotina intensa, mente saud\u00e1vel: um di\u00e1logo necess\u00e1rio\u201d<br>\ud83d\udc64 <strong>Com Fernando Cespe <\/strong>(educador popular e coordenador de educa\u00e7\u00e3o do Projeto Sa\u00fade e Alegria)<\/p>\n\n\n\n<p>\ud83d\udcc5 30 de janeiro (sexta-feira)<br>\ud83d\udd54 17h (hor\u00e1rio de Bras\u00edlia)<br>\ud83d\udccd Inscri\u00e7\u00f5es: <a href=\"http:\/\/bit.ly\/conexaojaneirobranco\">bit.ly\/conexaojaneirobranco<\/a><\/p>\n\n\n\n<p>\ud83e\udde0 Um encontro para refletir sobre equil\u00edbrio emocional e estrat\u00e9gias de cuidado em rotinas intensas.<\/p>\n\n\n\n<p>\ud83d\udce2 Encontro exclusivo para integrantes do GT T\u00e9cnico. Participem!<\/p>\n\n\n\n<p><\/p>\n","protected":false},"excerpt":{"rendered":"<p>\ud83d\udc99 Cuidar de quem cuida tamb\u00e9m \u00e9 prioridade! O Conex\u00e3o Apresenta inicia 2026 com uma edi\u00e7\u00e3o para o GT T\u00e9cnico da Rede Conex\u00e3o Povos da Floresta. Um espa\u00e7o de di\u00e1logo sobre sa\u00fade mental no cotidiano de quem atua nos territ\u00f3rios. \ud83d\udde3\ufe0f Tema: \u201cRotina intensa, mente saud\u00e1vel: um di\u00e1logo necess\u00e1rio\u201d\ud83d\udc64 Com Fernando Cespe (educador popular e [&hellip;]<\/p>\n","protected":false},"author":1,"featured_media":1739,"comment_status":"open","ping_status":"open","sticky":false,"template":"","format":"standard","meta":{"inline_featured_image":false,"footnotes":""},"categories":[1],"tags":[],"class_list":["post-1737","post","type-post","status-publish","format-standard","has-post-thumbnail","hentry","category-sem-categoria"],"_links":{"self":[{"href":"https:\/\/solved.eco.br\/intranet\/wp-json\/wp\/v2\/posts\/1737","targetHints":{"allow":["GET"]}}],"collection":[{"href":"https:\/\/solved.eco.br\/intranet\/wp-json\/wp\/v2\/posts"}],"about":[{"href":"https:\/\/solved.eco.br\/intranet\/wp-json\/wp\/v2\/types\/post"}],"author":[{"embeddable":true,"href":"https:\/\/solved.eco.br\/intranet\/wp-json\/wp\/v2\/users\/1"}],"replies":[{"embeddable":true,"href":"https:\/\/solved.eco.br\/intranet\/wp-json\/wp\/v2\/comments?post=1737"}],"version-history":[{"count":1,"href":"https:\/\/solved.eco.br\/intranet\/wp-json\/wp\/v2\/posts\/1737\/revisions"}],"predecessor-version":[{"id":1740,"href":"https:\/\/solved.eco.br\/intranet\/wp-json\/wp\/v2\/posts\/1737\/revisions\/1740"}],"wp:featuredmedia":[{"embeddable":true,"href":"https:\/\/solved.eco.br\/intranet\/wp-json\/wp\/v2\/media\/1739"}],"wp:attachment":[{"href":"https:\/\/solved.eco.br\/intranet\/wp-json\/wp\/v2\/media?parent=1737"}],"wp:term":[{"taxonomy":"category","embeddable":true,"href":"https:\/\/solved.eco.br\/intranet\/wp-json\/wp\/v2\/categories?post=1737"},{"taxonomy":"post_tag","embeddable":true,"href":"https:\/\/solved.eco.br\/intranet\/wp-json\/wp\/v2\/tags?post=1737"}],"curies":[{"name":"wp","href":"https:\/\/api.w.org\/{rel}","templated":true}]}}