{"id":1741,"date":"2026-01-22T15:19:49","date_gmt":"2026-01-22T18:19:49","guid":{"rendered":"https:\/\/solved.eco.br\/intranet\/?p=1741"},"modified":"2026-01-22T15:19:49","modified_gmt":"2026-01-22T18:19:49","slug":"semanao-de-projetos-sabedoria-digital-26-a-29-01","status":"publish","type":"post","link":"https:\/\/solved.eco.br\/intranet\/semanao-de-projetos-sabedoria-digital-26-a-29-01\/","title":{"rendered":"Seman\u00e3o de Projetos &#8211; Sabedoria Digital &#8211; 26 a 29.01"},"content":{"rendered":"\n<figure class=\"wp-block-image size-large\"><img fetchpriority=\"high\" decoding=\"async\" width=\"819\" height=\"1024\" src=\"https:\/\/solved.eco.br\/intranet\/wp-content\/uploads\/2026\/01\/WhatsApp-Image-2026-01-21-at-14.08.33-819x1024.jpeg\" alt=\"\" class=\"wp-image-1742\" srcset=\"https:\/\/solved.eco.br\/intranet\/wp-content\/uploads\/2026\/01\/WhatsApp-Image-2026-01-21-at-14.08.33-819x1024.jpeg 819w, https:\/\/solved.eco.br\/intranet\/wp-content\/uploads\/2026\/01\/WhatsApp-Image-2026-01-21-at-14.08.33-240x300.jpeg 240w, https:\/\/solved.eco.br\/intranet\/wp-content\/uploads\/2026\/01\/WhatsApp-Image-2026-01-21-at-14.08.33-768x960.jpeg 768w, https:\/\/solved.eco.br\/intranet\/wp-content\/uploads\/2026\/01\/WhatsApp-Image-2026-01-21-at-14.08.33.jpeg 1080w\" sizes=\"(max-width: 819px) 100vw, 819px\" \/><\/figure>\n\n\n\n<p><strong>Participe do SEMAN\u00c3O DE PROJETOS!<\/strong><\/p>\n\n\n\n<p>Participe do intensiv\u00e3o do <strong>Sabedoria Digital+ \u2013 exclusivo para facilitadores e comunit\u00e1rios que j\u00e1 conclu\u00edram o Curso Sabedoria Digital!<\/strong> \ud83c\udf10\ud83c\udf3f<\/p>\n\n\n\n<p>\ud83d\udc49 Garanta sua vaga:<br><a href=\"https:\/\/bit.ly\/semanaodeprojetos\">https:\/\/bit.ly\/semanaodeprojetos<\/a><\/p>\n\n\n\n<p><strong>\ud83d\udee0\ufe0f Da ideia ao projeto<br>\ud83e\udd16 Ferramentas de IA para desenvolver projetos<br>\ud83d\udcb0 Editais e capta\u00e7\u00e3o de recursos<\/strong><\/p>\n\n\n\n<p>\ud83d\udcc5<strong> Datas: <\/strong>26, 27, 28 e 29 de janeiro (segunda, ter\u00e7a, quarta e quinta)<br>\ud83d\udd53<strong> Hor\u00e1rio:<\/strong> 19h (hor\u00e1rio de Bras\u00edlia)<br>\ud83d\udccd <strong>Curso online e gratuito<\/strong><\/p>\n\n\n\n<p>\ud83c\udf31 <strong>Vamos aprofundar a conex\u00e3o entre saberes tradicionais e tecnologias, com foco na pr\u00e1tica e na realiza\u00e7\u00e3o de projetos transformadores!<\/strong><\/p>\n\n\n\n<p>\ud83d\udcac D\u00favidas? Fale com o Jo\u00e3o Cunha: (97) 98459-0059<\/p>\n\n\n\n<p><\/p>\n","protected":false},"excerpt":{"rendered":"<p>Participe do SEMAN\u00c3O DE PROJETOS! Participe do intensiv\u00e3o do Sabedoria Digital+ \u2013 exclusivo para facilitadores e comunit\u00e1rios que j\u00e1 conclu\u00edram o Curso Sabedoria Digital! \ud83c\udf10\ud83c\udf3f \ud83d\udc49 Garanta sua vaga:https:\/\/bit.ly\/semanaodeprojetos \ud83d\udee0\ufe0f Da ideia ao projeto\ud83e\udd16 Ferramentas de IA para desenvolver projetos\ud83d\udcb0 Editais e capta\u00e7\u00e3o de recursos \ud83d\udcc5 Datas: 26, 27, 28 e 29 de janeiro (segunda, [&hellip;]<\/p>\n","protected":false},"author":1,"featured_media":1743,"comment_status":"open","ping_status":"open","sticky":false,"template":"","format":"standard","meta":{"inline_featured_image":false,"footnotes":""},"categories":[15,11],"tags":[39,37],"class_list":["post-1741","post","type-post","status-publish","format-standard","has-post-thumbnail","hentry","category-educacao-e-formacao","category-noticias","tag-conexao-povos-da-floresta","tag-sabedoria-digital"],"_links":{"self":[{"href":"https:\/\/solved.eco.br\/intranet\/wp-json\/wp\/v2\/posts\/1741","targetHints":{"allow":["GET"]}}],"collection":[{"href":"https:\/\/solved.eco.br\/intranet\/wp-json\/wp\/v2\/posts"}],"about":[{"href":"https:\/\/solved.eco.br\/intranet\/wp-json\/wp\/v2\/types\/post"}],"author":[{"embeddable":true,"href":"https:\/\/solved.eco.br\/intranet\/wp-json\/wp\/v2\/users\/1"}],"replies":[{"embeddable":true,"href":"https:\/\/solved.eco.br\/intranet\/wp-json\/wp\/v2\/comments?post=1741"}],"version-history":[{"count":1,"href":"https:\/\/solved.eco.br\/intranet\/wp-json\/wp\/v2\/posts\/1741\/revisions"}],"predecessor-version":[{"id":1744,"href":"https:\/\/solved.eco.br\/intranet\/wp-json\/wp\/v2\/posts\/1741\/revisions\/1744"}],"wp:featuredmedia":[{"embeddable":true,"href":"https:\/\/solved.eco.br\/intranet\/wp-json\/wp\/v2\/media\/1743"}],"wp:attachment":[{"href":"https:\/\/solved.eco.br\/intranet\/wp-json\/wp\/v2\/media?parent=1741"}],"wp:term":[{"taxonomy":"category","embeddable":true,"href":"https:\/\/solved.eco.br\/intranet\/wp-json\/wp\/v2\/categories?post=1741"},{"taxonomy":"post_tag","embeddable":true,"href":"https:\/\/solved.eco.br\/intranet\/wp-json\/wp\/v2\/tags?post=1741"}],"curies":[{"name":"wp","href":"https:\/\/api.w.org\/{rel}","templated":true}]}}