{"id":1758,"date":"2026-02-03T11:54:02","date_gmt":"2026-02-03T14:54:02","guid":{"rendered":"https:\/\/solved.eco.br\/intranet\/?p=1758"},"modified":"2026-02-03T11:58:45","modified_gmt":"2026-02-03T14:58:45","slug":"coiab-celebra-abertura-inedita-de-vagas-para-indigenas-na-carreira-diplomatica","status":"publish","type":"post","link":"https:\/\/solved.eco.br\/intranet\/coiab-celebra-abertura-inedita-de-vagas-para-indigenas-na-carreira-diplomatica\/","title":{"rendered":"Coiab celebra abertura in\u00e9dita de vagas para ind\u00edgenas na carreira diplom\u00e1tica"},"content":{"rendered":"\n<figure class=\"wp-block-image size-full\"><img fetchpriority=\"high\" decoding=\"async\" width=\"1000\" height=\"667\" src=\"http:\/\/solved.eco.br\/intranet\/wp-content\/uploads\/2026\/02\/arquivo-indigena.jpg\" alt=\"Coiab celebra abertura in\u00e9dita de vagas para ind\u00edgenas na carreira diplom\u00e1tica\" class=\"wp-image-1759\" srcset=\"https:\/\/solved.eco.br\/intranet\/wp-content\/uploads\/2026\/02\/arquivo-indigena.jpg 1000w, https:\/\/solved.eco.br\/intranet\/wp-content\/uploads\/2026\/02\/arquivo-indigena-300x200.jpg 300w, https:\/\/solved.eco.br\/intranet\/wp-content\/uploads\/2026\/02\/arquivo-indigena-768x512.jpg 768w\" sizes=\"(max-width: 1000px) 100vw, 1000px\" \/><figcaption class=\"wp-element-caption\">Reserva hist\u00f3rica no concurso do Itamaraty marca avan\u00e7o na inclus\u00e3o de povos ind\u00edgenas na pol\u00edtica externa do pa\u00eds. (Foto: M\u00e1rio Vilela\/Funai)<\/figcaption><\/figure>\n\n\n\n<p>A Coordena\u00e7\u00e3o das Organiza\u00e7\u00f5es Ind\u00edgenas da Amaz\u00f4nia Brasileira (<a href=\"https:\/\/coiab.org.br\/nota-de-apoio-em-defesa-do-rio-tapajos-em-defesa-da-vida\/\">Coiab<\/a>)&nbsp;destaca como um marco hist\u00f3rico e simb\u00f3lico&nbsp;o lan\u00e7amento do edital do concurso para a carreira diplom\u00e1tica que, pela primeira vez na hist\u00f3ria do Brasil, reserva vagas espec\u00edficas para pessoas ind\u00edgenas no Instituto Rio Branco, porta de entrada do Itamaraty.&nbsp;<\/p>\n\n\n\n<p>A abertura de duas vagas destinadas a candidatas e candidatos ind\u00edgenas no Concurso de Admiss\u00e3o \u00e0 Carreira de Diplomata representa um marco na luta dos povos ind\u00edgenas por participa\u00e7\u00e3o efetiva nos espa\u00e7os de poder e decis\u00e3o do Estado brasileiro, especialmente em um campo estrat\u00e9gico como a pol\u00edtica externa. Trata-se de um passo in\u00e9dito rumo \u00e0 constru\u00e7\u00e3o de uma diplomacia que dialogue com a diversidade \u00e9tnica do pa\u00eds e reconhe\u00e7a os povos ind\u00edgenas como sujeitos pol\u00edticos, capazes de representar o Brasil em n\u00edvel internacional.&nbsp;<\/p>\n\n\n\n<p>Para a&nbsp;Coiab, a presen\u00e7a ind\u00edgena na diplomacia brasileira tem um significado que vai al\u00e9m do acesso a um cargo p\u00fablico. Ela fortalece a possibilidade de o Brasil levar \u00e0s mesas de negocia\u00e7\u00e3o internacional vozes diretamente comprometidas com a defesa dos territ\u00f3rios, dos direitos humanos, da sociobiodiversidade e do enfrentamento \u00e0 crise clim\u00e1tica, temas centrais para os povos ind\u00edgenas da Amaz\u00f4nia e para o futuro do planeta.&nbsp;<\/p>\n\n\n\n<p>O concurso oferece, ao todo, 60 vagas para o cargo de terceiro-secret\u00e1rio, com sal\u00e1rio inicial de R$ 22,5 mil, distribu\u00eddas tamb\u00e9m entre pol\u00edticas afirmativas voltadas a pessoas pretas e pardas, pessoas com defici\u00eancia, quilombolas e mulheres, al\u00e9m das vagas de ampla concorr\u00eancia. Essas medidas contribuem para ampliar a diversidade no servi\u00e7o diplom\u00e1tico, historicamente marcado por desigualdades de acesso.&nbsp;<\/p>\n\n\n\n<p>A&nbsp;Coiab&nbsp;destaca que a inclus\u00e3o in\u00e9dita de vagas para ind\u00edgenas no Itamaraty \u00e9 resultado de anos de mobiliza\u00e7\u00e3o, incid\u00eancia pol\u00edtica e reivindica\u00e7\u00e3o dos movimentos ind\u00edgenas, que defendem um Estado mais plural, representativo e alinhado \u00e0 realidade dos povos origin\u00e1rios. Ao mesmo tempo, o desafio agora \u00e9 garantir condi\u00e7\u00f5es reais para que candidatas e candidatos ind\u00edgenas possam disputar essas vagas, considerando as desigualdades hist\u00f3ricas de acesso \u00e0 educa\u00e7\u00e3o, \u00e0 forma\u00e7\u00e3o em l\u00ednguas estrangeiras e aos cursos preparat\u00f3rios.&nbsp;<\/p>\n\n\n\n<p>Neste momento emblem\u00e1tico, a&nbsp;Coiab&nbsp;reafirma seu compromisso com a defesa de pol\u00edticas p\u00fablicas que promovam a equidade racial e \u00e9tnica e encoraja jovens ind\u00edgenas da Amaz\u00f4nia e de todo o Brasil a ocuparem espa\u00e7os estrat\u00e9gicos, como a diplomacia, levando consigo seus saberes, territ\u00f3rios e identidades.&nbsp;<\/p>\n\n\n\n<p>A entrada de ind\u00edgenas na carreira diplom\u00e1tica n\u00e3o \u00e9 apenas uma conquista para os povos origin\u00e1rios, mas um avan\u00e7o para o pr\u00f3prio Brasil, que passa a se projetar no cen\u00e1rio internacional com maior legitimidade, diversidade e justi\u00e7a hist\u00f3rica.&nbsp;<\/p>\n\n\n\n<h4 class=\"wp-block-heading\"><strong>Concurso para Diplomata \u2013 Informa\u00e7\u00f5es do Certame<\/strong>&nbsp;<\/h4>\n\n\n\n<ul class=\"wp-block-list\">\n<li>Cargo: Terceiro-Secret\u00e1rio (in\u00edcio da carreira diplom\u00e1tica)\u00a0<\/li>\n\n\n\n<li>Total de vagas: 60\u00a0<\/li>\n\n\n\n<li>Vagas destinadas a ind\u00edgenas: 2 (pela primeira vez na hist\u00f3ria do Itamaraty)\u00a0<\/li>\n\n\n\n<li>Sal\u00e1rio inicial: R$ 22.558,56\u00a0<\/li>\n\n\n\n<li>\u00d3rg\u00e3o respons\u00e1vel: Minist\u00e9rio das Rela\u00e7\u00f5es Exteriores\u00a0<\/li>\n\n\n\n<li>Banca organizadora:\u00a0<a href=\"https:\/\/www.cebraspe.org.br\/concursos\/IRBR_26_DIPLOMACIA\">Cebraspe<\/a>\u00a0<\/li>\n\n\n\n<li>Inscri\u00e7\u00f5es: de 4 a 25 de fevereiro\u00a0<\/li>\n\n\n\n<li>Taxa de inscri\u00e7\u00e3o: R$ 229 (com possibilidade de isen\u00e7\u00e3o para inscritos no\u00a0Cad\u00danico\u00a0e doadores de medula \u00f3ssea)\u00a0<\/li>\n<\/ul>\n\n\n\n<h4 class=\"wp-block-heading\"><strong>Etapas do concurso:<\/strong>&nbsp;<\/h4>\n\n\n\n<ul class=\"wp-block-list\">\n<li>Primeira fase (objetiva): 29 de mar\u00e7o\u00a0<\/li>\n\n\n\n<li>Segunda fase (provas escritas):\u00a025 e 26 de abril;\u00a02 e 3 de maio\u00a0<\/li>\n<\/ul>\n\n\n\n<h4 class=\"wp-block-heading\"><strong>Disciplinas cobradas:<\/strong>&nbsp;<\/h4>\n\n\n\n<p>L\u00edngua Portuguesa, L\u00edngua Inglesa, Hist\u00f3ria do Brasil, Hist\u00f3ria Mundial, Geografia, Pol\u00edtica Internacional, Economia, Direito e L\u00edngua Espanhola ou Francesa.&nbsp;<\/p>\n\n\n\n<h4 class=\"wp-block-heading\"><strong>Requisitos:<\/strong>&nbsp;<\/h4>\n\n\n\n<ul class=\"wp-block-list\">\n<li>Ser brasileiro nato\u00a0<\/li>\n\n\n\n<li>Ter diploma de curso superior reconhecido pelo MEC\u00a0<\/li>\n<\/ul>\n\n\n\n<p>\u00a0Locais de prova: todas as capitais brasileiras e o Distrito Federal<\/p>\n","protected":false},"excerpt":{"rendered":"<p>A Coordena\u00e7\u00e3o das Organiza\u00e7\u00f5es Ind\u00edgenas da Amaz\u00f4nia Brasileira (Coiab)&nbsp;destaca como um marco hist\u00f3rico e simb\u00f3lico&nbsp;o lan\u00e7amento do edital do concurso para a carreira diplom\u00e1tica que, pela primeira vez na hist\u00f3ria do Brasil, reserva vagas espec\u00edficas para pessoas ind\u00edgenas no Instituto Rio Branco, porta de entrada do Itamaraty.&nbsp; A abertura de duas vagas destinadas a candidatas [&hellip;]<\/p>\n","protected":false},"author":3,"featured_media":1759,"comment_status":"open","ping_status":"open","sticky":false,"template":"","format":"standard","meta":{"inline_featured_image":false,"footnotes":""},"categories":[13],"tags":[56,57,39],"class_list":["post-1758","post","type-post","status-publish","format-standard","has-post-thumbnail","hentry","category-editais-e-oportunidades","tag-carreira-diplomatica","tag-coiab","tag-conexao-povos-da-floresta"],"_links":{"self":[{"href":"https:\/\/solved.eco.br\/intranet\/wp-json\/wp\/v2\/posts\/1758","targetHints":{"allow":["GET"]}}],"collection":[{"href":"https:\/\/solved.eco.br\/intranet\/wp-json\/wp\/v2\/posts"}],"about":[{"href":"https:\/\/solved.eco.br\/intranet\/wp-json\/wp\/v2\/types\/post"}],"author":[{"embeddable":true,"href":"https:\/\/solved.eco.br\/intranet\/wp-json\/wp\/v2\/users\/3"}],"replies":[{"embeddable":true,"href":"https:\/\/solved.eco.br\/intranet\/wp-json\/wp\/v2\/comments?post=1758"}],"version-history":[{"count":3,"href":"https:\/\/solved.eco.br\/intranet\/wp-json\/wp\/v2\/posts\/1758\/revisions"}],"predecessor-version":[{"id":1762,"href":"https:\/\/solved.eco.br\/intranet\/wp-json\/wp\/v2\/posts\/1758\/revisions\/1762"}],"wp:featuredmedia":[{"embeddable":true,"href":"https:\/\/solved.eco.br\/intranet\/wp-json\/wp\/v2\/media\/1759"}],"wp:attachment":[{"href":"https:\/\/solved.eco.br\/intranet\/wp-json\/wp\/v2\/media?parent=1758"}],"wp:term":[{"taxonomy":"category","embeddable":true,"href":"https:\/\/solved.eco.br\/intranet\/wp-json\/wp\/v2\/categories?post=1758"},{"taxonomy":"post_tag","embeddable":true,"href":"https:\/\/solved.eco.br\/intranet\/wp-json\/wp\/v2\/tags?post=1758"}],"curies":[{"name":"wp","href":"https:\/\/api.w.org\/{rel}","templated":true}]}}