{"id":838,"date":"2024-11-25T12:28:08","date_gmt":"2024-11-25T15:28:08","guid":{"rendered":"https:\/\/solved.eco.br\/intranet\/?p=838"},"modified":"2025-04-10T02:40:31","modified_gmt":"2025-04-10T05:40:31","slug":"coiab-abre-selecao-para-consultores-na-area-de-comunicacao-saiba-como-participar","status":"publish","type":"post","link":"https:\/\/solved.eco.br\/intranet\/coiab-abre-selecao-para-consultores-na-area-de-comunicacao-saiba-como-participar\/","title":{"rendered":"COIAB abre sele\u00e7\u00e3o para consultores na \u00e1rea de comunica\u00e7\u00e3o: saiba como participar"},"content":{"rendered":"\n<figure class=\"wp-block-image size-full\"><img fetchpriority=\"high\" decoding=\"async\" width=\"1000\" height=\"667\" src=\"http:\/\/solved.eco.br\/intranet\/wp-content\/uploads\/2024\/11\/TDR.webp\" alt=\"\" class=\"wp-image-839\" srcset=\"https:\/\/solved.eco.br\/intranet\/wp-content\/uploads\/2024\/11\/TDR.webp 1000w, https:\/\/solved.eco.br\/intranet\/wp-content\/uploads\/2024\/11\/TDR-300x200.webp 300w, https:\/\/solved.eco.br\/intranet\/wp-content\/uploads\/2024\/11\/TDR-768x512.webp 768w\" sizes=\"(max-width: 1000px) 100vw, 1000px\" \/><\/figure>\n\n\n\n<p class=\"has-black-color has-text-color has-link-color wp-elements-76297fd5cb444bf328323f8683b966b9\">A <strong><a href=\"https:\/\/coiab.org.br\/\">Coordena\u00e7\u00e3o das Organiza\u00e7\u00f5es Ind\u00edgenas da Amaz\u00f4nia Brasileira (COIAB)<\/a><\/strong> est\u00e1 com uma oportunidade imperd\u00edvel para profissionais de comunica\u00e7\u00e3o. A organiza\u00e7\u00e3o, que desempenha um papel essencial na defesa dos direitos dos povos ind\u00edgenas da Amaz\u00f4nia, busca consultores especializados para atuar em projetos de comunica\u00e7\u00e3o estrat\u00e9gica.<\/p>\n\n\n\n<h3 class=\"wp-block-heading\">Sobre a oportunidade<\/h3>\n\n\n\n<p>O objetivo da consultoria \u00e9 refor\u00e7ar a comunica\u00e7\u00e3o da COIAB, ampliando sua capacidade de visibilidade e articula\u00e7\u00e3o para atender \u00e0s demandas e desafios enfrentados pelos povos ind\u00edgenas da regi\u00e3o amaz\u00f4nica. A iniciativa integra esfor\u00e7os para fortalecer a luta em defesa dos territ\u00f3rios e direitos ind\u00edgenas, al\u00e9m de sensibilizar a sociedade sobre a import\u00e2ncia dessas pautas.<\/p>\n\n\n\n<p>Os profissionais selecionados ir\u00e3o colaborar em a\u00e7\u00f5es como:<\/p>\n\n\n\n<ul class=\"wp-block-list\">\n<li>Planejamento e execu\u00e7\u00e3o de estrat\u00e9gias de comunica\u00e7\u00e3o;<\/li>\n\n\n\n<li>Produ\u00e7\u00e3o de conte\u00fados informativos e mobilizadores;<\/li>\n\n\n\n<li>Suporte a campanhas e eventos promovidos pela COIAB;<\/li>\n\n\n\n<li>Capacita\u00e7\u00e3o de comunicadores ind\u00edgenas.<\/li>\n<\/ul>\n\n\n\n<h3 class=\"wp-block-heading\">Quem pode participar?<\/h3>\n\n\n\n<p>A chamada \u00e9 aberta a profissionais com experi\u00eancia comprovada em comunica\u00e7\u00e3o, especialmente em contextos relacionados aos direitos ind\u00edgenas, sustentabilidade e advocacy. Tamb\u00e9m \u00e9 fundamental que os interessados tenham afinidade com os valores da COIAB e compromisso com as causas ind\u00edgenas.<\/p>\n\n\n\n<h3 class=\"wp-block-heading\">Inscri\u00e7\u00e3o<\/h3>\n\n\n\n<p>Os interessados devem enviar suas propostas seguindo as orienta\u00e7\u00f5es descritas no <strong>Termo de Refer\u00eancia<\/strong>, dispon\u00edvel no site oficial da COIAB. As inscri\u00e7\u00f5es est\u00e3o abertas at\u00e9 o dia <strong>30 de novembro de 2024<\/strong>.<\/p>\n\n\n\n<p>Este \u00e9 um convite para profissionais que desejam fazer a diferen\u00e7a e contribuir ativamente para a prote\u00e7\u00e3o da Amaz\u00f4nia e de seus povos.<\/p>\n\n\n\n<p><strong>Quer saber mais?<\/strong><br>Acesse o site da COIAB e confira todos os detalhes: <a href=\"https:\/\/coiab.org.br\">https:\/\/coiab.org.br<\/a>.<\/p>\n","protected":false},"excerpt":{"rendered":"<p>A Coordena\u00e7\u00e3o das Organiza\u00e7\u00f5es Ind\u00edgenas da Amaz\u00f4nia Brasileira (COIAB) est\u00e1 com uma oportunidade imperd\u00edvel para profissionais de comunica\u00e7\u00e3o. A organiza\u00e7\u00e3o, que desempenha um papel essencial na defesa dos direitos dos povos ind\u00edgenas da Amaz\u00f4nia, busca consultores especializados para atuar em projetos de comunica\u00e7\u00e3o estrat\u00e9gica. Sobre a oportunidade O objetivo da consultoria \u00e9 refor\u00e7ar a comunica\u00e7\u00e3o [&hellip;]<\/p>\n","protected":false},"author":1,"featured_media":839,"comment_status":"open","ping_status":"open","sticky":false,"template":"","format":"standard","meta":{"inline_featured_image":false,"footnotes":""},"categories":[13,11],"tags":[],"class_list":["post-838","post","type-post","status-publish","format-standard","has-post-thumbnail","hentry","category-editais-e-oportunidades","category-noticias"],"_links":{"self":[{"href":"https:\/\/solved.eco.br\/intranet\/wp-json\/wp\/v2\/posts\/838","targetHints":{"allow":["GET"]}}],"collection":[{"href":"https:\/\/solved.eco.br\/intranet\/wp-json\/wp\/v2\/posts"}],"about":[{"href":"https:\/\/solved.eco.br\/intranet\/wp-json\/wp\/v2\/types\/post"}],"author":[{"embeddable":true,"href":"https:\/\/solved.eco.br\/intranet\/wp-json\/wp\/v2\/users\/1"}],"replies":[{"embeddable":true,"href":"https:\/\/solved.eco.br\/intranet\/wp-json\/wp\/v2\/comments?post=838"}],"version-history":[{"count":3,"href":"https:\/\/solved.eco.br\/intranet\/wp-json\/wp\/v2\/posts\/838\/revisions"}],"predecessor-version":[{"id":1216,"href":"https:\/\/solved.eco.br\/intranet\/wp-json\/wp\/v2\/posts\/838\/revisions\/1216"}],"wp:featuredmedia":[{"embeddable":true,"href":"https:\/\/solved.eco.br\/intranet\/wp-json\/wp\/v2\/media\/839"}],"wp:attachment":[{"href":"https:\/\/solved.eco.br\/intranet\/wp-json\/wp\/v2\/media?parent=838"}],"wp:term":[{"taxonomy":"category","embeddable":true,"href":"https:\/\/solved.eco.br\/intranet\/wp-json\/wp\/v2\/categories?post=838"},{"taxonomy":"post_tag","embeddable":true,"href":"https:\/\/solved.eco.br\/intranet\/wp-json\/wp\/v2\/tags?post=838"}],"curies":[{"name":"wp","href":"https:\/\/api.w.org\/{rel}","templated":true}]}}