{"id":893,"date":"2024-11-25T15:30:55","date_gmt":"2024-11-25T18:30:55","guid":{"rendered":"https:\/\/solved.eco.br\/intranet\/?p=893"},"modified":"2025-04-10T02:41:56","modified_gmt":"2025-04-10T05:41:56","slug":"mulheres-indigenas-do-rio-negro-lancam-livreto-sobre-enfrentamento-a-violencia-de-genero","status":"publish","type":"post","link":"https:\/\/solved.eco.br\/intranet\/mulheres-indigenas-do-rio-negro-lancam-livreto-sobre-enfrentamento-a-violencia-de-genero\/","title":{"rendered":"Mulheres ind\u00edgenas do Rio Negro lan\u00e7am livreto sobre enfrentamento \u00e0 viol\u00eancia de g\u00eanero"},"content":{"rendered":"<div class=\"wp-block-image\">\n<figure class=\"aligncenter size-large\"><img fetchpriority=\"high\" decoding=\"async\" width=\"1024\" height=\"768\" src=\"http:\/\/solved.eco.br\/intranet\/wp-content\/uploads\/2024\/11\/MULHERES-RIONEGRINAS-NO-LANCAMENGTO-DO-LIVRETO-VANESSA-F.-RODA-DE-CONVERSA-11-1024x768.webp\" alt=\"\" class=\"wp-image-894\" srcset=\"https:\/\/solved.eco.br\/intranet\/wp-content\/uploads\/2024\/11\/MULHERES-RIONEGRINAS-NO-LANCAMENGTO-DO-LIVRETO-VANESSA-F.-RODA-DE-CONVERSA-11-1024x768.webp 1024w, https:\/\/solved.eco.br\/intranet\/wp-content\/uploads\/2024\/11\/MULHERES-RIONEGRINAS-NO-LANCAMENGTO-DO-LIVRETO-VANESSA-F.-RODA-DE-CONVERSA-11-300x225.webp 300w, https:\/\/solved.eco.br\/intranet\/wp-content\/uploads\/2024\/11\/MULHERES-RIONEGRINAS-NO-LANCAMENGTO-DO-LIVRETO-VANESSA-F.-RODA-DE-CONVERSA-11-768x576.webp 768w, https:\/\/solved.eco.br\/intranet\/wp-content\/uploads\/2024\/11\/MULHERES-RIONEGRINAS-NO-LANCAMENGTO-DO-LIVRETO-VANESSA-F.-RODA-DE-CONVERSA-11.webp 1200w\" sizes=\"(max-width: 1024px) 100vw, 1024px\" \/><\/figure>\n<\/div>\n\n\n<p>Mulheres ind\u00edgenas do Rio Negro se reuniram na Casa do Saber da Federa\u00e7\u00e3o das Organiza\u00e7\u00f5es Ind\u00edgenas do Rio Negro (Foirn) na noite do dia 11 de novembro para o lan\u00e7amento do livreto&nbsp;<a href=\"https:\/\/acervo.socioambiental.org\/acervo\/publicacoes-isa\/cuidados-e-prevencao-no-enfrentamento-violencia-contra-mulheres-no-rio-negro\"><em>Cuidados e preven\u00e7\u00e3o no enfrentamento \u00e0 viol\u00eancia contra mulheres no Rio Negro<\/em><\/a>. Um material informativo constru\u00eddo a muitas m\u00e3os a partir de di\u00e1logos e reflex\u00f5es sobre g\u00eanero e viol\u00eancias ocorridas&nbsp; entre as mulheres rionegrinas das diversas etnias da regi\u00e3o.<\/p>\n\n\n\n<p>A publica\u00e7\u00e3o est\u00e1&nbsp;<a href=\"https:\/\/acervo.socioambiental.org\/acervo\/publicacoes-isa\/cuidados-e-prevencao-no-enfrentamento-violencia-contra-mulheres-no-rio-negro\">dispon\u00edvel no acervo do ISA para download gratuito<\/a>&nbsp;e foi organizada pelo Departamento de Mulheres Ind\u00edgenas do Rio Negro (DMIRN) da&nbsp; Federa\u00e7\u00e3o das Organiza\u00e7\u00f5es Ind\u00edgenas do Rio Negro (Foirn), em parceria com o Programa Rio Negro do Instituto Socioambiental (ISA) e a Faculdade de Sa\u00fade P\u00fablica da USP.<\/p>\n\n\n\n<p>A cerim\u00f4nia de lan\u00e7amento, realizada durante a programa\u00e7\u00e3o do II M\u00f3dulo de Forma\u00e7\u00e3o de Promotoras Legais Populares Ind\u00edgenas, foi marcada por uma apresenta\u00e7\u00e3o de canto e dan\u00e7a tradicional das mulheres representantes da Coordenadoria das Organiza\u00e7\u00f5es Ind\u00edgenas do Distrito de Iauaret\u00ea (Coidi), seguida de uma roda de conversa entre as participantes e representantes de institui\u00e7\u00f5es parceiras.<\/p>\n\n\n\n<h5 class=\"wp-block-heading has-medium-font-size\">Promotoras Legais Populares Ind\u00edgenas<\/h5>\n\n\n\n<p>Trata-se de um espa\u00e7o de forma\u00e7\u00e3o destinado \u00e0s lideran\u00e7as comunit\u00e1rias ind\u00edgenas e ensina conhecimentos te\u00f3ricos e pr\u00e1ticos sobre as leis e direitos das mulheres, a fim de promover di\u00e1logos que levem em considera\u00e7\u00e3o os contextos e especificidades locais, possibilitando que estas mulheres possam se tornar replicadoras desses conhecimentos em suas organiza\u00e7\u00f5es e comunidades. O segundo m\u00f3dulo em S\u00e3o Gabriel da Cachoeira, promovido pelo DMIRN em parceria com o ISA e a Faculdade de Sa\u00fade P\u00fablica da USP, ocorreu de 11 a 13 de novembro.<\/p>\n\n\n\n<p>Em sua fala inicial, Cleocimara Reis Gomes, coordenadora do DMIRN, explicou que a elabora\u00e7\u00e3o da publica\u00e7\u00e3o e toda a sua escrita foi pensada para tornar acess\u00edvel especialmente \u00e0s mulheres de base que t\u00eam dificuldade com o portugu\u00eas.<\/p>\n\n\n\n<p>A regi\u00e3o do Rio Negro abriga povos de 23 etnias e tr\u00eas l\u00edngas cooficiais (baniwa, nheengatu e tukano). \u201cA gente tentou facilitar tamb\u00e9m nas palavras para que a gente pudesse deixar que as pessoas entendam o que est\u00e1 dentro desse livro\u201d, disse Cleocimara Gomes.<\/p>\n\n\n\n<p>Dividido em tr\u00eas partes, o livreto faz um resgate das atividades colaborativas realizadas ao longo dos \u00faltimos cinco anos na regi\u00e3o, trazendo uma caracteriza\u00e7\u00e3o das viol\u00eancias contra mulheres a n\u00edvel local e um resumo das discuss\u00f5es e reflex\u00f5es geradas a partir do I M\u00f3dulo de Promotoras Legais Populares Ind\u00edgenas, realizado no munic\u00edpio em 2021.<\/p>\n\n\n\n<p>Em um segundo momento, a publica\u00e7\u00e3o apresenta estrat\u00e9gias utilizadas pelas mulheres ind\u00edgenas rionegrinas no enfrentamento \u00e0s viol\u00eancias, em conson\u00e2ncia com os aparelhos p\u00fablicos dispon\u00edveis, em especial na sede do munic\u00edpio de S\u00e3o Gabriel da Cachoeira, para den\u00fancias dos casos e acolhimento \u00e0s v\u00edtimas.&nbsp;<\/p>\n\n\n\n<p>Eliz\u00e2ngela da Silva Costa, Bar\u00e9, lideran\u00e7a ind\u00edgena com origem em Cu\u00e9 Cu\u00e9 Marabitanas, e doutoranda pela Faculdade de Sa\u00fade P\u00fablica da USP, \u00e9 uma das respons\u00e1veis pela escrita do livreto e refor\u00e7ou, durante o lan\u00e7amento, sobre a import\u00e2ncia dos conhecimentos tradicionais no enfrentamento \u00e0 viol\u00eancia dom\u00e9stica, al\u00e9m do uso de uma linguagem acess\u00edvel, trazendo as informa\u00e7\u00f5es para o contexto vivenciado pelas mulheres e homens em suas comunidades.<\/p>\n\n\n\n<p>\u201cEsse livro foi escrito com um olhar do meu dia a dia. E, \u00e0s vezes, a gente quer aprender mais leis, leis, leis, s\u00f3 que aquelas leis [ocidentais] n\u00e3o est\u00e3o diariamente com a gente dentro do nosso territ\u00f3rio. O que est\u00e1 diariamente com a gente \u00e9 as nossas plantas, \u00e9 as nossas ro\u00e7as, \u00e9 a margem dos nossos rios, eles que ajudam a gente a curar as nossas viv\u00eancias do dia a dia\u201d, refletiu Eliz\u00e2ngela Bar\u00e9. Segundo ela, os espa\u00e7os de di\u00e1logos com as novas gera\u00e7\u00f5es precisam ser resgatados para que os ensinamentos sejam repassados e n\u00e3o se percam no tempo.<\/p>\n\n\n\n<p>O uso das plantas para ch\u00e1s, banhos e outros feitios tradicionais com o intuito de \u201camansar o marido\u201d, contra mau olhado e outras quest\u00f5es que afetam o bem-estar e as rela\u00e7\u00f5es delas no \u00e2mbito da fam\u00edlia e da comunidade, ressaltou, tamb\u00e9m precisam estar entre as estrat\u00e9gias de cuidado das mulheres ind\u00edgenas no enfrentamento \u00e0 viol\u00eancia, assim como sua sustentabilidade e autonomia por meio das artes, dos artesanatos e da agricultura como forma de gera\u00e7\u00e3o de renda.<\/p>\n\n\n\n<p>A \u00faltima parte da publica\u00e7\u00e3o \u00e9 dedicada a orientar a facilita\u00e7\u00e3o de rodas de conversa sobre as viol\u00eancias enfrentadas por mulheres ind\u00edgenas do Rio Negro. Carla Dias, antrop\u00f3loga do ISA e uma das escritoras e organizadoras da cartilha, destacou a relev\u00e2ncia do trabalho coletivo registrado e promovido pelo livreto. Segundo ela, a iniciativa responde \u00e0s demandas de lideran\u00e7as femininas que reconhecem a import\u00e2ncia de aprofundar o entendimento sobre as viol\u00eancias de g\u00eanero, mas enfrentam desafios para abordar o tema e dar in\u00edcio a a\u00e7\u00f5es como rodas de conversa voltadas para cuidados, direitos e enfrentamento \u00e0 viol\u00eancia.<\/p>\n\n\n\n<p>Segundo a antrop\u00f3loga, o material tamb\u00e9m busca registrar e fortalecer estrat\u00e9gias de cuidado, preven\u00e7\u00e3o e enfrentamento \u00e0 viol\u00eancia contra as mulheres, al\u00e9m de incentivar o di\u00e1logo. O objetivo \u00e9 assegurar que essas pr\u00e1ticas sejam ampliadas e alcancem as comunidades de base, especialmente em um territ\u00f3rio t\u00e3o extenso e diverso como o do Rio Negro.<\/p>\n\n\n<div class=\"wp-block-image\">\n<figure class=\"aligncenter\"><img decoding=\"async\" src=\"https:\/\/www.socioambiental.org\/sites\/default\/files\/styles\/large\/public\/2024-11\/capa_page-0001%20%281%29.jpg?itok=nxxNO9L9\" alt=\"capa do livreto\" \/><figcaption class=\"wp-element-caption\"><a href=\"https:\/\/acervo.socioambiental.org\/acervo\/publicacoes-isa\/cuidados-e-prevencao-no-enfrentamento-violencia-contra-mulheres-no-rio-negro\"><em>Baixe o livro clicando aqui<\/em><\/a><\/figcaption><\/figure>\n<\/div>\n\n\n<p>\u201cQue esse livro possa ser uma ferramenta de apoio para as lideran\u00e7as rionegrinas, ampliando o alcance e a produ\u00e7\u00e3o das estrat\u00e9gias de cuidados de voc\u00eas [mulheres]. De cuidados com voc\u00eas mesmas, de cuidados com as fam\u00edlias. Estrat\u00e9gias que voc\u00eas t\u00eam ali \u00e0 m\u00e3o, para que combinadas \u00e0s responsabilidades e pol\u00edticas do Estado voc\u00eas possam viver bem\u201d, salientou Carla Dias.<\/p>\n\n\n\n<p>A import\u00e2ncia do trabalho coletivo e dos diversos processos, parcerias e trabalhos realizados pelo Departamento de Mulheres tamb\u00e9m \u00e9 salientado pela antrop\u00f3loga Dulce Morais, do ISA, na elabora\u00e7\u00e3o do material.<\/p>\n\n\n\n<p>\u201cA condu\u00e7\u00e3o de rodas de conversas, as pesquisas documentais realizadas em institui\u00e7\u00f5es do Estado, oficinas, forma\u00e7\u00f5es e publica\u00e7\u00f5es foram fundamentais para a participa\u00e7\u00e3o das mulheres ind\u00edgenas, as trocas de conhecimentos e, finalmente, o desenvolvimento do livro\u201d, disse ela, que tamb\u00e9m contribuiu com a escrita do livro.<\/p>\n\n\n\n<p>Outro destaque da publica\u00e7\u00e3o s\u00e3o as ilustra\u00e7\u00f5es originais, criadas pela artista e graduanda do curso artes visuais na Unicamp Larissa Ye\u2019padiho Mota Duarte, do povo Tukano.<\/p>\n\n\n\n<p>Ela tamb\u00e9m ilustrou a cartilha&nbsp;<a href=\"https:\/\/acervo.socioambiental.org\/acervo\/publicacoes-isa\/cuidados-com-o-uso-de-bebidas-alcoolicas-na-regiao-do-rio-negro?utm_source=isa&amp;utm_medium=&amp;utm_campaign=\">Cuidados com o uso de bebidas alco\u00f3licas na regi\u00e3o do Rio Negro<\/a>, lan\u00e7ada em fevereiro de 2024 e desenvolvida pelo ISA e Departamento de Adolescentes e Jovens Ind\u00edgenas do Rio Negro (DAJIRN) da Foirn, em pareceira com o DMIRN.&nbsp;<\/p>\n\n\n\n<p>Como lideran\u00e7a e ex-coordenadora do Departamento de Mulheres, ela conta que na \u00e9poca de elabora\u00e7\u00e3o dos&nbsp;<a href=\"https:\/\/pgtas.foirn.org.br\/\">Planos de Gest\u00e3o Territorial e Ambiental (PGTAs) das Terras Ind\u00edgenas do Rio Negro<\/a>, percorreu o territ\u00f3rio e conheceu diversas mulheres e realidades. Os encontros com outras mulheres ao longo do caminho a inspiraram na hora de desenvolver o trabalho.<\/p>\n\n\n\n<p>\u201cDesenhar \u00e9 tamb\u00e9m uma forma de escrever uma hist\u00f3ria, um sentimento, uma luta, uma resist\u00eancia, um registro dos nossos conhecimentos tradicionais, art\u00edsticos e ancestrais. Eu tentei fazer todas voc\u00eas [mulheres] atrav\u00e9s do desenho\u201d, afirmou Larissa Duarte.<\/p>\n\n\n\n<p>Para&nbsp; Edneia Teles, do povo Arapa\u00e7o, diretora da Secretaria Municipal de Juventude Esporte e Lazer (SEMJEL), a miss\u00e3o foi cumprida com sucesso. \u201cEu achei lindo, parecido com a gente. Fui logo buscar quem tinha feito. Pra mim, foi in\u00e9dito isso, porque geralmente quem faz isso s\u00e3o os cari\u00faas [n\u00e3o ind\u00edgena\/branco em nheengatu ]. A\u00ed, quando a gente foi vendo, eu falei pra minha colega \u2018isso aqui est\u00e1 lindo\u2019\u201d, relatou.<\/p>\n\n\n\n<p>Ela ressaltou a linguagem acess\u00edvel do livro e sua utilidade para o compartilhamento de informa\u00e7\u00f5es. \u201cTamb\u00e9m vamos levar essa mensagem para outras mulheres que n\u00e3o t\u00eam esse conhecimento, compartilhar o que tem nesse livro atrav\u00e9s de fotos e das palavras colocadas nele\u201d, finalizou.<\/p>\n\n\n\n<p>O professor Jos\u00e9 Miguel Olivar da Faculdade de Sa\u00fade P\u00fablica, e Janete Alves Desana, vice-presidente da Foirn, completam o time de escrita e organiza\u00e7\u00e3o do material. O projeto gr\u00e1fico e a diagrama\u00e7\u00e3o s\u00e3o da designer e ilustradora Kath Xapi Puri.<\/p>\n\n\n\n<p><em><a href=\"https:\/\/www.socioambiental.org\/noticias-socioambientais\/mulheres-indigenas-do-rio-negro-lancam-livreto-sobre-enfrentamento\">(via Instituto Socioambiental)<\/a><\/em><\/p>\n","protected":false},"excerpt":{"rendered":"<p>Mulheres ind\u00edgenas do Rio Negro se reuniram na Casa do Saber da Federa\u00e7\u00e3o das Organiza\u00e7\u00f5es Ind\u00edgenas do Rio Negro (Foirn) na noite do dia 11 de novembro para o lan\u00e7amento do livreto&nbsp;Cuidados e preven\u00e7\u00e3o no enfrentamento \u00e0 viol\u00eancia contra mulheres no Rio Negro. Um material informativo constru\u00eddo a muitas m\u00e3os a partir de di\u00e1logos e [&hellip;]<\/p>\n","protected":false},"author":1,"featured_media":894,"comment_status":"open","ping_status":"open","sticky":false,"template":"","format":"standard","meta":{"inline_featured_image":false,"footnotes":""},"categories":[15,11,19],"tags":[],"class_list":["post-893","post","type-post","status-publish","format-standard","has-post-thumbnail","hentry","category-educacao-e-formacao","category-noticias","category-saude-e-bem-viver"],"_links":{"self":[{"href":"https:\/\/solved.eco.br\/intranet\/wp-json\/wp\/v2\/posts\/893","targetHints":{"allow":["GET"]}}],"collection":[{"href":"https:\/\/solved.eco.br\/intranet\/wp-json\/wp\/v2\/posts"}],"about":[{"href":"https:\/\/solved.eco.br\/intranet\/wp-json\/wp\/v2\/types\/post"}],"author":[{"embeddable":true,"href":"https:\/\/solved.eco.br\/intranet\/wp-json\/wp\/v2\/users\/1"}],"replies":[{"embeddable":true,"href":"https:\/\/solved.eco.br\/intranet\/wp-json\/wp\/v2\/comments?post=893"}],"version-history":[{"count":2,"href":"https:\/\/solved.eco.br\/intranet\/wp-json\/wp\/v2\/posts\/893\/revisions"}],"predecessor-version":[{"id":896,"href":"https:\/\/solved.eco.br\/intranet\/wp-json\/wp\/v2\/posts\/893\/revisions\/896"}],"wp:featuredmedia":[{"embeddable":true,"href":"https:\/\/solved.eco.br\/intranet\/wp-json\/wp\/v2\/media\/894"}],"wp:attachment":[{"href":"https:\/\/solved.eco.br\/intranet\/wp-json\/wp\/v2\/media?parent=893"}],"wp:term":[{"taxonomy":"category","embeddable":true,"href":"https:\/\/solved.eco.br\/intranet\/wp-json\/wp\/v2\/categories?post=893"},{"taxonomy":"post_tag","embeddable":true,"href":"https:\/\/solved.eco.br\/intranet\/wp-json\/wp\/v2\/tags?post=893"}],"curies":[{"name":"wp","href":"https:\/\/api.w.org\/{rel}","templated":true}]}}